{"id":639,"date":"2014-11-25T16:36:43","date_gmt":"2014-11-25T15:36:43","guid":{"rendered":"http:\/\/blocs.xtec.cat\/santjuliainf\/?p=639"},"modified":"2015-11-16T23:20:35","modified_gmt":"2015-11-16T22:20:35","slug":"celebrem-la-castanyada-a-p3","status":"publish","type":"post","link":"https:\/\/agora.xtec.cat\/escolasantjulia\/general\/celebrem-la-castanyada-a-p3\/","title":{"rendered":"Celebrem la Castanyada a P3"},"content":{"rendered":"<p>HEM CELEBRAT LA FESTA DE LA CASTANYADA I ENS HO HEM PASSAT MOLT B\u00c9!! DIJOUS  VAM FER PANELLETS AMB L\u2019AJUDA D\u2019ALGUNES MAMES. DIVENDRES AL MAT\u00cd VAM TALLAR PA, HI VAM POSAR OLI I SUCRE I ENS HO VAM MENJAR.  TAMB\u00c9 VAM TASTAR ELS PANELLETS DEL DIA ANTERIOR I ALTRES RECEPTES QUE VAN CUINAR TOTS ELS NENS DE L\u2019ESCOLA.<br \/>\nA LA TARDA ENS VAM VENIR DISFRESSATS DE  CASTANYERS I CASTANYERES I ENS VA VENIR A VEURE LA CASTANYERA. LI VAM BALLAR LA SEVA CAN\u00c7\u00d3 I EN AGRA\u00cfMENT LA CASTANYERA ENS VA DONAR CASTANYES TORRADES!! QUE BONES QUE ESTAVEN!!<\/p>\n<div style=\"width:480px;text-align:right;\"><embed width=\"480\" height=\"360\" src=\"http:\/\/pic2.pbsrc.com\/flash\/rss_slideshow.swf\" flashvars=\"rssFeed=http%3A%2F%2Ffeed120.photobucket.com%2Falbums%2Fo172%2Fsantjuliainf%2F2014-15%2FFESTES%2FCASTANYADA%25202014%2FCASTANYADA%2520P3%2Ffeed.rss\" type=\"application\/x-shockwave-flash\" wmode=\"transparent\" \/><a href=\"javascript:void(0);\" target=\"_blank\"><img decoding=\"async\" src=\"http:\/\/pic.photobucket.com\/share\/icons\/embed\/btn_geturs.gif\" style=\"border:none;\" \/><\/a><a href=\"http:\/\/s120.photobucket.com\/user\/santjuliainf\/library\/2014-15\/FESTES\/CASTANYADA%202014\/CASTANYADA%20P3\" target=\"_blank\"><img decoding=\"async\" src=\"http:\/\/pic.photobucket.com\/share\/icons\/embed\/btn_viewall.gif\" style=\"border:none;\" alt=\"santjuliainf&#039;s CASTANYADA P3 album on Photobucket\" \/><\/a><\/div>\n<p><iframe loading=\"lazy\" width=\"420\" height=\"315\" src=\"\/\/www.youtube.com\/embed\/PTmy6YNszrg\" frameborder=\"0\" allowfullscreen><\/iframe><\/p>\n<p>LES NOSTRES DANSES!!<\/p>\n<p><iframe loading=\"lazy\" width=\"360\" height=\"270\" src=\"\/\/www.youtube.com\/embed\/Y8SyKS3ohGU\" frameborder=\"0\" allowfullscreen><\/iframe> <iframe loading=\"lazy\" width=\"360\" height=\"270\" src=\"\/\/www.youtube.com\/embed\/7GFnrRVTETo\" frameborder=\"0\" allowfullscreen><\/iframe><\/p>\n","protected":false},"excerpt":{"rendered":"<p>HEM CELEBRAT LA FESTA DE LA CASTANYADA I ENS HO HEM PASSAT MOLT B\u00c9!! DIJOUS VAM FER PANELLETS AMB L\u2019AJUDA D\u2019ALGUNES MAMES. DIVENDRES AL MAT\u00cd VAM TALLAR PA, HI VAM POSAR OLI I SUCRE I ENS HO VAM MENJAR. TAMB\u00c9 VAM TASTAR ELS PANELLETS DEL DIA ANTERIOR I ALTRES RECEPTES QUE VAN CUINAR TOTS ELS [&hellip;]<\/p>\n","protected":false},"author":1,"featured_media":0,"comment_status":"open","ping_status":"open","sticky":false,"template":"","format":"standard","meta":{"_bbp_topic_count":0,"_bbp_reply_count":0,"_bbp_total_topic_count":0,"_bbp_total_reply_count":0,"_bbp_voice_count":0,"_bbp_anonymous_reply_count":0,"_bbp_topic_count_hidden":0,"_bbp_reply_count_hidden":0,"_bbp_forum_subforum_count":0,"site-sidebar-layout":"default","site-content-layout":"","ast-site-content-layout":"","site-content-style":"default","site-sidebar-style":"default","ast-global-header-display":"","ast-banner-title-visibility":"","ast-main-header-display":"","ast-hfb-above-header-display":"","ast-hfb-below-header-display":"","ast-hfb-mobile-header-display":"","site-post-title":"","ast-breadcrumbs-content":"","ast-featured-img":"","footer-sml-layout":"","theme-transparent-header-meta":"","adv-header-id-meta":"","stick-header-meta":"","header-above-stick-meta":"","header-main-stick-meta":"","header-below-stick-meta":"","astra-migrate-meta-layouts":"default","ast-page-background-enabled":"default","ast-page-background-meta":{"desktop":{"background-color":"var(--ast-global-color-4)","background-image":"","background-repeat":"repeat","background-position":"center center","background-size":"auto","background-attachment":"scroll","background-type":"","background-media":"","overlay-type":"","overlay-color":"","overlay-opacity":"","overlay-gradient":""},"tablet":{"background-color":"","background-image":"","background-repeat":"repeat","background-position":"center center","background-size":"auto","background-attachment":"scroll","background-type":"","background-media":"","overlay-type":"","overlay-color":"","overlay-opacity":"","overlay-gradient":""},"mobile":{"background-color":"","background-image":"","background-repeat":"repeat","background-position":"center center","background-size":"auto","background-attachment":"scroll","background-type":"","background-media":"","overlay-type":"","overlay-color":"","overlay-opacity":"","overlay-gradient":""}},"ast-content-background-meta":{"desktop":{"background-color":"var(--ast-global-color-5)","background-image":"","background-repeat":"repeat","background-position":"center center","background-size":"auto","background-attachment":"scroll","background-type":"","background-media":"","overlay-type":"","overlay-color":"","overlay-opacity":"","overlay-gradient":""},"tablet":{"background-color":"var(--ast-global-color-5)","background-image":"","background-repeat":"repeat","background-position":"center center","background-size":"auto","background-attachment":"scroll","background-type":"","background-media":"","overlay-type":"","overlay-color":"","overlay-opacity":"","overlay-gradient":""},"mobile":{"background-color":"var(--ast-global-color-5)","background-image":"","background-repeat":"repeat","background-position":"center center","background-size":"auto","background-attachment":"scroll","background-type":"","background-media":"","overlay-type":"","overlay-color":"","overlay-opacity":"","overlay-gradient":""}},"footnotes":""},"categories":[209,1,2],"tags":[59,99],"class_list":["post-639","post","type-post","status-publish","format-standard","hentry","category-festes-i-celebracions","category-general","category-infantil","tag-castanyada","tag-festa"],"post_mailing_queue_ids":[],"_links":{"self":[{"href":"https:\/\/agora.xtec.cat\/escolasantjulia\/wp-json\/wp\/v2\/posts\/639","targetHints":{"allow":["GET"]}}],"collection":[{"href":"https:\/\/agora.xtec.cat\/escolasantjulia\/wp-json\/wp\/v2\/posts"}],"about":[{"href":"https:\/\/agora.xtec.cat\/escolasantjulia\/wp-json\/wp\/v2\/types\/post"}],"author":[{"embeddable":true,"href":"https:\/\/agora.xtec.cat\/escolasantjulia\/wp-json\/wp\/v2\/users\/1"}],"replies":[{"embeddable":true,"href":"https:\/\/agora.xtec.cat\/escolasantjulia\/wp-json\/wp\/v2\/comments?post=639"}],"version-history":[{"count":1,"href":"https:\/\/agora.xtec.cat\/escolasantjulia\/wp-json\/wp\/v2\/posts\/639\/revisions"}],"predecessor-version":[{"id":2058,"href":"https:\/\/agora.xtec.cat\/escolasantjulia\/wp-json\/wp\/v2\/posts\/639\/revisions\/2058"}],"wp:attachment":[{"href":"https:\/\/agora.xtec.cat\/escolasantjulia\/wp-json\/wp\/v2\/media?parent=639"}],"wp:term":[{"taxonomy":"category","embeddable":true,"href":"https:\/\/agora.xtec.cat\/escolasantjulia\/wp-json\/wp\/v2\/categories?post=639"},{"taxonomy":"post_tag","embeddable":true,"href":"https:\/\/agora.xtec.cat\/escolasantjulia\/wp-json\/wp\/v2\/tags?post=639"}],"curies":[{"name":"wp","href":"https:\/\/api.w.org\/{rel}","templated":true}]}}