{"id":5903,"date":"2025-12-10T13:03:33","date_gmt":"2025-12-10T12:03:33","guid":{"rendered":"https:\/\/agora.xtec.cat\/escolasantjulia\/?p=5903"},"modified":"2025-12-10T13:07:26","modified_gmt":"2025-12-10T12:07:26","slug":"els-drets-dels-infants","status":"publish","type":"post","link":"https:\/\/agora.xtec.cat\/escolasantjulia\/portada\/els-drets-dels-infants\/","title":{"rendered":"DIA UNIVERSAL DELS DRETS DELS INFANTS"},"content":{"rendered":"<p style=\"text-align: justify;\" data-start=\"192\" data-end=\"555\">Des de l\u2019Espai M\u00f3n, l\u2019aula d\u2019acollida de la nostra escola, hem treballat el <strong>Dia Universal dels Drets dels Infants<\/strong>.<\/p>\n<p style=\"text-align: justify;\" data-start=\"192\" data-end=\"555\">Al llarg de la setmana hem conegut i reflexionat sobre els drets fonamentals que tenen tots els nens i nenes del m\u00f3n: <em>el dret a l\u2019educaci\u00f3, a la salut, a ser protegits, a tenir una fam\u00edlia i a ser escoltats, entre molts altres.<\/em><\/p>\n<p style=\"text-align: justify;\" data-start=\"557\" data-end=\"846\">A trav\u00e9s de contes, v\u00eddeos i activitats vivencials, l\u2019alumnat nouvingut ha pogut compartir experi\u00e8ncies, expressar-se i comprendre la import\u00e0ncia de respectar i defensar aquests drets. Tamb\u00e9 hem fet petites din\u00e0miques per identificar quins drets tenim garantits i quins encara cal reivindicar.<\/p>\n<p style=\"text-align: justify;\" data-start=\"848\" data-end=\"955\">Ha estat una experi\u00e8ncia enriquidora que <strong>ens ajuda a cr\u00e9ixer en respecte, conviv\u00e8ncia i consci\u00e8ncia global<\/strong>.<\/p>\n<p data-start=\"848\" data-end=\"955\"><a href=\"https:\/\/agora.xtec.cat\/escolasantjulia\/wp-content\/uploads\/usu423\/2025\/12\/WhatsApp-Image-2025-12-10-at-12.58.46.jpeg\"><img loading=\"lazy\" decoding=\"async\" class=\"alignnone size-large wp-image-5908\" src=\"https:\/\/agora.xtec.cat\/escolasantjulia\/wp-content\/uploads\/usu423\/2025\/12\/WhatsApp-Image-2025-12-10-at-12.58.46-1024x774.jpeg\" alt=\"\" width=\"1024\" height=\"774\" srcset=\"https:\/\/agora.xtec.cat\/escolasantjulia\/wp-content\/uploads\/usu423\/2025\/12\/WhatsApp-Image-2025-12-10-at-12.58.46-1024x774.jpeg 1024w, https:\/\/agora.xtec.cat\/escolasantjulia\/wp-content\/uploads\/usu423\/2025\/12\/WhatsApp-Image-2025-12-10-at-12.58.46-300x227.jpeg 300w, https:\/\/agora.xtec.cat\/escolasantjulia\/wp-content\/uploads\/usu423\/2025\/12\/WhatsApp-Image-2025-12-10-at-12.58.46-768x580.jpeg 768w, https:\/\/agora.xtec.cat\/escolasantjulia\/wp-content\/uploads\/usu423\/2025\/12\/WhatsApp-Image-2025-12-10-at-12.58.46-1536x1161.jpeg 1536w, https:\/\/agora.xtec.cat\/escolasantjulia\/wp-content\/uploads\/usu423\/2025\/12\/WhatsApp-Image-2025-12-10-at-12.58.46-2048x1548.jpeg 2048w\" sizes=\"auto, (max-width: 1024px) 100vw, 1024px\" \/><\/a><\/p>\n","protected":false},"excerpt":{"rendered":"<p>Des de l\u2019Espai M\u00f3n, l\u2019aula d\u2019acollida de la nostra escola, hem treballat el Dia Universal dels Drets dels Infants. Al llarg de la setmana hem conegut i reflexionat sobre els drets fonamentals que tenen tots els nens i nenes del m\u00f3n: el dret a l\u2019educaci\u00f3, a la salut, a ser protegits, a tenir una fam\u00edlia [&hellip;]<\/p>\n","protected":false},"author":57,"featured_media":5908,"comment_status":"open","ping_status":"open","sticky":false,"template":"","format":"standard","meta":{"_bbp_topic_count":0,"_bbp_reply_count":0,"_bbp_total_topic_count":0,"_bbp_total_reply_count":0,"_bbp_voice_count":0,"_bbp_anonymous_reply_count":0,"_bbp_topic_count_hidden":0,"_bbp_reply_count_hidden":0,"_bbp_forum_subforum_count":0,"site-sidebar-layout":"default","site-content-layout":"","ast-site-content-layout":"default","site-content-style":"default","site-sidebar-style":"default","ast-global-header-display":"","ast-banner-title-visibility":"","ast-main-header-display":"","ast-hfb-above-header-display":"","ast-hfb-below-header-display":"","ast-hfb-mobile-header-display":"","site-post-title":"","ast-breadcrumbs-content":"","ast-featured-img":"","footer-sml-layout":"","theme-transparent-header-meta":"default","adv-header-id-meta":"","stick-header-meta":"","header-above-stick-meta":"","header-main-stick-meta":"","header-below-stick-meta":"","astra-migrate-meta-layouts":"set","ast-page-background-enabled":"default","ast-page-background-meta":{"desktop":{"background-color":"var(--ast-global-color-4)","background-image":"","background-repeat":"repeat","background-position":"center center","background-size":"auto","background-attachment":"scroll","background-type":"","background-media":"","overlay-type":"","overlay-color":"","overlay-opacity":"","overlay-gradient":""},"tablet":{"background-color":"","background-image":"","background-repeat":"repeat","background-position":"center center","background-size":"auto","background-attachment":"scroll","background-type":"","background-media":"","overlay-type":"","overlay-color":"","overlay-opacity":"","overlay-gradient":""},"mobile":{"background-color":"","background-image":"","background-repeat":"repeat","background-position":"center center","background-size":"auto","background-attachment":"scroll","background-type":"","background-media":"","overlay-type":"","overlay-color":"","overlay-opacity":"","overlay-gradient":""}},"ast-content-background-meta":{"desktop":{"background-color":"var(--ast-global-color-5)","background-image":"","background-repeat":"repeat","background-position":"center center","background-size":"auto","background-attachment":"scroll","background-type":"","background-media":"","overlay-type":"","overlay-color":"","overlay-opacity":"","overlay-gradient":""},"tablet":{"background-color":"var(--ast-global-color-5)","background-image":"","background-repeat":"repeat","background-position":"center center","background-size":"auto","background-attachment":"scroll","background-type":"","background-media":"","overlay-type":"","overlay-color":"","overlay-opacity":"","overlay-gradient":""},"mobile":{"background-color":"var(--ast-global-color-5)","background-image":"","background-repeat":"repeat","background-position":"center center","background-size":"auto","background-attachment":"scroll","background-type":"","background-media":"","overlay-type":"","overlay-color":"","overlay-opacity":"","overlay-gradient":""}},"footnotes":""},"categories":[367,538,537,4],"tags":[],"class_list":["post-5903","post","type-post","status-publish","format-standard","has-post-thumbnail","hentry","category-aula-dacollida","category-aula-dacollida-curs-2025-26","category-curs-2025-26","category-portada"],"post_mailing_queue_ids":[],"_links":{"self":[{"href":"https:\/\/agora.xtec.cat\/escolasantjulia\/wp-json\/wp\/v2\/posts\/5903","targetHints":{"allow":["GET"]}}],"collection":[{"href":"https:\/\/agora.xtec.cat\/escolasantjulia\/wp-json\/wp\/v2\/posts"}],"about":[{"href":"https:\/\/agora.xtec.cat\/escolasantjulia\/wp-json\/wp\/v2\/types\/post"}],"author":[{"embeddable":true,"href":"https:\/\/agora.xtec.cat\/escolasantjulia\/wp-json\/wp\/v2\/users\/57"}],"replies":[{"embeddable":true,"href":"https:\/\/agora.xtec.cat\/escolasantjulia\/wp-json\/wp\/v2\/comments?post=5903"}],"version-history":[{"count":3,"href":"https:\/\/agora.xtec.cat\/escolasantjulia\/wp-json\/wp\/v2\/posts\/5903\/revisions"}],"predecessor-version":[{"id":5919,"href":"https:\/\/agora.xtec.cat\/escolasantjulia\/wp-json\/wp\/v2\/posts\/5903\/revisions\/5919"}],"wp:featuredmedia":[{"embeddable":true,"href":"https:\/\/agora.xtec.cat\/escolasantjulia\/wp-json\/wp\/v2\/media\/5908"}],"wp:attachment":[{"href":"https:\/\/agora.xtec.cat\/escolasantjulia\/wp-json\/wp\/v2\/media?parent=5903"}],"wp:term":[{"taxonomy":"category","embeddable":true,"href":"https:\/\/agora.xtec.cat\/escolasantjulia\/wp-json\/wp\/v2\/categories?post=5903"},{"taxonomy":"post_tag","embeddable":true,"href":"https:\/\/agora.xtec.cat\/escolasantjulia\/wp-json\/wp\/v2\/tags?post=5903"}],"curies":[{"name":"wp","href":"https:\/\/api.w.org\/{rel}","templated":true}]}}