{"id":562,"date":"2014-03-10T11:59:29","date_gmt":"2014-03-10T10:59:29","guid":{"rendered":"http:\/\/blocs.xtec.cat\/santjuliainf\/?p=562"},"modified":"2015-11-16T23:28:04","modified_gmt":"2015-11-16T22:28:04","slug":"dimecres-de-cendra","status":"publish","type":"post","link":"https:\/\/agora.xtec.cat\/escolasantjulia\/general\/dimecres-de-cendra\/","title":{"rendered":"DIMECRES DE CENDRA"},"content":{"rendered":"<p>ELS NENS I NENES DELS ULL DE LLEBRE, VAM CELEBRAR EL DIMECRES DE CENDRA: AL MAT\u00cd VAM ANAR A LA PEIXATERIA A COMPRAR SARDINES, PER\u00d2 NO EN QUEDAVEN, NOM\u00c9S UNA ARENGADA, PER\u00d2 LA PEIXATERA ENS VA EXPLICAR QUE L\u2019ARENGADA \u00c9S LA SARDINA SALADA, AIX\u00cd QUE EN VAM COMPRAR UNA.<br \/>\nDESPR\u00c9S VAM ANAR A UNA ALTRE PEIXATERIA I ALL\u00c0 SI QUE TENIEN SARDINES. LES VAM COMPRAR I ENS LES VAM EMPORTAR A L\u2019AULA.<br \/>\nALL\u00c0 LES VAM ESTAR OBSERVANT PER FORA I PER DINS. VAM MIRAR PER ON RESPIRAVEN, PERQU\u00c8 NO TENEN NAS!!!, VAM OBRIR LA BOCA PER VEURE SI TENIEN DENTS, I LES VAM OBRIR PER VEURE QU\u00c8 HI HAVIA A DINS. ELS PEIXOS NO TENEN OSSOS PER\u00d2 TENEN ESPINES! VAM TASTAR LES ARENGADES! A ALGUNS ENS VAN AGRADAR MOLT I VAM REPETIR, PER\u00d2 A D&#8217;ALTRES&#8230;<br \/>\nA LA TARDA LES VAM VESTIR I LES VAM CREMAR AMB EL REI CARNESTOLTES!<\/p>\n<div style=\"width:480px;text-align:right;\"><embed width=\"480\" height=\"360\" src=\"http:\/\/pic2.pbsrc.com\/flash\/rss_slideshow.swf\" flashvars=\"rssFeed=http%3A%2F%2Ffeed120.photobucket.com%2Falbums%2Fo172%2Fsantjuliainf%2FP3A%2FDimecres%2520de%2520cendra%2Ffeed.rss\" type=\"application\/x-shockwave-flash\" wmode=\"transparent\" \/><a href=\"javascript:void(0);\" target=\"_blank\"><img decoding=\"async\" src=\"http:\/\/pic.photobucket.com\/share\/icons\/embed\/btn_geturs.gif\" style=\"border:none;\" \/><\/a><a href=\"http:\/\/s120.photobucket.com\/user\/santjuliainf\/library\/P3A\/Dimecres%20de%20cendra\" target=\"_blank\"><img decoding=\"async\" src=\"http:\/\/pic.photobucket.com\/share\/icons\/embed\/btn_viewall.gif\" style=\"border:none;\" alt=\"santjuliainf&#039;s Dimecres de cendra album on Photobucket\" \/><\/a><\/div>\n","protected":false},"excerpt":{"rendered":"<p>ELS NENS I NENES DELS ULL DE LLEBRE, VAM CELEBRAR EL DIMECRES DE CENDRA: AL MAT\u00cd VAM ANAR A LA PEIXATERIA A COMPRAR SARDINES, PER\u00d2 NO EN QUEDAVEN, NOM\u00c9S UNA ARENGADA, PER\u00d2 LA PEIXATERA ENS VA EXPLICAR QUE L\u2019ARENGADA \u00c9S LA SARDINA SALADA, AIX\u00cd QUE EN VAM COMPRAR UNA. DESPR\u00c9S VAM ANAR A UNA ALTRE [&hellip;]<\/p>\n","protected":false},"author":1,"featured_media":0,"comment_status":"open","ping_status":"open","sticky":false,"template":"","format":"standard","meta":{"_bbp_topic_count":0,"_bbp_reply_count":0,"_bbp_total_topic_count":0,"_bbp_total_reply_count":0,"_bbp_voice_count":0,"_bbp_anonymous_reply_count":0,"_bbp_topic_count_hidden":0,"_bbp_reply_count_hidden":0,"_bbp_forum_subforum_count":0,"site-sidebar-layout":"default","site-content-layout":"","ast-site-content-layout":"","site-content-style":"default","site-sidebar-style":"default","ast-global-header-display":"","ast-banner-title-visibility":"","ast-main-header-display":"","ast-hfb-above-header-display":"","ast-hfb-below-header-display":"","ast-hfb-mobile-header-display":"","site-post-title":"","ast-breadcrumbs-content":"","ast-featured-img":"","footer-sml-layout":"","theme-transparent-header-meta":"","adv-header-id-meta":"","stick-header-meta":"","header-above-stick-meta":"","header-main-stick-meta":"","header-below-stick-meta":"","astra-migrate-meta-layouts":"default","ast-page-background-enabled":"default","ast-page-background-meta":{"desktop":{"background-color":"var(--ast-global-color-4)","background-image":"","background-repeat":"repeat","background-position":"center center","background-size":"auto","background-attachment":"scroll","background-type":"","background-media":"","overlay-type":"","overlay-color":"","overlay-opacity":"","overlay-gradient":""},"tablet":{"background-color":"","background-image":"","background-repeat":"repeat","background-position":"center center","background-size":"auto","background-attachment":"scroll","background-type":"","background-media":"","overlay-type":"","overlay-color":"","overlay-opacity":"","overlay-gradient":""},"mobile":{"background-color":"","background-image":"","background-repeat":"repeat","background-position":"center center","background-size":"auto","background-attachment":"scroll","background-type":"","background-media":"","overlay-type":"","overlay-color":"","overlay-opacity":"","overlay-gradient":""}},"ast-content-background-meta":{"desktop":{"background-color":"var(--ast-global-color-5)","background-image":"","background-repeat":"repeat","background-position":"center center","background-size":"auto","background-attachment":"scroll","background-type":"","background-media":"","overlay-type":"","overlay-color":"","overlay-opacity":"","overlay-gradient":""},"tablet":{"background-color":"var(--ast-global-color-5)","background-image":"","background-repeat":"repeat","background-position":"center center","background-size":"auto","background-attachment":"scroll","background-type":"","background-media":"","overlay-type":"","overlay-color":"","overlay-opacity":"","overlay-gradient":""},"mobile":{"background-color":"var(--ast-global-color-5)","background-image":"","background-repeat":"repeat","background-position":"center center","background-size":"auto","background-attachment":"scroll","background-type":"","background-media":"","overlay-type":"","overlay-color":"","overlay-opacity":"","overlay-gradient":""}},"footnotes":""},"categories":[209,1,2,34],"tags":[58,220,99,213],"class_list":["post-562","post","type-post","status-publish","format-standard","hentry","category-festes-i-celebracions","category-general","category-infantil","category-sortides","tag-carnaval","tag-carnestoltes","tag-festa","tag-sortida"],"post_mailing_queue_ids":[],"_links":{"self":[{"href":"https:\/\/agora.xtec.cat\/escolasantjulia\/wp-json\/wp\/v2\/posts\/562","targetHints":{"allow":["GET"]}}],"collection":[{"href":"https:\/\/agora.xtec.cat\/escolasantjulia\/wp-json\/wp\/v2\/posts"}],"about":[{"href":"https:\/\/agora.xtec.cat\/escolasantjulia\/wp-json\/wp\/v2\/types\/post"}],"author":[{"embeddable":true,"href":"https:\/\/agora.xtec.cat\/escolasantjulia\/wp-json\/wp\/v2\/users\/1"}],"replies":[{"embeddable":true,"href":"https:\/\/agora.xtec.cat\/escolasantjulia\/wp-json\/wp\/v2\/comments?post=562"}],"version-history":[{"count":1,"href":"https:\/\/agora.xtec.cat\/escolasantjulia\/wp-json\/wp\/v2\/posts\/562\/revisions"}],"predecessor-version":[{"id":2052,"href":"https:\/\/agora.xtec.cat\/escolasantjulia\/wp-json\/wp\/v2\/posts\/562\/revisions\/2052"}],"wp:attachment":[{"href":"https:\/\/agora.xtec.cat\/escolasantjulia\/wp-json\/wp\/v2\/media?parent=562"}],"wp:term":[{"taxonomy":"category","embeddable":true,"href":"https:\/\/agora.xtec.cat\/escolasantjulia\/wp-json\/wp\/v2\/categories?post=562"},{"taxonomy":"post_tag","embeddable":true,"href":"https:\/\/agora.xtec.cat\/escolasantjulia\/wp-json\/wp\/v2\/tags?post=562"}],"curies":[{"name":"wp","href":"https:\/\/api.w.org\/{rel}","templated":true}]}}