{"id":539,"date":"2014-02-09T21:25:13","date_gmt":"2014-02-09T21:25:13","guid":{"rendered":"http:\/\/blocs.xtec.cat\/santjuliainf\/?p=539"},"modified":"2015-11-16T23:28:23","modified_gmt":"2015-11-16T22:28:23","slug":"sortida-al-teatre-els-3-porquets","status":"publish","type":"post","link":"https:\/\/agora.xtec.cat\/escolasantjulia\/general\/sortida-al-teatre-els-3-porquets\/","title":{"rendered":"SORTIDA AL TEATRE: ELS 3 PORQUETS"},"content":{"rendered":"<p>EL PASSAT DIMECRES 29 DE GENER VAM ANAR D\u2019EXCURSI\u00d3 A VILAFRANCA. VAM ANAR A VEURE UNA OBRA BEN ORIGINAL DELS TRES PORQUETS. ELS TRES PORQUETS TENIEN UN GRUP DE M\u00daSICA DE JAZZ, EL PETIT TOCAVA EL PIANO, EL MITJ\u00c0 LA GUITARRA, I EL GRAN LA TROMPETA. EL LLOP, EL LUPO, ERA AMIC DELS TRES PORQUETS, PER\u00d2 LI AGRADAVA M\u00c9S LA RUMBA!!! VOLIA SER EL CANTAT DEL GRUP, PER\u00d2 COM QUE ELS PORQUETS NO VAN VOLER FITXAR-LO, ES VA ENFADAR I ES VA VOLER MENJAR ELS TRES PORQUETS\u2026 AL FINAL VAN FER LES PAUS I VAN CREAR UN GRUP TOTS QUATRE.<\/p>\n<div style=\"width:480px;text-align:right;\"><embed width=\"480\" height=\"360\" src=\"http:\/\/pic2.pbsrc.com\/flash\/rss_slideshow.swf\" flashvars=\"rssFeed=http%3A%2F%2Ffeed120.photobucket.com%2Falbums%2Fo172%2Fsantjuliainf%2FSortides%2FTeatre%2520Vilafranca%2FTeatre%2Ffeed.rss\" type=\"application\/x-shockwave-flash\" wmode=\"transparent\" \/><a href=\"javascript:void(0);\" target=\"_blank\"><img decoding=\"async\" src=\"http:\/\/pic.photobucket.com\/share\/icons\/embed\/btn_geturs.gif\" style=\"border:none;\" \/><\/a><a href=\"http:\/\/s120.photobucket.com\/user\/santjuliainf\/library\/Sortides\/Teatre%20Vilafranca\/Teatre\" target=\"_blank\"><img decoding=\"async\" src=\"http:\/\/pic.photobucket.com\/share\/icons\/embed\/btn_viewall.gif\" style=\"border:none;\" alt=\"santjuliainf&#039;s Teatre album on Photobucket\" \/><\/a><\/div>\n<p>QUAN ES VA ACABAR L\u2019OBRA DE TEATRE, QUE ENS VA AGRADAR MOLT, VAM ANAR A ESMORZAR TOTS JUNTS A LA PLA\u00c7A PENED\u00c8S.<br \/>\nDESPR\u00c9S VAM ANAR CAMINANT FINS ALS BOMBERS, QUE ESTAVA UNA MICA LLUNY. UN COP ALL\u00c0, EL JORDI, UN BOMBER, ENS VA ATENDRE I ENS VA ENSENYAR TOT EL QUE HI HAVIA AL CAMI\u00d3 DELS BOMBERS: LES M\u00c0NEGUES, ELS EXTINTORS, LES SERRES, LES M\u00c0SCARES PEL FUM\u2026 ENS VA AGRADAR MOLT\u00cdSSIM! I TAMB\u00c9 ENS VAN DEIXAR PUJAR AL CAMI\u00d3!!! MIREU MIREU!!! <\/p>\n<div style=\"width:480px;text-align:right;\"><embed width=\"480\" height=\"360\" src=\"http:\/\/pic2.pbsrc.com\/flash\/rss_slideshow.swf\" flashvars=\"rssFeed=http%3A%2F%2Ffeed120.photobucket.com%2Falbums%2Fo172%2Fsantjuliainf%2FSortides%2FTeatre%2520Vilafranca%2FBombers%2Ffeed.rss\" type=\"application\/x-shockwave-flash\" wmode=\"transparent\" \/><a href=\"javascript:void(0);\" target=\"_blank\"><img decoding=\"async\" src=\"http:\/\/pic.photobucket.com\/share\/icons\/embed\/btn_geturs.gif\" style=\"border:none;\" \/><\/a><a href=\"http:\/\/s120.photobucket.com\/user\/santjuliainf\/library\/Sortides\/Teatre%20Vilafranca\/Bombers\" target=\"_blank\"><img decoding=\"async\" src=\"http:\/\/pic.photobucket.com\/share\/icons\/embed\/btn_viewall.gif\" style=\"border:none;\" alt=\"santjuliainf&#039;s Bombers album on Photobucket\" \/><\/a><\/div>\n<p>DESPR\u00c9S VAM ANAR UNA ESTONA  A LA PLA\u00c7A PAU CASALS A JUGAR UNA ESTONA!! ENS VA AGRADAR MOLT TOT EL QUE HI HAVIA! TAMB\u00c9 VAM VEURE UNS CANARIS EN G\u00c0BIES QUE ELS TREIEN A CANTAR! PER ACABAR AQUEST DIA TANT DIVERTIT VAM DINAR TOTS JUNTS!!<br \/>\nENS HO VAM PASSAR TANT B\u00c9,QUE VAM ACABAR MOLT CANSATS!!! I ALGUNS FINS I TOT ENS VAM ADORMIR A L\u2019AUTOCAR DE TORNADA A L\u2019ESCOLA.<\/p>\n<div style=\"width:480px;text-align:right;\"><embed width=\"480\" height=\"360\" src=\"http:\/\/pic2.pbsrc.com\/flash\/rss_slideshow.swf\" flashvars=\"rssFeed=http%3A%2F%2Ffeed120.photobucket.com%2Falbums%2Fo172%2Fsantjuliainf%2FSortides%2FTeatre%2520Vilafranca%2FParc%2Ffeed.rss\" type=\"application\/x-shockwave-flash\" wmode=\"transparent\" \/><a href=\"javascript:void(0);\" target=\"_blank\"><img decoding=\"async\" src=\"http:\/\/pic.photobucket.com\/share\/icons\/embed\/btn_geturs.gif\" style=\"border:none;\" \/><\/a><a href=\"http:\/\/s120.photobucket.com\/user\/santjuliainf\/library\/Sortides\/Teatre%20Vilafranca\/Parc\" target=\"_blank\"><img decoding=\"async\" src=\"http:\/\/pic.photobucket.com\/share\/icons\/embed\/btn_viewall.gif\" style=\"border:none;\" alt=\"santjuliainf&#039;s Parc album on Photobucket\" \/><\/a><\/div>\n","protected":false},"excerpt":{"rendered":"<p>EL PASSAT DIMECRES 29 DE GENER VAM ANAR D\u2019EXCURSI\u00d3 A VILAFRANCA. VAM ANAR A VEURE UNA OBRA BEN ORIGINAL DELS TRES PORQUETS. ELS TRES PORQUETS TENIEN UN GRUP DE M\u00daSICA DE JAZZ, EL PETIT TOCAVA EL PIANO, EL MITJ\u00c0 LA GUITARRA, I EL GRAN LA TROMPETA. EL LLOP, EL LUPO, ERA AMIC DELS TRES PORQUETS, [&hellip;]<\/p>\n","protected":false},"author":1,"featured_media":0,"comment_status":"open","ping_status":"open","sticky":false,"template":"","format":"standard","meta":{"_bbp_topic_count":0,"_bbp_reply_count":0,"_bbp_total_topic_count":0,"_bbp_total_reply_count":0,"_bbp_voice_count":0,"_bbp_anonymous_reply_count":0,"_bbp_topic_count_hidden":0,"_bbp_reply_count_hidden":0,"_bbp_forum_subforum_count":0,"site-sidebar-layout":"default","site-content-layout":"","ast-site-content-layout":"","site-content-style":"default","site-sidebar-style":"default","ast-global-header-display":"","ast-banner-title-visibility":"","ast-main-header-display":"","ast-hfb-above-header-display":"","ast-hfb-below-header-display":"","ast-hfb-mobile-header-display":"","site-post-title":"","ast-breadcrumbs-content":"","ast-featured-img":"","footer-sml-layout":"","theme-transparent-header-meta":"","adv-header-id-meta":"","stick-header-meta":"","header-above-stick-meta":"","header-main-stick-meta":"","header-below-stick-meta":"","astra-migrate-meta-layouts":"default","ast-page-background-enabled":"default","ast-page-background-meta":{"desktop":{"background-color":"var(--ast-global-color-4)","background-image":"","background-repeat":"repeat","background-position":"center center","background-size":"auto","background-attachment":"scroll","background-type":"","background-media":"","overlay-type":"","overlay-color":"","overlay-opacity":"","overlay-gradient":""},"tablet":{"background-color":"","background-image":"","background-repeat":"repeat","background-position":"center center","background-size":"auto","background-attachment":"scroll","background-type":"","background-media":"","overlay-type":"","overlay-color":"","overlay-opacity":"","overlay-gradient":""},"mobile":{"background-color":"","background-image":"","background-repeat":"repeat","background-position":"center center","background-size":"auto","background-attachment":"scroll","background-type":"","background-media":"","overlay-type":"","overlay-color":"","overlay-opacity":"","overlay-gradient":""}},"ast-content-background-meta":{"desktop":{"background-color":"var(--ast-global-color-5)","background-image":"","background-repeat":"repeat","background-position":"center center","background-size":"auto","background-attachment":"scroll","background-type":"","background-media":"","overlay-type":"","overlay-color":"","overlay-opacity":"","overlay-gradient":""},"tablet":{"background-color":"var(--ast-global-color-5)","background-image":"","background-repeat":"repeat","background-position":"center center","background-size":"auto","background-attachment":"scroll","background-type":"","background-media":"","overlay-type":"","overlay-color":"","overlay-opacity":"","overlay-gradient":""},"mobile":{"background-color":"var(--ast-global-color-5)","background-image":"","background-repeat":"repeat","background-position":"center center","background-size":"auto","background-attachment":"scroll","background-type":"","background-media":"","overlay-type":"","overlay-color":"","overlay-opacity":"","overlay-gradient":""}},"footnotes":""},"categories":[1,34],"tags":[213,177],"class_list":["post-539","post","type-post","status-publish","format-standard","hentry","category-general","category-sortides","tag-sortida","tag-teatre"],"post_mailing_queue_ids":[],"_links":{"self":[{"href":"https:\/\/agora.xtec.cat\/escolasantjulia\/wp-json\/wp\/v2\/posts\/539","targetHints":{"allow":["GET"]}}],"collection":[{"href":"https:\/\/agora.xtec.cat\/escolasantjulia\/wp-json\/wp\/v2\/posts"}],"about":[{"href":"https:\/\/agora.xtec.cat\/escolasantjulia\/wp-json\/wp\/v2\/types\/post"}],"author":[{"embeddable":true,"href":"https:\/\/agora.xtec.cat\/escolasantjulia\/wp-json\/wp\/v2\/users\/1"}],"replies":[{"embeddable":true,"href":"https:\/\/agora.xtec.cat\/escolasantjulia\/wp-json\/wp\/v2\/comments?post=539"}],"version-history":[{"count":1,"href":"https:\/\/agora.xtec.cat\/escolasantjulia\/wp-json\/wp\/v2\/posts\/539\/revisions"}],"predecessor-version":[{"id":2109,"href":"https:\/\/agora.xtec.cat\/escolasantjulia\/wp-json\/wp\/v2\/posts\/539\/revisions\/2109"}],"wp:attachment":[{"href":"https:\/\/agora.xtec.cat\/escolasantjulia\/wp-json\/wp\/v2\/media?parent=539"}],"wp:term":[{"taxonomy":"category","embeddable":true,"href":"https:\/\/agora.xtec.cat\/escolasantjulia\/wp-json\/wp\/v2\/categories?post=539"},{"taxonomy":"post_tag","embeddable":true,"href":"https:\/\/agora.xtec.cat\/escolasantjulia\/wp-json\/wp\/v2\/tags?post=539"}],"curies":[{"name":"wp","href":"https:\/\/api.w.org\/{rel}","templated":true}]}}