{"id":4729,"date":"2022-12-13T22:39:45","date_gmt":"2022-12-13T21:39:45","guid":{"rendered":"https:\/\/agora.xtec.cat\/escolasantjulia\/?p=4729"},"modified":"2022-12-13T23:00:20","modified_gmt":"2022-12-13T22:00:20","slug":"proa","status":"publish","type":"post","link":"https:\/\/agora.xtec.cat\/escolasantjulia\/general\/proa\/","title":{"rendered":"PROA+"},"content":{"rendered":"<p style=\"text-align: center;\"><a href=\"https:\/\/www.educacionyfp.gob.es\/mc\/sgctie\/cooperacion-territorial\/programas-cooperacion\/proa.html\" target=\"_blank\" rel=\"attachment noopener wp-att-4722\"><img loading=\"lazy\" decoding=\"async\" class=\"wp-image-4722 size-full alignnone\" src=\"https:\/\/agora.xtec.cat\/escolasantjulia\/wp-content\/uploads\/usu423\/2022\/12\/logo-proa-.png-768x263-1-e1670967916132.png\" alt=\"\" width=\"300\" height=\"103\" \/><\/a><\/p>\n<p dir=\"ltr\" data-placeholder=\"Traducci\u00f3n\"><span class=\"Y2IQFc\" lang=\"ca\">Us informem que el nostre centre s\u2019ha incorporat al programa PROA+ des d\u2019aquest curs i fins el 2024.<\/span><\/p>\n<p class=\"tw-data-text tw-text-large tw-ta\" dir=\"ltr\" data-placeholder=\"Traducci\u00f3n\"><span class=\"Y2IQFc\" lang=\"ca\">Aquest programa de tres cursos de durada forma part d\u2019un projecte m\u00e9s gran PROA+ 20-27 que t\u00e9 com a objectiu general enfortir i refor\u00e7ar els centres docents per compensar l\u2019impacte de la COVID-19.<\/span><\/p>\n<p class=\"tw-data-text tw-text-large tw-ta\" dir=\"ltr\" data-placeholder=\"Traducci\u00f3n\"><span class=\"Y2IQFc\" lang=\"ca\">Es pret\u00e9n que els centres puguin proporcionar a aquest alumnat els refor\u00e7os necessaris per millorar el seu benestar i reduir el retard educatiu, mitjan\u00e7ant la cura de l\u2019acolliment i les transicions entre etapes, la concentraci\u00f3 de l\u2019ensenyament en les compet\u00e8ncies i els aprenentatges essencials, promovent l\u2019enriquiment educatiu amb especial atenci\u00f3 a l\u2019alumnat m\u00e9s vulnerable.<\/span><\/p>\n<p><strong>Principis pedag\u00f2gics PROA<\/strong>+<\/p>\n<p>El programa PROA+ es basa en els principis pedag\u00f2gics seg\u00fcents recollits a la LOMLOE:<\/p>\n<ul>\n<li><strong>Equitat, que garanteixi la igualtat d\u2019oportunitats<\/strong><\/li>\n<li><strong>Evitar la segregaci\u00f3 al acc\u00e9s i en la din\u00e0mica interna dels centres<\/strong><\/li>\n<li><strong>Educaci\u00f3 inclusiva, com a principi fonamental<\/strong><\/li>\n<li><strong>Expectatives positives sobre les possibilitats d\u2019\u00e8xit de tot l\u2019alumnat<\/strong><\/li>\n<li><strong>Acompanyament i orientaci\u00f3<\/strong><\/li>\n<li><strong>Rellev\u00e0ncia de l\u2019educaci\u00f3 no cognitiva (socioemocional)\u00a0<\/strong>per als aprenentatges i el benestar futur<\/li>\n<li><strong>La consideraci\u00f3 del coneixement acumulat<\/strong>\u00a0per a la millora cont\u00ednua del proc\u00e9s d\u2019ensenyament- aprenentatge<\/li>\n<\/ul>\n<p class=\"tw-data-text tw-text-large tw-ta\" dir=\"ltr\" data-placeholder=\"Traducci\u00f3n\">Aquest programa va acompanyat d\u2019una dotaci\u00f3 econ\u00f2mica per portar a terme les activitats palanca per a l\u2019assoliment dels objectius.<\/p>\n<p dir=\"ltr\" data-placeholder=\"Traducci\u00f3n\">El programa compta amb el suport de<\/p>\n<p dir=\"ltr\" data-placeholder=\"Traducci\u00f3n\"><a href=\"https:\/\/agora.xtec.cat\/escolasantjulia\/pagines-dinici\/pagina-dinici-buida\/attachment\/mefp\/\" rel=\"attachment wp-att-4723\"><img loading=\"lazy\" decoding=\"async\" class=\"wp-image-4723 alignnone\" src=\"https:\/\/agora.xtec.cat\/escolasantjulia\/wp-content\/uploads\/usu423\/2022\/12\/mefp.png\" alt=\"\" width=\"264\" height=\"66\" srcset=\"https:\/\/agora.xtec.cat\/escolasantjulia\/wp-content\/uploads\/usu423\/2022\/12\/mefp.png 640w, https:\/\/agora.xtec.cat\/escolasantjulia\/wp-content\/uploads\/usu423\/2022\/12\/mefp-300x75.png 300w\" sizes=\"auto, (max-width: 264px) 100vw, 264px\" \/><\/a> <a href=\"https:\/\/agora.xtec.cat\/escolasantjulia\/pagines-dinici\/pagina-dinici-buida\/attachment\/logo-prtr-dos-l-neas-color-jpg\/\" rel=\"attachment wp-att-4724\"><img loading=\"lazy\" decoding=\"async\" class=\"alignnone wp-image-4724\" src=\"https:\/\/agora.xtec.cat\/escolasantjulia\/wp-content\/uploads\/usu423\/2022\/12\/logo-prtr-dos-l-neas-color.jpg.jpg\" alt=\"\" width=\"264\" height=\"61\" srcset=\"https:\/\/agora.xtec.cat\/escolasantjulia\/wp-content\/uploads\/usu423\/2022\/12\/logo-prtr-dos-l-neas-color.jpg.jpg 576w, https:\/\/agora.xtec.cat\/escolasantjulia\/wp-content\/uploads\/usu423\/2022\/12\/logo-prtr-dos-l-neas-color.jpg-300x69.jpg 300w\" sizes=\"auto, (max-width: 264px) 100vw, 264px\" \/><\/a> <a href=\"https:\/\/agora.xtec.cat\/escolasantjulia\/pagines-dinici\/pagina-dinici-buida\/attachment\/es-financiado-por-la-uni-n-europea-pantone-jpg\/\" rel=\"attachment wp-att-4725\"><img loading=\"lazy\" decoding=\"async\" class=\"wp-image-4725 alignnone\" src=\"https:\/\/agora.xtec.cat\/escolasantjulia\/wp-content\/uploads\/usu423\/2022\/12\/es-financiado-por-la-uni-n-europea-pantone.jpg.jpg\" alt=\"\" width=\"235\" height=\"62\" srcset=\"https:\/\/agora.xtec.cat\/escolasantjulia\/wp-content\/uploads\/usu423\/2022\/12\/es-financiado-por-la-uni-n-europea-pantone.jpg.jpg 576w, https:\/\/agora.xtec.cat\/escolasantjulia\/wp-content\/uploads\/usu423\/2022\/12\/es-financiado-por-la-uni-n-europea-pantone.jpg-300x79.jpg 300w\" sizes=\"auto, (max-width: 235px) 100vw, 235px\" \/><\/a><\/p>\n","protected":false},"excerpt":{"rendered":"<p>Us informem que el nostre centre s\u2019ha incorporat al programa PROA+ des d\u2019aquest curs i fins el 2024. Aquest programa de tres cursos de durada forma part d\u2019un projecte m\u00e9s gran PROA+ 20-27 que t\u00e9 com a objectiu general enfortir i refor\u00e7ar els centres docents per compensar l\u2019impacte de la COVID-19. Es pret\u00e9n que els [&hellip;]<\/p>\n","protected":false},"author":1,"featured_media":4722,"comment_status":"open","ping_status":"closed","sticky":false,"template":"","format":"standard","meta":{"_bbp_topic_count":0,"_bbp_reply_count":0,"_bbp_total_topic_count":0,"_bbp_total_reply_count":0,"_bbp_voice_count":0,"_bbp_anonymous_reply_count":0,"_bbp_topic_count_hidden":0,"_bbp_reply_count_hidden":0,"_bbp_forum_subforum_count":0,"site-sidebar-layout":"default","site-content-layout":"","ast-site-content-layout":"","site-content-style":"default","site-sidebar-style":"default","ast-global-header-display":"","ast-banner-title-visibility":"","ast-main-header-display":"","ast-hfb-above-header-display":"","ast-hfb-below-header-display":"","ast-hfb-mobile-header-display":"","site-post-title":"","ast-breadcrumbs-content":"","ast-featured-img":"","footer-sml-layout":"","theme-transparent-header-meta":"","adv-header-id-meta":"","stick-header-meta":"","header-above-stick-meta":"","header-main-stick-meta":"","header-below-stick-meta":"","astra-migrate-meta-layouts":"default","ast-page-background-enabled":"default","ast-page-background-meta":{"desktop":{"background-color":"var(--ast-global-color-4)","background-image":"","background-repeat":"repeat","background-position":"center center","background-size":"auto","background-attachment":"scroll","background-type":"","background-media":"","overlay-type":"","overlay-color":"","overlay-opacity":"","overlay-gradient":""},"tablet":{"background-color":"","background-image":"","background-repeat":"repeat","background-position":"center center","background-size":"auto","background-attachment":"scroll","background-type":"","background-media":"","overlay-type":"","overlay-color":"","overlay-opacity":"","overlay-gradient":""},"mobile":{"background-color":"","background-image":"","background-repeat":"repeat","background-position":"center center","background-size":"auto","background-attachment":"scroll","background-type":"","background-media":"","overlay-type":"","overlay-color":"","overlay-opacity":"","overlay-gradient":""}},"ast-content-background-meta":{"desktop":{"background-color":"var(--ast-global-color-5)","background-image":"","background-repeat":"repeat","background-position":"center center","background-size":"auto","background-attachment":"scroll","background-type":"","background-media":"","overlay-type":"","overlay-color":"","overlay-opacity":"","overlay-gradient":""},"tablet":{"background-color":"var(--ast-global-color-5)","background-image":"","background-repeat":"repeat","background-position":"center center","background-size":"auto","background-attachment":"scroll","background-type":"","background-media":"","overlay-type":"","overlay-color":"","overlay-opacity":"","overlay-gradient":""},"mobile":{"background-color":"var(--ast-global-color-5)","background-image":"","background-repeat":"repeat","background-position":"center center","background-size":"auto","background-attachment":"scroll","background-type":"","background-media":"","overlay-type":"","overlay-color":"","overlay-opacity":"","overlay-gradient":""}},"footnotes":""},"categories":[496,1],"tags":[86,510,511,509],"class_list":["post-4729","post","type-post","status-publish","format-standard","has-post-thumbnail","hentry","category-curs-2022-23","category-general","tag-educacio","tag-igualtat","tag-inclusio","tag-proa"],"post_mailing_queue_ids":[],"_links":{"self":[{"href":"https:\/\/agora.xtec.cat\/escolasantjulia\/wp-json\/wp\/v2\/posts\/4729","targetHints":{"allow":["GET"]}}],"collection":[{"href":"https:\/\/agora.xtec.cat\/escolasantjulia\/wp-json\/wp\/v2\/posts"}],"about":[{"href":"https:\/\/agora.xtec.cat\/escolasantjulia\/wp-json\/wp\/v2\/types\/post"}],"author":[{"embeddable":true,"href":"https:\/\/agora.xtec.cat\/escolasantjulia\/wp-json\/wp\/v2\/users\/1"}],"replies":[{"embeddable":true,"href":"https:\/\/agora.xtec.cat\/escolasantjulia\/wp-json\/wp\/v2\/comments?post=4729"}],"version-history":[{"count":3,"href":"https:\/\/agora.xtec.cat\/escolasantjulia\/wp-json\/wp\/v2\/posts\/4729\/revisions"}],"predecessor-version":[{"id":4735,"href":"https:\/\/agora.xtec.cat\/escolasantjulia\/wp-json\/wp\/v2\/posts\/4729\/revisions\/4735"}],"wp:featuredmedia":[{"embeddable":true,"href":"https:\/\/agora.xtec.cat\/escolasantjulia\/wp-json\/wp\/v2\/media\/4722"}],"wp:attachment":[{"href":"https:\/\/agora.xtec.cat\/escolasantjulia\/wp-json\/wp\/v2\/media?parent=4729"}],"wp:term":[{"taxonomy":"category","embeddable":true,"href":"https:\/\/agora.xtec.cat\/escolasantjulia\/wp-json\/wp\/v2\/categories?post=4729"},{"taxonomy":"post_tag","embeddable":true,"href":"https:\/\/agora.xtec.cat\/escolasantjulia\/wp-json\/wp\/v2\/tags?post=4729"}],"curies":[{"name":"wp","href":"https:\/\/api.w.org\/{rel}","templated":true}]}}