{"id":4715,"date":"2022-11-23T22:25:09","date_gmt":"2022-11-23T21:25:09","guid":{"rendered":"https:\/\/agora.xtec.cat\/escolasantjulia\/?p=4715"},"modified":"2022-11-24T08:44:15","modified_gmt":"2022-11-24T07:44:15","slug":"danses-de-la-castanyada-2022","status":"publish","type":"post","link":"https:\/\/agora.xtec.cat\/escolasantjulia\/general\/danses-de-la-castanyada-2022\/","title":{"rendered":"Danses de la Castanyada 2022"},"content":{"rendered":"<p>Un any m\u00e9s v\u00e0rem celebrar la festa de la <strong><span style=\"color: #ff6600;\">Castanyada<\/span><\/strong>. Us compartim els v\u00eddeos de les <strong><span style=\"color: #008000;\">danses<\/span><\/strong> que varen ballar els nens i les nenes de Prim\u00e0ria. Esperem que us agradin!<br \/>\nAgraim al Ball de Gitanes de l&#8217;Arbo\u00e7 la seva col\u00b7laboraci\u00f3, deixant-nos els pals per poder fer els balls de superior.<\/p>\n<p><iframe loading=\"lazy\" title=\"YouTube video player\" src=\"https:\/\/www.youtube.com\/embed\/oYSGuwsbaqA\" width=\"420\" height=\"237\" frameborder=\"0\" allowfullscreen=\"allowfullscreen\"><\/iframe> <iframe loading=\"lazy\" title=\"YouTube video player\" src=\"https:\/\/www.youtube.com\/embed\/cD_RoOs1UVA\" width=\"420\" height=\"237\" frameborder=\"0\" allowfullscreen=\"allowfullscreen\"><\/iframe><br \/>\n<iframe loading=\"lazy\" title=\"YouTube video player\" src=\"https:\/\/www.youtube.com\/embed\/YIn4NQKYtMQ\" width=\"420\" height=\"237\" frameborder=\"0\" allowfullscreen=\"allowfullscreen\"><\/iframe> <iframe loading=\"lazy\" title=\"YouTube video player\" src=\"https:\/\/www.youtube.com\/embed\/oWDjPvZO9jY\" width=\"420\" height=\"237\" frameborder=\"0\" allowfullscreen=\"allowfullscreen\"><\/iframe><br \/>\n<iframe loading=\"lazy\" title=\"YouTube video player\" src=\"https:\/\/www.youtube.com\/embed\/iaFJVPY8wAo\" width=\"420\" height=\"237\" frameborder=\"0\" allowfullscreen=\"allowfullscreen\"><\/iframe> <iframe loading=\"lazy\" title=\"YouTube video player\" src=\"https:\/\/www.youtube.com\/embed\/gF6cQjzsOfg\" width=\"420\" height=\"237\" frameborder=\"0\" allowfullscreen=\"allowfullscreen\"><\/iframe><\/p>\n","protected":false},"excerpt":{"rendered":"<p>Un any m\u00e9s v\u00e0rem celebrar la festa de la Castanyada. Us compartim els v\u00eddeos de les danses que varen ballar els nens i les nenes de Prim\u00e0ria. Esperem que us agradin! Agraim al Ball de Gitanes de l&#8217;Arbo\u00e7 la seva col\u00b7laboraci\u00f3, deixant-nos els pals per poder fer els balls de superior.<\/p>\n","protected":false},"author":1,"featured_media":4719,"comment_status":"open","ping_status":"closed","sticky":false,"template":"","format":"standard","meta":{"_bbp_topic_count":0,"_bbp_reply_count":0,"_bbp_total_topic_count":0,"_bbp_total_reply_count":0,"_bbp_voice_count":0,"_bbp_anonymous_reply_count":0,"_bbp_topic_count_hidden":0,"_bbp_reply_count_hidden":0,"_bbp_forum_subforum_count":0,"site-sidebar-layout":"default","site-content-layout":"","ast-site-content-layout":"","site-content-style":"default","site-sidebar-style":"default","ast-global-header-display":"","ast-banner-title-visibility":"","ast-main-header-display":"","ast-hfb-above-header-display":"","ast-hfb-below-header-display":"","ast-hfb-mobile-header-display":"","site-post-title":"","ast-breadcrumbs-content":"","ast-featured-img":"","footer-sml-layout":"","theme-transparent-header-meta":"","adv-header-id-meta":"","stick-header-meta":"","header-above-stick-meta":"","header-main-stick-meta":"","header-below-stick-meta":"","astra-migrate-meta-layouts":"default","ast-page-background-enabled":"default","ast-page-background-meta":{"desktop":{"background-color":"var(--ast-global-color-4)","background-image":"","background-repeat":"repeat","background-position":"center center","background-size":"auto","background-attachment":"scroll","background-type":"","background-media":"","overlay-type":"","overlay-color":"","overlay-opacity":"","overlay-gradient":""},"tablet":{"background-color":"","background-image":"","background-repeat":"repeat","background-position":"center center","background-size":"auto","background-attachment":"scroll","background-type":"","background-media":"","overlay-type":"","overlay-color":"","overlay-opacity":"","overlay-gradient":""},"mobile":{"background-color":"","background-image":"","background-repeat":"repeat","background-position":"center center","background-size":"auto","background-attachment":"scroll","background-type":"","background-media":"","overlay-type":"","overlay-color":"","overlay-opacity":"","overlay-gradient":""}},"ast-content-background-meta":{"desktop":{"background-color":"var(--ast-global-color-5)","background-image":"","background-repeat":"repeat","background-position":"center center","background-size":"auto","background-attachment":"scroll","background-type":"","background-media":"","overlay-type":"","overlay-color":"","overlay-opacity":"","overlay-gradient":""},"tablet":{"background-color":"var(--ast-global-color-5)","background-image":"","background-repeat":"repeat","background-position":"center center","background-size":"auto","background-attachment":"scroll","background-type":"","background-media":"","overlay-type":"","overlay-color":"","overlay-opacity":"","overlay-gradient":""},"mobile":{"background-color":"var(--ast-global-color-5)","background-image":"","background-repeat":"repeat","background-position":"center center","background-size":"auto","background-attachment":"scroll","background-type":"","background-media":"","overlay-type":"","overlay-color":"","overlay-opacity":"","overlay-gradient":""}},"footnotes":""},"categories":[496,28,209,1,5,14,13,12,397,396,395],"tags":[59,508,99,453,132,175],"class_list":["post-4715","post","type-post","status-publish","format-standard","has-post-thumbnail","hentry","category-curs-2022-23","category-festes","category-festes-i-celebracions","category-general","category-primaria","category-5e","category-4t","category-3r","category-promocio-2017","category-prom18","category-prom19","tag-castanyada","tag-danses","tag-festa","tag-festes","tag-musica","tag-tardor"],"post_mailing_queue_ids":[],"_links":{"self":[{"href":"https:\/\/agora.xtec.cat\/escolasantjulia\/wp-json\/wp\/v2\/posts\/4715","targetHints":{"allow":["GET"]}}],"collection":[{"href":"https:\/\/agora.xtec.cat\/escolasantjulia\/wp-json\/wp\/v2\/posts"}],"about":[{"href":"https:\/\/agora.xtec.cat\/escolasantjulia\/wp-json\/wp\/v2\/types\/post"}],"author":[{"embeddable":true,"href":"https:\/\/agora.xtec.cat\/escolasantjulia\/wp-json\/wp\/v2\/users\/1"}],"replies":[{"embeddable":true,"href":"https:\/\/agora.xtec.cat\/escolasantjulia\/wp-json\/wp\/v2\/comments?post=4715"}],"version-history":[{"count":3,"href":"https:\/\/agora.xtec.cat\/escolasantjulia\/wp-json\/wp\/v2\/posts\/4715\/revisions"}],"predecessor-version":[{"id":4721,"href":"https:\/\/agora.xtec.cat\/escolasantjulia\/wp-json\/wp\/v2\/posts\/4715\/revisions\/4721"}],"wp:featuredmedia":[{"embeddable":true,"href":"https:\/\/agora.xtec.cat\/escolasantjulia\/wp-json\/wp\/v2\/media\/4719"}],"wp:attachment":[{"href":"https:\/\/agora.xtec.cat\/escolasantjulia\/wp-json\/wp\/v2\/media?parent=4715"}],"wp:term":[{"taxonomy":"category","embeddable":true,"href":"https:\/\/agora.xtec.cat\/escolasantjulia\/wp-json\/wp\/v2\/categories?post=4715"},{"taxonomy":"post_tag","embeddable":true,"href":"https:\/\/agora.xtec.cat\/escolasantjulia\/wp-json\/wp\/v2\/tags?post=4715"}],"curies":[{"name":"wp","href":"https:\/\/api.w.org\/{rel}","templated":true}]}}