{"id":4544,"date":"2022-05-17T22:27:52","date_gmt":"2022-05-17T20:27:52","guid":{"rendered":"https:\/\/agora.xtec.cat\/escolasantjulia\/?p=4544"},"modified":"2022-05-17T22:27:52","modified_gmt":"2022-05-17T20:27:52","slug":"forum-escoles-verdes-baix-penedes","status":"publish","type":"post","link":"https:\/\/agora.xtec.cat\/escolasantjulia\/general\/forum-escoles-verdes-baix-penedes\/","title":{"rendered":"F\u00f2rum Escoles Verdes Baix Pened\u00e8s"},"content":{"rendered":"<p><a href=\"https:\/\/agora.xtec.cat\/escolasantjulia\/wp-content\/uploads\/usu423\/2022\/05\/Copia-de-IMG-20220324-WA0011-e1652817787208.jpg\"><img loading=\"lazy\" decoding=\"async\" class=\"wp-image-4545 alignleft\" src=\"https:\/\/agora.xtec.cat\/escolasantjulia\/wp-content\/uploads\/usu423\/2022\/05\/Copia-de-IMG-20220324-WA0011-300x225.jpg\" alt=\"\" width=\"320\" height=\"240\" \/><\/a>Dijous 24 de mar\u00e7 la nostra escola va participar al <span style=\"color: #ff6600;\"><strong>F\u00f2rum d\u2019Escoles Verdes del Baix Pened\u00e8s<\/strong><\/span>, les representants triades des de la comissi\u00f3 d\u2019Escola Verda van ser les Delegades Verdes de les tres classes de 6\u00e8: La Ivette, la Nadia i l\u2019Ariadna.<\/p>\n<p>&nbsp;<\/p>\n<p>&nbsp;<\/p>\n<p>&nbsp;<\/p>\n<p>&nbsp;<\/p>\n<p>Anteriorment, es va muntar un v\u00eddeo en relaci\u00f3 a la \u201cMobilitat Sostenible\u201d que es va treballar al primer trimestre a tot Cicle Superior i a Cicle Inicial, a partir del recull de fotografies i v\u00eddeos gravats. Aquest era la presentaci\u00f3 de la nostra escola i es va mostrar a la resta de centres participants el dia del F\u00f2rum.<\/p>\n<p style=\"text-align: center;\"><iframe loading=\"lazy\" title=\"YouTube video player\" src=\"https:\/\/www.youtube.com\/embed\/11iT9VEHEmQ\" width=\"480\" height=\"270\" frameborder=\"0\" allowfullscreen=\"allowfullscreen\"><\/iframe><\/p>\n<p style=\"text-align: left;\">\nAl llarg del mat\u00ed de dijous, van fer una s\u00e8rie d&#8217;activitats centrades en \u201cl\u2019emerg\u00e8ncia clim\u00e0tica\u201d, una de les quals era crear una situaci\u00f3 per tal de fer veure la import\u00e0ncia de fer un bon \u00fas de l\u2019aigua, les tres alumnes de 5\u00e8 van representar-la en directe i aquesta es va enregistrar en v\u00eddeo, el trobareu a continuaci\u00f3.<\/p>\n<p style=\"text-align: center;\"><iframe loading=\"lazy\" title=\"YouTube video player\" src=\"https:\/\/www.youtube.com\/embed\/Evy8_oiiGac\" width=\"480\" height=\"270\" frameborder=\"0\" allowfullscreen=\"allowfullscreen\"><\/iframe><\/p>\n","protected":false},"excerpt":{"rendered":"<p>Dijous 24 de mar\u00e7 la nostra escola va participar al F\u00f2rum d\u2019Escoles Verdes del Baix Pened\u00e8s, les representants triades des de la comissi\u00f3 d\u2019Escola Verda van ser les Delegades Verdes de les tres classes de 6\u00e8: La Ivette, la Nadia i l\u2019Ariadna. &nbsp; &nbsp; &nbsp; &nbsp; Anteriorment, es va muntar un v\u00eddeo en relaci\u00f3 a [&hellip;]<\/p>\n","protected":false},"author":1,"featured_media":4545,"comment_status":"open","ping_status":"closed","sticky":false,"template":"","format":"standard","meta":{"_bbp_topic_count":0,"_bbp_reply_count":0,"_bbp_total_topic_count":0,"_bbp_total_reply_count":0,"_bbp_voice_count":0,"_bbp_anonymous_reply_count":0,"_bbp_topic_count_hidden":0,"_bbp_reply_count_hidden":0,"_bbp_forum_subforum_count":0,"site-sidebar-layout":"default","site-content-layout":"","ast-site-content-layout":"","site-content-style":"default","site-sidebar-style":"default","ast-global-header-display":"","ast-banner-title-visibility":"","ast-main-header-display":"","ast-hfb-above-header-display":"","ast-hfb-below-header-display":"","ast-hfb-mobile-header-display":"","site-post-title":"","ast-breadcrumbs-content":"","ast-featured-img":"","footer-sml-layout":"","theme-transparent-header-meta":"","adv-header-id-meta":"","stick-header-meta":"","header-above-stick-meta":"","header-main-stick-meta":"","header-below-stick-meta":"","astra-migrate-meta-layouts":"default","ast-page-background-enabled":"default","ast-page-background-meta":{"desktop":{"background-color":"var(--ast-global-color-4)","background-image":"","background-repeat":"repeat","background-position":"center center","background-size":"auto","background-attachment":"scroll","background-type":"","background-media":"","overlay-type":"","overlay-color":"","overlay-opacity":"","overlay-gradient":""},"tablet":{"background-color":"","background-image":"","background-repeat":"repeat","background-position":"center center","background-size":"auto","background-attachment":"scroll","background-type":"","background-media":"","overlay-type":"","overlay-color":"","overlay-opacity":"","overlay-gradient":""},"mobile":{"background-color":"","background-image":"","background-repeat":"repeat","background-position":"center center","background-size":"auto","background-attachment":"scroll","background-type":"","background-media":"","overlay-type":"","overlay-color":"","overlay-opacity":"","overlay-gradient":""}},"ast-content-background-meta":{"desktop":{"background-color":"var(--ast-global-color-5)","background-image":"","background-repeat":"repeat","background-position":"center center","background-size":"auto","background-attachment":"scroll","background-type":"","background-media":"","overlay-type":"","overlay-color":"","overlay-opacity":"","overlay-gradient":""},"tablet":{"background-color":"var(--ast-global-color-5)","background-image":"","background-repeat":"repeat","background-position":"center center","background-size":"auto","background-attachment":"scroll","background-type":"","background-media":"","overlay-type":"","overlay-color":"","overlay-opacity":"","overlay-gradient":""},"mobile":{"background-color":"var(--ast-global-color-5)","background-image":"","background-repeat":"repeat","background-position":"center center","background-size":"auto","background-attachment":"scroll","background-type":"","background-media":"","overlay-type":"","overlay-color":"","overlay-opacity":"","overlay-gradient":""}},"footnotes":""},"categories":[462,26,1,15,14,34],"tags":[494,493,92,489,490,16,492,491],"class_list":["post-4544","post","type-post","status-publish","format-standard","has-post-thumbnail","hentry","category-curs-2021-22","category-escola-verda","category-general","category-6e","category-5e","category-sortides","tag-climatica","tag-emergencia","tag-escola-verda","tag-forum","tag-mobilitat","tag-sortides","tag-sostenibilitat","tag-sostenible"],"post_mailing_queue_ids":[],"_links":{"self":[{"href":"https:\/\/agora.xtec.cat\/escolasantjulia\/wp-json\/wp\/v2\/posts\/4544","targetHints":{"allow":["GET"]}}],"collection":[{"href":"https:\/\/agora.xtec.cat\/escolasantjulia\/wp-json\/wp\/v2\/posts"}],"about":[{"href":"https:\/\/agora.xtec.cat\/escolasantjulia\/wp-json\/wp\/v2\/types\/post"}],"author":[{"embeddable":true,"href":"https:\/\/agora.xtec.cat\/escolasantjulia\/wp-json\/wp\/v2\/users\/1"}],"replies":[{"embeddable":true,"href":"https:\/\/agora.xtec.cat\/escolasantjulia\/wp-json\/wp\/v2\/comments?post=4544"}],"version-history":[{"count":3,"href":"https:\/\/agora.xtec.cat\/escolasantjulia\/wp-json\/wp\/v2\/posts\/4544\/revisions"}],"predecessor-version":[{"id":4553,"href":"https:\/\/agora.xtec.cat\/escolasantjulia\/wp-json\/wp\/v2\/posts\/4544\/revisions\/4553"}],"wp:featuredmedia":[{"embeddable":true,"href":"https:\/\/agora.xtec.cat\/escolasantjulia\/wp-json\/wp\/v2\/media\/4545"}],"wp:attachment":[{"href":"https:\/\/agora.xtec.cat\/escolasantjulia\/wp-json\/wp\/v2\/media?parent=4544"}],"wp:term":[{"taxonomy":"category","embeddable":true,"href":"https:\/\/agora.xtec.cat\/escolasantjulia\/wp-json\/wp\/v2\/categories?post=4544"},{"taxonomy":"post_tag","embeddable":true,"href":"https:\/\/agora.xtec.cat\/escolasantjulia\/wp-json\/wp\/v2\/tags?post=4544"}],"curies":[{"name":"wp","href":"https:\/\/api.w.org\/{rel}","templated":true}]}}