{"id":451,"date":"2013-04-12T12:09:18","date_gmt":"2013-04-12T10:09:18","guid":{"rendered":"http:\/\/blocs.xtec.cat\/ceipstjulia\/?p=451"},"modified":"2015-11-16T23:31:26","modified_gmt":"2015-11-16T22:31:26","slug":"ja-som-escola-verda","status":"publish","type":"post","link":"https:\/\/agora.xtec.cat\/escolasantjulia\/general\/ja-som-escola-verda\/","title":{"rendered":"Ja som Escola Verda!!"},"content":{"rendered":"<p>L\u2019Escola St Juli\u00e0 va rebre el distintiu d\u2019Escola Verda el dia 15 de desembre al C\u00e8ntric Espai Cultural de El Prat del Llobregat, atorgat pel Departament de Territori i Sostenibilitat de la Generalitat, ja que valoren molt positivament l\u2019esfor\u00e7 que el nostre centre ha fet per avan\u00e7ar en l\u2019educaci\u00f3 per a la sostenibilitat, aix\u00ed com el comprom\u00eds de continuar treballant en activitats de conscienciaci\u00f3 amb el medi ambient com per exemple: dinamitzar el taulell informatiu, enviar les circulars per a les fam\u00edlies per correu electr\u00f2nic, \u00a0l\u2019\u00fas de carmanyoles per\u00a0 l\u2019esmorzar, el reciclatge del paper, de l\u2019org\u00e0nic, del pl\u00e0stic i del rebuig a nivell de tota l\u2019escola, la creaci\u00f3 dels agent verds (alumnes del centre) que s\u2019encarreguen de conscienciar que tothom faci correctament el reciclatge. A m\u00e9s a m\u00e9s durant el curs escolar es van organitzant activitats de reutilitzaci\u00f3 de material, de reducci\u00f3 de consum d\u2019energia i de recursos naturals.<\/p>\n<p>Tot seguit, per acabar l\u2019acte, vam realitzar una plantada d\u2019arbres.<\/p>\n<p style=\"text-align: center\"><strong><span style=\"color: #ff9900\"><a href=\"https:\/\/plus.google.com\/photos\/114361177352448461924\/albums\/5865889681039338017?authkey=COv_w8-SjfmK6wE\">CLIQUEU AQU\u00cd<\/a> PER VEURE LES FOTOGRAFIES<\/span><\/strong><\/p>\n<p style=\"text-align: center\"><a href=\"https:\/\/plus.google.com\/photos\/114361177352448461924\/albums\/5865889681039338017?authkey=COv_w8-SjfmK6wE\"><img loading=\"lazy\" decoding=\"async\" src=\"http:\/\/t1.gstatic.com\/images?q=tbn:ANd9GcTklO7Nsu1tqUFjJJT1JrvKzNYkx5YlG0t7dvb1nRXt9CsLShtPSxcR3ehA\" alt=\"\" width=\"151\" height=\"71\" \/><\/a><\/p>\n<p style=\"text-align: center\"><a href=\"http:\/\/www.lafura.cat\/noticies\/ceip-sant-julia-larboc-escola-verda\"><img loading=\"lazy\" decoding=\"async\" class=\"aligncenter size-full wp-image-457\" src=\"http:\/\/agora.xtec.cat\/escolasantjulia\/wp-content\/uploads\/usu423\/2013\/04\/fura1.jpg\" alt=\"\" width=\"529\" height=\"393\" srcset=\"https:\/\/agora.xtec.cat\/escolasantjulia\/wp-content\/uploads\/usu423\/2013\/04\/fura1.jpg 756w, https:\/\/agora.xtec.cat\/escolasantjulia\/wp-content\/uploads\/usu423\/2013\/04\/fura1-300x223.jpg 300w, https:\/\/agora.xtec.cat\/escolasantjulia\/wp-content\/uploads\/usu423\/2013\/04\/fura1-200x150.jpg 200w\" sizes=\"auto, (max-width: 529px) 100vw, 529px\" \/><\/a><\/p>\n<p style=\"text-align: center\">&nbsp;<\/p>\n<p>&nbsp;<\/p>\n<p>&nbsp;<\/p>\n<p><a href=\"http:\/\/www.lafura.cat\/noticies\/ceip-sant-julia-larboc-escola-verda\"><\/a><\/p>\n","protected":false},"excerpt":{"rendered":"<p>L\u2019Escola St Juli\u00e0 va rebre el distintiu d\u2019Escola Verda el dia 15 de desembre al C\u00e8ntric Espai Cultural de El Prat del Llobregat, atorgat pel Departament de Territori i Sostenibilitat de la Generalitat, ja que valoren molt positivament l\u2019esfor\u00e7 que el nostre centre ha fet per avan\u00e7ar en l\u2019educaci\u00f3 per a la sostenibilitat, aix\u00ed com [&hellip;]<\/p>\n","protected":false},"author":1,"featured_media":0,"comment_status":"open","ping_status":"open","sticky":false,"template":"","format":"standard","meta":{"_bbp_topic_count":0,"_bbp_reply_count":0,"_bbp_total_topic_count":0,"_bbp_total_reply_count":0,"_bbp_voice_count":0,"_bbp_anonymous_reply_count":0,"_bbp_topic_count_hidden":0,"_bbp_reply_count_hidden":0,"_bbp_forum_subforum_count":0,"site-sidebar-layout":"default","site-content-layout":"","ast-site-content-layout":"","site-content-style":"default","site-sidebar-style":"default","ast-global-header-display":"","ast-banner-title-visibility":"","ast-main-header-display":"","ast-hfb-above-header-display":"","ast-hfb-below-header-display":"","ast-hfb-mobile-header-display":"","site-post-title":"","ast-breadcrumbs-content":"","ast-featured-img":"","footer-sml-layout":"","theme-transparent-header-meta":"","adv-header-id-meta":"","stick-header-meta":"","header-above-stick-meta":"","header-main-stick-meta":"","header-below-stick-meta":"","astra-migrate-meta-layouts":"default","ast-page-background-enabled":"default","ast-page-background-meta":{"desktop":{"background-color":"var(--ast-global-color-4)","background-image":"","background-repeat":"repeat","background-position":"center center","background-size":"auto","background-attachment":"scroll","background-type":"","background-media":"","overlay-type":"","overlay-color":"","overlay-opacity":"","overlay-gradient":""},"tablet":{"background-color":"","background-image":"","background-repeat":"repeat","background-position":"center center","background-size":"auto","background-attachment":"scroll","background-type":"","background-media":"","overlay-type":"","overlay-color":"","overlay-opacity":"","overlay-gradient":""},"mobile":{"background-color":"","background-image":"","background-repeat":"repeat","background-position":"center center","background-size":"auto","background-attachment":"scroll","background-type":"","background-media":"","overlay-type":"","overlay-color":"","overlay-opacity":"","overlay-gradient":""}},"ast-content-background-meta":{"desktop":{"background-color":"var(--ast-global-color-5)","background-image":"","background-repeat":"repeat","background-position":"center center","background-size":"auto","background-attachment":"scroll","background-type":"","background-media":"","overlay-type":"","overlay-color":"","overlay-opacity":"","overlay-gradient":""},"tablet":{"background-color":"var(--ast-global-color-5)","background-image":"","background-repeat":"repeat","background-position":"center center","background-size":"auto","background-attachment":"scroll","background-type":"","background-media":"","overlay-type":"","overlay-color":"","overlay-opacity":"","overlay-gradient":""},"mobile":{"background-color":"var(--ast-global-color-5)","background-image":"","background-repeat":"repeat","background-position":"center center","background-size":"auto","background-attachment":"scroll","background-type":"","background-media":"","overlay-type":"","overlay-color":"","overlay-opacity":"","overlay-gradient":""}},"footnotes":""},"categories":[21,1],"tags":[],"class_list":["post-451","post","type-post","status-publish","format-standard","hentry","category-activitats-escola","category-general"],"post_mailing_queue_ids":[],"_links":{"self":[{"href":"https:\/\/agora.xtec.cat\/escolasantjulia\/wp-json\/wp\/v2\/posts\/451","targetHints":{"allow":["GET"]}}],"collection":[{"href":"https:\/\/agora.xtec.cat\/escolasantjulia\/wp-json\/wp\/v2\/posts"}],"about":[{"href":"https:\/\/agora.xtec.cat\/escolasantjulia\/wp-json\/wp\/v2\/types\/post"}],"author":[{"embeddable":true,"href":"https:\/\/agora.xtec.cat\/escolasantjulia\/wp-json\/wp\/v2\/users\/1"}],"replies":[{"embeddable":true,"href":"https:\/\/agora.xtec.cat\/escolasantjulia\/wp-json\/wp\/v2\/comments?post=451"}],"version-history":[{"count":1,"href":"https:\/\/agora.xtec.cat\/escolasantjulia\/wp-json\/wp\/v2\/posts\/451\/revisions"}],"predecessor-version":[{"id":2125,"href":"https:\/\/agora.xtec.cat\/escolasantjulia\/wp-json\/wp\/v2\/posts\/451\/revisions\/2125"}],"wp:attachment":[{"href":"https:\/\/agora.xtec.cat\/escolasantjulia\/wp-json\/wp\/v2\/media?parent=451"}],"wp:term":[{"taxonomy":"category","embeddable":true,"href":"https:\/\/agora.xtec.cat\/escolasantjulia\/wp-json\/wp\/v2\/categories?post=451"},{"taxonomy":"post_tag","embeddable":true,"href":"https:\/\/agora.xtec.cat\/escolasantjulia\/wp-json\/wp\/v2\/tags?post=451"}],"curies":[{"name":"wp","href":"https:\/\/api.w.org\/{rel}","templated":true}]}}