{"id":4504,"date":"2022-03-18T13:11:12","date_gmt":"2022-03-18T12:11:12","guid":{"rendered":"https:\/\/agora.xtec.cat\/escolasantjulia\/?p=4504"},"modified":"2022-03-18T13:11:35","modified_gmt":"2022-03-18T12:11:35","slug":"lligams-a-p4a","status":"publish","type":"post","link":"https:\/\/agora.xtec.cat\/escolasantjulia\/general\/lligams-a-p4a\/","title":{"rendered":"Lligams a P4A"},"content":{"rendered":"<p><a href=\"https:\/\/agora.xtec.cat\/escolasantjulia\/wp-content\/uploads\/usu423\/2022\/03\/Lligams-Gala1-rotated-e1647605034520.jpg\"><img loading=\"lazy\" decoding=\"async\" class=\"size-medium wp-image-4505 alignleft\" src=\"https:\/\/agora.xtec.cat\/escolasantjulia\/wp-content\/uploads\/usu423\/2022\/03\/Lligams-Gala1-rotated-e1647605034520-225x300.jpg\" alt=\"\" width=\"225\" height=\"300\" srcset=\"https:\/\/agora.xtec.cat\/escolasantjulia\/wp-content\/uploads\/usu423\/2022\/03\/Lligams-Gala1-rotated-e1647605034520-225x300.jpg 225w, https:\/\/agora.xtec.cat\/escolasantjulia\/wp-content\/uploads\/usu423\/2022\/03\/Lligams-Gala1-rotated-e1647605034520.jpg 576w\" sizes=\"auto, (max-width: 225px) 100vw, 225px\" \/><\/a>Fa uns dies v\u00e0rem iniciar el projecte de LLIGAMS a la classe dels Petards de P4A.<br \/>\nLa fam\u00edlia de la Gala ha portat un coet enorme al que li hav\u00edem de posar la metxa amb els ulls tapats.<br \/>\nHem gaudit molt\u00edssim! I hem comprovat que tenim molt<a href=\"https:\/\/agora.xtec.cat\/escolasantjulia\/wp-content\/uploads\/usu423\/2022\/03\/lligams-gala.jpg\"><img loading=\"lazy\" decoding=\"async\" class=\"size-medium wp-image-4506 alignright\" src=\"https:\/\/agora.xtec.cat\/escolasantjulia\/wp-content\/uploads\/usu423\/2022\/03\/lligams-gala-300x225.jpg\" alt=\"\" width=\"300\" height=\"225\" srcset=\"https:\/\/agora.xtec.cat\/escolasantjulia\/wp-content\/uploads\/usu423\/2022\/03\/lligams-gala-300x225.jpg 300w, https:\/\/agora.xtec.cat\/escolasantjulia\/wp-content\/uploads\/usu423\/2022\/03\/lligams-gala-200x150.jpg 200w, https:\/\/agora.xtec.cat\/escolasantjulia\/wp-content\/uploads\/usu423\/2022\/03\/lligams-gala.jpg 768w\" sizes=\"auto, (max-width: 300px) 100vw, 300px\" \/><\/a> bona orientaci\u00f3!<br \/>\nPer finalitzar els lligams ens van donar un coet molt dol\u00e7!<br \/>\nEstem molt contents i contentes de recuperar aquest projecte i us animem a que vingueu a l\u2019aula a passar una bona estona amb nosaltres!<\/p>\n<p>&nbsp;<\/p>\n","protected":false},"excerpt":{"rendered":"<p>Fa uns dies v\u00e0rem iniciar el projecte de LLIGAMS a la classe dels Petards de P4A. La fam\u00edlia de la Gala ha portat un coet enorme al que li hav\u00edem de posar la metxa amb els ulls tapats. Hem gaudit molt\u00edssim! I hem comprovat que tenim molt bona orientaci\u00f3! Per finalitzar els lligams ens van [&hellip;]<\/p>\n","protected":false},"author":1,"featured_media":4505,"comment_status":"open","ping_status":"closed","sticky":false,"template":"","format":"standard","meta":{"_bbp_topic_count":0,"_bbp_reply_count":0,"_bbp_total_topic_count":0,"_bbp_total_reply_count":0,"_bbp_voice_count":0,"_bbp_anonymous_reply_count":0,"_bbp_topic_count_hidden":0,"_bbp_reply_count_hidden":0,"_bbp_forum_subforum_count":0,"site-sidebar-layout":"default","site-content-layout":"","ast-site-content-layout":"","site-content-style":"default","site-sidebar-style":"default","ast-global-header-display":"","ast-banner-title-visibility":"","ast-main-header-display":"","ast-hfb-above-header-display":"","ast-hfb-below-header-display":"","ast-hfb-mobile-header-display":"","site-post-title":"","ast-breadcrumbs-content":"","ast-featured-img":"","footer-sml-layout":"","theme-transparent-header-meta":"","adv-header-id-meta":"","stick-header-meta":"","header-above-stick-meta":"","header-main-stick-meta":"","header-below-stick-meta":"","astra-migrate-meta-layouts":"default","ast-page-background-enabled":"default","ast-page-background-meta":{"desktop":{"background-color":"var(--ast-global-color-4)","background-image":"","background-repeat":"repeat","background-position":"center center","background-size":"auto","background-attachment":"scroll","background-type":"","background-media":"","overlay-type":"","overlay-color":"","overlay-opacity":"","overlay-gradient":""},"tablet":{"background-color":"","background-image":"","background-repeat":"repeat","background-position":"center center","background-size":"auto","background-attachment":"scroll","background-type":"","background-media":"","overlay-type":"","overlay-color":"","overlay-opacity":"","overlay-gradient":""},"mobile":{"background-color":"","background-image":"","background-repeat":"repeat","background-position":"center center","background-size":"auto","background-attachment":"scroll","background-type":"","background-media":"","overlay-type":"","overlay-color":"","overlay-opacity":"","overlay-gradient":""}},"ast-content-background-meta":{"desktop":{"background-color":"var(--ast-global-color-5)","background-image":"","background-repeat":"repeat","background-position":"center center","background-size":"auto","background-attachment":"scroll","background-type":"","background-media":"","overlay-type":"","overlay-color":"","overlay-opacity":"","overlay-gradient":""},"tablet":{"background-color":"var(--ast-global-color-5)","background-image":"","background-repeat":"repeat","background-position":"center center","background-size":"auto","background-attachment":"scroll","background-type":"","background-media":"","overlay-type":"","overlay-color":"","overlay-opacity":"","overlay-gradient":""},"mobile":{"background-color":"var(--ast-global-color-5)","background-image":"","background-repeat":"repeat","background-position":"center center","background-size":"auto","background-attachment":"scroll","background-type":"","background-media":"","overlay-type":"","overlay-color":"","overlay-opacity":"","overlay-gradient":""}},"footnotes":""},"categories":[35,462,1,2,445],"tags":[107,236,486,154],"class_list":["post-4504","post","type-post","status-publish","format-standard","has-post-thumbnail","hentry","category-activitats-a-laula","category-curs-2021-22","category-general","category-infantil","category-promocio-2020","tag-infantil","tag-lligams","tag-petards","tag-projecte"],"post_mailing_queue_ids":[],"_links":{"self":[{"href":"https:\/\/agora.xtec.cat\/escolasantjulia\/wp-json\/wp\/v2\/posts\/4504","targetHints":{"allow":["GET"]}}],"collection":[{"href":"https:\/\/agora.xtec.cat\/escolasantjulia\/wp-json\/wp\/v2\/posts"}],"about":[{"href":"https:\/\/agora.xtec.cat\/escolasantjulia\/wp-json\/wp\/v2\/types\/post"}],"author":[{"embeddable":true,"href":"https:\/\/agora.xtec.cat\/escolasantjulia\/wp-json\/wp\/v2\/users\/1"}],"replies":[{"embeddable":true,"href":"https:\/\/agora.xtec.cat\/escolasantjulia\/wp-json\/wp\/v2\/comments?post=4504"}],"version-history":[{"count":1,"href":"https:\/\/agora.xtec.cat\/escolasantjulia\/wp-json\/wp\/v2\/posts\/4504\/revisions"}],"predecessor-version":[{"id":4508,"href":"https:\/\/agora.xtec.cat\/escolasantjulia\/wp-json\/wp\/v2\/posts\/4504\/revisions\/4508"}],"wp:featuredmedia":[{"embeddable":true,"href":"https:\/\/agora.xtec.cat\/escolasantjulia\/wp-json\/wp\/v2\/media\/4505"}],"wp:attachment":[{"href":"https:\/\/agora.xtec.cat\/escolasantjulia\/wp-json\/wp\/v2\/media?parent=4504"}],"wp:term":[{"taxonomy":"category","embeddable":true,"href":"https:\/\/agora.xtec.cat\/escolasantjulia\/wp-json\/wp\/v2\/categories?post=4504"},{"taxonomy":"post_tag","embeddable":true,"href":"https:\/\/agora.xtec.cat\/escolasantjulia\/wp-json\/wp\/v2\/tags?post=4504"}],"curies":[{"name":"wp","href":"https:\/\/api.w.org\/{rel}","templated":true}]}}