{"id":4492,"date":"2022-02-24T10:53:10","date_gmt":"2022-02-24T09:53:10","guid":{"rendered":"https:\/\/agora.xtec.cat\/escolasantjulia\/?p=4492"},"modified":"2022-06-10T10:18:35","modified_gmt":"2022-06-10T08:18:35","slug":"jornada-de-portes-obertes-2022","status":"publish","type":"post","link":"https:\/\/agora.xtec.cat\/escolasantjulia\/general\/jornada-de-portes-obertes-2022\/","title":{"rendered":"JORNADA DE PORTES OBERTES 2022 I PREINSCRIPCI\u00d3 2022\/23"},"content":{"rendered":"<p><span style=\"color: #993366;\"><strong>V\u00cdDEO DE PRESENTACI\u00d3 DE LA NOSTRA ESCOLA:<\/strong><\/span> Els alumnes de la nostra escola us volen ensenyar el que fan. \u00c9s per aix\u00f2 que hem editat un v\u00eddeo que mostra com \u00e9s el nostre dia a dia.<\/p>\n<p>VOLEU VEURE COM TREBALLEM? Mira el v\u00eddeo de la nostra escola!!!<\/p>\n<p><iframe loading=\"lazy\" title=\"YouTube video player\" src=\"https:\/\/www.youtube.com\/embed\/4Xn_bKcWqXw\" width=\"560\" height=\"315\" frameborder=\"0\" allowfullscreen=\"allowfullscreen\"><\/iframe><\/p>\n<p><strong><span style=\"color: #993366;\">JORNADA DE PORTES OBERTES PRESENCIALS:<\/span><\/strong> Per poder venir a veure l\u2019escola \u00e9s imprescindible demanar cita pr\u00e8via trucant per tel\u00e8fon a l&#8217;escola o mitjan\u00e7ant el correu electr\u00f2nic.\u00a0 Es far\u00e0 una visita guiada on podran veure com treballem a l\u2019escola i en acabar l\u2019equip directiu us far\u00e0 una breu explicaci\u00f3 sobre el Projecte Educatiu i us aclarir\u00e0 els dubtes que puguin sorgir.<\/p>\n<ul>\n<li>Visites en petit grup: En grups de 16 persones (2 m\u00e0xim per unitat familiar) us mostrarem les nostres instal\u00b7lacions.<\/li>\n<\/ul>\n<p><span style=\"color: #993366;\"><strong>SOBRE LA PREINSCRIPCI\u00d3:<\/strong><\/span> La Preinscripci\u00f3 per estudiar Educaci\u00f3 Infantil i Prim\u00e0ria el proper curs 2022-2023 es far\u00e0 en format telem\u00e0tic del 7 al 21 de mar\u00e7.<\/p>\n<p>Si teniu dificultat en fer-la on-line, us suggerim que truqueu a l\u2019escola al tel\u00e8fon 977671353 i us ajudarem a fer el tr\u00e0mit.<\/p>\n<p><strong>Us pengem el link de la web de la preinscripci\u00f3 ( <\/strong><a href=\"https:\/\/preinscripcio.gencat.cat\/ca\/inici\/\"><strong>preinscripcio.gencat.cat<\/strong><\/a><strong> ) on trobareu tota la informaci\u00f3 necess\u00e0ria per tramitar-la.<\/strong><\/p>\n<p><a href=\"https:\/\/agora.xtec.cat\/escolasantjulia\/wp-content\/uploads\/usu423\/2022\/02\/OFERTA-DE-PLACES-CURS-2022-2O23.pdf\">OFERTA DE PLACES CURS 2022-2O23<\/a> (cliqueu per visualitzar el nombre inical de places que ofertem al nostre centre).<\/p>\n<p>&nbsp;<\/p>\n<p><strong><span style=\"color: #993366;\">FINALITZAT EL TERMINI DE PRESENTACI\u00d3 DE SOL\u00b7LICITUDS, PENGEM LES DIFERENTS LLISTES SEGONS EL CALENDARI DE LES FASES DE LA PREINSCIPCI\u00d3:<\/span><\/strong><\/p>\n<p><a href=\"https:\/\/agora.xtec.cat\/escolasantjulia\/wp-content\/uploads\/usu423\/2022\/04\/INFORME_BAREM_PROVISIONAL_BAREM.pdf\">LLISTA PUNTUACI\u00d3 PROVISIONAL<\/a> (cliqueu a sobre per visualitzar la llista).\u00a0 El termini de presentaci\u00f3 de reclamacions \u00e9s del 22 al 28 d&#8217;abril.<\/p>\n<p><a href=\"https:\/\/agora.xtec.cat\/escolasantjulia\/wp-content\/uploads\/usu423\/2022\/05\/INFORME_BAREM_RESOLTES_RECLAMACIONS-1.pdf\">LLISTA PUNTUACI\u00d3 RESOLTES LES RECLAMACIONS<\/a>\u00a0(cliqueu a sobre per visualitzar la llista)<\/p>\n<p><a href=\"https:\/\/agora.xtec.cat\/escolasantjulia\/wp-content\/uploads\/usu423\/2022\/05\/INFORME_BAREM_DEFINITIU_BAREM-3.pdf\">LLISTA ORDENADA DEL BAREM<\/a> (cliqueu a sobre per visualitzar la llista)<\/p>\n<p><a href=\"https:\/\/agora.xtec.cat\/escolasantjulia\/wp-content\/uploads\/usu423\/2022\/06\/INFORME_OFERTA_OME_INFORME_OFERTA-13.pdf\">OFERTA DEFINITIVA PLACES CURS 2022\/2023<\/a> (clique per visuatitzar les places definitives que ofertem)<\/p>\n<p><a href=\"https:\/\/agora.xtec.cat\/escolasantjulia\/wp-content\/uploads\/usu423\/2022\/06\/INFORME_ASSIGNADES_INFORME_ASSIGNADES-6.pdf\">LLISTAT ALUMNES ASSIGNATS AL CENTRE 2022\/2023<\/a>(cliqueu a sobre per visualitzar la llistat)<\/p>\n<p><a href=\"https:\/\/agora.xtec.cat\/escolasantjulia\/wp-content\/uploads\/usu423\/2022\/06\/INFORME_PREINSCRITES_OME_INFORME_PREINSCRITES_OME-2.pdf\">LLISTAT ALUMNES PREINSCRITS AL CENTRE 2022\/2023<\/a>(cliqueu a sobre per visualitzar la llista)<\/p>\n<p>&nbsp;<\/p>\n<p><span style=\"color: #993366;\"><strong>MATR\u00cdCULA CURS 2022\/2023<\/strong><\/span><\/p>\n<p>El per\u00edode de matr\u00edcula dels alumnes assignats al centre \u00e9s del <strong>21 al 29 de juny de 2022.<\/strong><\/p>\n<p>Abans del dia 21 de juny rebreu les instruccions per formalitzar la matr\u00edcula al correu electr\u00f2nic que vau informar a la sol\u00b7licitud de preinscripci\u00f3.<\/p>\n<p>&nbsp;<\/p>\n","protected":false},"excerpt":{"rendered":"<p>V\u00cdDEO DE PRESENTACI\u00d3 DE LA NOSTRA ESCOLA: Els alumnes de la nostra escola us volen ensenyar el que fan. \u00c9s per aix\u00f2 que hem editat un v\u00eddeo que mostra com \u00e9s el nostre dia a dia. VOLEU VEURE COM TREBALLEM? Mira el v\u00eddeo de la nostra escola!!! JORNADA DE PORTES OBERTES PRESENCIALS: Per poder venir [&hellip;]<\/p>\n","protected":false},"author":23,"featured_media":0,"comment_status":"open","ping_status":"closed","sticky":false,"template":"","format":"standard","meta":{"_bbp_topic_count":0,"_bbp_reply_count":0,"_bbp_total_topic_count":0,"_bbp_total_reply_count":0,"_bbp_voice_count":0,"_bbp_anonymous_reply_count":0,"_bbp_topic_count_hidden":0,"_bbp_reply_count_hidden":0,"_bbp_forum_subforum_count":0,"site-sidebar-layout":"default","site-content-layout":"","ast-site-content-layout":"","site-content-style":"default","site-sidebar-style":"default","ast-global-header-display":"","ast-banner-title-visibility":"","ast-main-header-display":"","ast-hfb-above-header-display":"","ast-hfb-below-header-display":"","ast-hfb-mobile-header-display":"","site-post-title":"","ast-breadcrumbs-content":"","ast-featured-img":"","footer-sml-layout":"","theme-transparent-header-meta":"","adv-header-id-meta":"","stick-header-meta":"","header-above-stick-meta":"","header-main-stick-meta":"","header-below-stick-meta":"","astra-migrate-meta-layouts":"default","ast-page-background-enabled":"default","ast-page-background-meta":{"desktop":{"background-color":"var(--ast-global-color-4)","background-image":"","background-repeat":"repeat","background-position":"center center","background-size":"auto","background-attachment":"scroll","background-type":"","background-media":"","overlay-type":"","overlay-color":"","overlay-opacity":"","overlay-gradient":""},"tablet":{"background-color":"","background-image":"","background-repeat":"repeat","background-position":"center center","background-size":"auto","background-attachment":"scroll","background-type":"","background-media":"","overlay-type":"","overlay-color":"","overlay-opacity":"","overlay-gradient":""},"mobile":{"background-color":"","background-image":"","background-repeat":"repeat","background-position":"center center","background-size":"auto","background-attachment":"scroll","background-type":"","background-media":"","overlay-type":"","overlay-color":"","overlay-opacity":"","overlay-gradient":""}},"ast-content-background-meta":{"desktop":{"background-color":"var(--ast-global-color-5)","background-image":"","background-repeat":"repeat","background-position":"center center","background-size":"auto","background-attachment":"scroll","background-type":"","background-media":"","overlay-type":"","overlay-color":"","overlay-opacity":"","overlay-gradient":""},"tablet":{"background-color":"var(--ast-global-color-5)","background-image":"","background-repeat":"repeat","background-position":"center center","background-size":"auto","background-attachment":"scroll","background-type":"","background-media":"","overlay-type":"","overlay-color":"","overlay-opacity":"","overlay-gradient":""},"mobile":{"background-color":"var(--ast-global-color-5)","background-image":"","background-repeat":"repeat","background-position":"center center","background-size":"auto","background-attachment":"scroll","background-type":"","background-media":"","overlay-type":"","overlay-color":"","overlay-opacity":"","overlay-gradient":""}},"footnotes":""},"categories":[462,1,485],"tags":[],"class_list":["post-4492","post","type-post","status-publish","format-standard","hentry","category-curs-2021-22","category-general","category-preinscripcio-2022-23"],"post_mailing_queue_ids":[],"_links":{"self":[{"href":"https:\/\/agora.xtec.cat\/escolasantjulia\/wp-json\/wp\/v2\/posts\/4492","targetHints":{"allow":["GET"]}}],"collection":[{"href":"https:\/\/agora.xtec.cat\/escolasantjulia\/wp-json\/wp\/v2\/posts"}],"about":[{"href":"https:\/\/agora.xtec.cat\/escolasantjulia\/wp-json\/wp\/v2\/types\/post"}],"author":[{"embeddable":true,"href":"https:\/\/agora.xtec.cat\/escolasantjulia\/wp-json\/wp\/v2\/users\/23"}],"replies":[{"embeddable":true,"href":"https:\/\/agora.xtec.cat\/escolasantjulia\/wp-json\/wp\/v2\/comments?post=4492"}],"version-history":[{"count":3,"href":"https:\/\/agora.xtec.cat\/escolasantjulia\/wp-json\/wp\/v2\/posts\/4492\/revisions"}],"predecessor-version":[{"id":4587,"href":"https:\/\/agora.xtec.cat\/escolasantjulia\/wp-json\/wp\/v2\/posts\/4492\/revisions\/4587"}],"wp:attachment":[{"href":"https:\/\/agora.xtec.cat\/escolasantjulia\/wp-json\/wp\/v2\/media?parent=4492"}],"wp:term":[{"taxonomy":"category","embeddable":true,"href":"https:\/\/agora.xtec.cat\/escolasantjulia\/wp-json\/wp\/v2\/categories?post=4492"},{"taxonomy":"post_tag","embeddable":true,"href":"https:\/\/agora.xtec.cat\/escolasantjulia\/wp-json\/wp\/v2\/tags?post=4492"}],"curies":[{"name":"wp","href":"https:\/\/api.w.org\/{rel}","templated":true}]}}