{"id":4439,"date":"2021-12-13T19:35:08","date_gmt":"2021-12-13T18:35:08","guid":{"rendered":"https:\/\/agora.xtec.cat\/escolasantjulia\/?p=4439"},"modified":"2021-12-13T19:35:08","modified_gmt":"2021-12-13T18:35:08","slug":"constitucio-del-nou-consell-escolar","status":"publish","type":"post","link":"https:\/\/agora.xtec.cat\/escolasantjulia\/general\/constitucio-del-nou-consell-escolar\/","title":{"rendered":"CONSTITUCI\u00d3 DEL NOU CONSELL ESCOLAR"},"content":{"rendered":"<h3><strong>Benvolgudes fam\u00edlies,<\/strong><\/h3>\n<h3><strong>Avui, 13 de desembre de 2021, s&#8217;ha constitu\u00eft el nou Consell Escolar, resultat de les eleccions del passat novembre.<\/strong><\/h3>\n<h3><strong>Volem agrair la participaci\u00f3 als membres sortints i donem la benvinguda als membres electes.<\/strong><\/h3>\n<h3><strong>Actualment formen part del Consell Escolar:<\/strong><\/h3>\n<p>&nbsp;<\/p>\n<table class=\"table table-bordered\">\n<tbody>\n<tr>\n<td>\n<h3><b>SECTOR<\/b><\/h3>\n<\/td>\n<td>\n<h3><b>MEMBRES<\/b><\/h3>\n<\/td>\n<\/tr>\n<tr>\n<td>\n<h3>Equip Directiu<\/h3>\n<\/td>\n<td>\n<h3>Xelo D\u00edaz (Directora)<br \/>\nAssumpci\u00f3 Aguad\u00e9 (Cap d&#8217;Estudis)<br \/>\nDiego Tello (Secretari)<\/h3>\n<\/td>\n<\/tr>\n<tr>\n<td>\n<h3>Representant Ajuntament<\/h3>\n<\/td>\n<td>\n<h3>Joan Sans (Alcalde)<\/h3>\n<\/td>\n<\/tr>\n<tr>\n<td>\n<h3>Representant PAS<\/h3>\n<\/td>\n<td>\n<h3>Rosa Serrano<\/h3>\n<\/td>\n<\/tr>\n<tr>\n<td>\n<h3>Sector Fam\u00edlies<\/h3>\n<\/td>\n<td>\n<h3>Merc\u00e8 Arnan<br \/>\nJoana Chord\u00e0<br \/>\nAna Bel\u00e9n Igl\u00e9sias<br \/>\nGerard Guasch<\/h3>\n<\/td>\n<\/tr>\n<tr>\n<td>\n<h3>Representant AMPA<\/h3>\n<\/td>\n<td>\n<h3>Carla R\u00e0fols (Presidenta)<\/h3>\n<\/td>\n<\/tr>\n<tr>\n<td>\n<h3>Sector Mestres<\/h3>\n<\/td>\n<td>\n<h3>Eva Moreno<br \/>\nSandra Garcia<br \/>\nSandra Reboll<br \/>\nN\u00faria Bujald\u00f3n<br \/>\nRuth Ort\u00edz<\/h3>\n<\/td>\n<\/tr>\n<\/tbody>\n<\/table>\n","protected":false},"excerpt":{"rendered":"<p>Benvolgudes fam\u00edlies, Avui, 13 de desembre de 2021, s&#8217;ha constitu\u00eft el nou Consell Escolar, resultat de les eleccions del passat novembre. Volem agrair la participaci\u00f3 als membres sortints i donem la benvinguda als membres electes. Actualment formen part del Consell Escolar: &nbsp; SECTOR MEMBRES Equip Directiu Xelo D\u00edaz (Directora) Assumpci\u00f3 Aguad\u00e9 (Cap d&#8217;Estudis) Diego Tello [&hellip;]<\/p>\n","protected":false},"author":23,"featured_media":0,"comment_status":"open","ping_status":"closed","sticky":false,"template":"","format":"standard","meta":{"_bbp_topic_count":0,"_bbp_reply_count":0,"_bbp_total_topic_count":0,"_bbp_total_reply_count":0,"_bbp_voice_count":0,"_bbp_anonymous_reply_count":0,"_bbp_topic_count_hidden":0,"_bbp_reply_count_hidden":0,"_bbp_forum_subforum_count":0,"site-sidebar-layout":"default","site-content-layout":"","ast-site-content-layout":"","site-content-style":"default","site-sidebar-style":"default","ast-global-header-display":"","ast-banner-title-visibility":"","ast-main-header-display":"","ast-hfb-above-header-display":"","ast-hfb-below-header-display":"","ast-hfb-mobile-header-display":"","site-post-title":"","ast-breadcrumbs-content":"","ast-featured-img":"","footer-sml-layout":"","theme-transparent-header-meta":"","adv-header-id-meta":"","stick-header-meta":"","header-above-stick-meta":"","header-main-stick-meta":"","header-below-stick-meta":"","astra-migrate-meta-layouts":"default","ast-page-background-enabled":"default","ast-page-background-meta":{"desktop":{"background-color":"var(--ast-global-color-4)","background-image":"","background-repeat":"repeat","background-position":"center center","background-size":"auto","background-attachment":"scroll","background-type":"","background-media":"","overlay-type":"","overlay-color":"","overlay-opacity":"","overlay-gradient":""},"tablet":{"background-color":"","background-image":"","background-repeat":"repeat","background-position":"center center","background-size":"auto","background-attachment":"scroll","background-type":"","background-media":"","overlay-type":"","overlay-color":"","overlay-opacity":"","overlay-gradient":""},"mobile":{"background-color":"","background-image":"","background-repeat":"repeat","background-position":"center center","background-size":"auto","background-attachment":"scroll","background-type":"","background-media":"","overlay-type":"","overlay-color":"","overlay-opacity":"","overlay-gradient":""}},"ast-content-background-meta":{"desktop":{"background-color":"var(--ast-global-color-5)","background-image":"","background-repeat":"repeat","background-position":"center center","background-size":"auto","background-attachment":"scroll","background-type":"","background-media":"","overlay-type":"","overlay-color":"","overlay-opacity":"","overlay-gradient":""},"tablet":{"background-color":"var(--ast-global-color-5)","background-image":"","background-repeat":"repeat","background-position":"center center","background-size":"auto","background-attachment":"scroll","background-type":"","background-media":"","overlay-type":"","overlay-color":"","overlay-opacity":"","overlay-gradient":""},"mobile":{"background-color":"var(--ast-global-color-5)","background-image":"","background-repeat":"repeat","background-position":"center center","background-size":"auto","background-attachment":"scroll","background-type":"","background-media":"","overlay-type":"","overlay-color":"","overlay-opacity":"","overlay-gradient":""}},"footnotes":""},"categories":[1],"tags":[],"class_list":["post-4439","post","type-post","status-publish","format-standard","hentry","category-general"],"post_mailing_queue_ids":[],"_links":{"self":[{"href":"https:\/\/agora.xtec.cat\/escolasantjulia\/wp-json\/wp\/v2\/posts\/4439","targetHints":{"allow":["GET"]}}],"collection":[{"href":"https:\/\/agora.xtec.cat\/escolasantjulia\/wp-json\/wp\/v2\/posts"}],"about":[{"href":"https:\/\/agora.xtec.cat\/escolasantjulia\/wp-json\/wp\/v2\/types\/post"}],"author":[{"embeddable":true,"href":"https:\/\/agora.xtec.cat\/escolasantjulia\/wp-json\/wp\/v2\/users\/23"}],"replies":[{"embeddable":true,"href":"https:\/\/agora.xtec.cat\/escolasantjulia\/wp-json\/wp\/v2\/comments?post=4439"}],"version-history":[{"count":2,"href":"https:\/\/agora.xtec.cat\/escolasantjulia\/wp-json\/wp\/v2\/posts\/4439\/revisions"}],"predecessor-version":[{"id":4441,"href":"https:\/\/agora.xtec.cat\/escolasantjulia\/wp-json\/wp\/v2\/posts\/4439\/revisions\/4441"}],"wp:attachment":[{"href":"https:\/\/agora.xtec.cat\/escolasantjulia\/wp-json\/wp\/v2\/media?parent=4439"}],"wp:term":[{"taxonomy":"category","embeddable":true,"href":"https:\/\/agora.xtec.cat\/escolasantjulia\/wp-json\/wp\/v2\/categories?post=4439"},{"taxonomy":"post_tag","embeddable":true,"href":"https:\/\/agora.xtec.cat\/escolasantjulia\/wp-json\/wp\/v2\/tags?post=4439"}],"curies":[{"name":"wp","href":"https:\/\/api.w.org\/{rel}","templated":true}]}}