{"id":4337,"date":"2021-11-02T10:31:46","date_gmt":"2021-11-02T09:31:46","guid":{"rendered":"https:\/\/agora.xtec.cat\/escolasantjulia\/?p=4337"},"modified":"2021-11-02T10:38:16","modified_gmt":"2021-11-02T09:38:16","slug":"eleccions-consell-escolar","status":"publish","type":"post","link":"https:\/\/agora.xtec.cat\/escolasantjulia\/general\/eleccions-consell-escolar\/","title":{"rendered":"Eleccions Consell Escolar"},"content":{"rendered":"<p>El Departament d&#8217;Educaci\u00f3 ha convocat eleccions per tal de renovar els representants als Consells Escolars dels Centres Docents p\u00fablics de Catalunya. El proc\u00e9s electoral s&#8217;efectuar\u00e0 per renovar la meitat dels membres de cadascun dels sectors que formen els consells escolars.<\/p>\n<p><strong>\u00a0Qu\u00e8 \u00e9s un Consell Escolar?<\/strong><\/p>\n<p>El Consell Escolar del centre \u00e9s l&#8217;\u00f2rgan de participaci\u00f3 de la comunitat escolar en el govern del centre, amb funcions en l&#8217;\u00e0mbit de la programaci\u00f3 general, i en el seguiment de les seves activitats.<\/p>\n<p>Els membres del Consell Escolar s\u00f3n escollits per quatre anys. Cada dos anys es renova la meitat dels membres representants de mestres i la meitat de representants del sector fam\u00edlies d&#8217;alumnes (aquestes eleccions s\u00f3n 3 membres per sector).<\/p>\n<p><strong>Quina \u00e9s la composici\u00f3 del Consell Escolar de la nostra escola:<\/strong><\/p>\n<ul>\n<li>La directora del centre, que n&#8217;\u00e9s la presidenta.<\/li>\n<li>La Cap d&#8217;Estudis.<\/li>\n<li>El Secretari (amb veu per\u00f2 sense vot).<\/li>\n<li>1 representant de l&#8217;Ajuntament.<\/li>\n<li>5 mestres elegits pel Claustre.<\/li>\n<li>5 pares\/mares\/tutors o tutores legals elegits entre ells, incl\u00f2s 1 representant de l&#8217;AMPA.<\/li>\n<li>1 representant del personal d&#8217;administraci\u00f3 i serveis (PAS).<\/li>\n<li>1 representant del personal d&#8217;atenci\u00f3 educativa (PAE).<\/li>\n<\/ul>\n<p>TOTAL: 16 membres del Consell Escolar del Centre.<\/p>\n<p>Tots ells han de ser elegits per cadascun dels sectors corresponents (sector fam\u00edlies, sector mestres, sector serveis). Excepte:<\/p>\n<ul>\n<li>La directora, la cap d&#8217;estudis i el secretari.<\/li>\n<li>El\/la representant de l&#8217;Ajuntament.<\/li>\n<li>El\/la representant de l&#8217;AMPA que la designa la pr\u00f2pia associaci\u00f3.<\/li>\n<\/ul>\n<p><strong>Qui t\u00e9 dret a vot?<\/strong><\/p>\n<p>Tots els pares, mares i els\/les tutors\/es legals, els fills i filles dels quals estiguin matriculats\/des al centre en el moment de la convocat\u00f2ria de les eleccions.<\/p>\n<p><strong>Procediment d&#8217;elecci\u00f3 o renovaci\u00f3 dels membres del Consell Escolar. SECTOR PARES<\/strong><\/p>\n<ul>\n<li>A partir del 3 de novembre podeu comprovar el cens de mares i pares. El trobareu al taulell d&#8217;anuncis situat abans d&#8217;entrar al rebedor de l&#8217;escola.<\/li>\n<li>Poden ser candidats\/es al sector de pares: tots els pares o mares o tutors legals d&#8217;alumnes del centre. Per se candidat cal omplir un impr\u00e8s que podeu recollir a l&#8217;escola i descarregar d&#8217;aquest mateix article. Hi ha temps fins el 18 de novembre.<\/li>\n<\/ul>\n<p><a href=\"https:\/\/agora.xtec.cat\/escolasantjulia\/wp-content\/uploads\/usu423\/2021\/11\/PRESENTACIO-CANDIDATURA.pdf\">PRESENTACI\u00d3 CANDIDATURA<\/a><\/p>\n<ul>\n<li>Votacions: Les votacions s\u00f3n personals, directes i secretes. Pot votar tant el pare com la mare o el tutor\/a legal dels alumnes escolaritzats en el Centre.<\/li>\n<li>Mesa electoral: A la mesa electoral hi haur\u00e0 el director i dos pares o mares que els hi hagi tocat per sorteig. Actuar\u00e0 de secretari7a el pare o la mare de menys edat.<\/li>\n<\/ul>\n<p style=\"text-align: center;\"><strong>Calendari de la convocat\u00f2ria d&#8217;eleccions al Consell Escolar<\/strong><\/p>\n<table style=\"border-collapse: collapse; width: 100%; height: 401px;\">\n<tbody>\n<tr style=\"height: 31px;\">\n<td style=\"width: 25%; height: 31px; text-align: center;\"><strong>DIA<\/strong><\/td>\n<td style=\"width: 25%; height: 31px; text-align: center;\"><strong>HORA<\/strong><\/td>\n<td style=\"width: 25%; height: 31px; text-align: center;\"><strong>LLOC<\/strong><\/td>\n<td style=\"width: 25%; height: 31px; text-align: center;\"><strong>ACTE<\/strong><\/td>\n<\/tr>\n<tr style=\"height: 31px;\">\n<td style=\"width: 25%; height: 31px;\">Dimarts 2 novembre 2021<\/td>\n<td style=\"width: 25%; height: 31px;\">a les 9h<\/td>\n<td style=\"width: 25%; height: 31px;\">al taulell rebedor<\/td>\n<td style=\"width: 25%; height: 31px;\">Publicaci\u00f3 del cens sector Mestres<\/td>\n<\/tr>\n<tr style=\"height: 31px;\">\n<td style=\"width: 25%; height: 31px;\">Dimecres 3 de novembre de 2021<\/td>\n<td style=\"width: 25%; height: 31px;\">a les 9h<\/td>\n<td style=\"width: 25%; height: 31px;\">al taulell anuncis exterior (davant secretaria)<\/td>\n<td style=\"width: 25%; height: 31px;\">Publicaci\u00f3 del cens sector Fam\u00edlies<\/td>\n<\/tr>\n<tr style=\"height: 31px;\">\n<td style=\"width: 25%; height: 31px;\">Dijous 4 de novembre de 2021<\/td>\n<td style=\"width: 25%; height: 31px;\">a les 10.45<\/td>\n<td style=\"width: 25%; height: 31px;\">a secretaria<\/td>\n<td style=\"width: 25%; height: 31px;\">Designaci\u00f3 membres mesa sector fam\u00edlies<\/td>\n<\/tr>\n<tr style=\"height: 31px;\">\n<td style=\"width: 25%; height: 31px;\">Del 3 al 5 de novembre de 2021<\/td>\n<td style=\"width: 25%; height: 31px;\">de 9h a 10h<\/td>\n<td style=\"width: 25%; height: 31px;\">al despatx de direcci\u00f3<\/td>\n<td style=\"width: 25%; height: 31px;\">Presentaci\u00f3 reclamacions al cens<\/td>\n<\/tr>\n<tr style=\"height: 31px;\">\n<td style=\"width: 25%; height: 31px;\">Dimecres 10 de novembre de 2021<\/td>\n<td style=\"width: 25%; height: 31px;\">a les 12.30h<\/td>\n<td style=\"width: 25%; height: 31px;\">al despatx de direcci\u00f3<\/td>\n<td style=\"width: 25%; height: 31px;\">Constituci\u00f3 mesa sector Mestres<\/td>\n<\/tr>\n<tr style=\"height: 31px;\">\n<td style=\"width: 25%; height: 31px;\">Dimecres 10 de novembre de 2021<\/td>\n<td style=\"width: 25%; height: 31px;\">a les 15h<\/td>\n<td style=\"width: 25%; height: 31px;\">al despatx de direcci\u00f3<\/td>\n<td style=\"width: 25%; height: 31px;\">Constituci\u00f3 mesa sector Fam\u00edlies<\/td>\n<\/tr>\n<tr style=\"height: 31px;\">\n<td style=\"width: 25%; height: 31px;\">Del 12 al 19 de novembre de 2021<\/td>\n<td style=\"width: 25%; height: 31px;\">de 9.45h a 16h<\/td>\n<td style=\"width: 25%; height: 31px;\">al despatx de direcci\u00f3<\/td>\n<td style=\"width: 25%; height: 31px;\">Presentaci\u00f3 candidatures<\/td>\n<\/tr>\n<tr style=\"height: 31px;\">\n<td style=\"width: 25%; height: 31px;\">Dilluns 22 de novembre de 2021<\/td>\n<td style=\"width: 25%; height: 31px;\">de 10h a 16h<\/td>\n<td style=\"width: 25%; height: 31px;\">al taulell anuncis exterior (davant secretaria)<\/td>\n<td style=\"width: 25%; height: 31px;\">Publicaci\u00f3 candidatures diferents sectors<\/td>\n<\/tr>\n<tr style=\"height: 31px;\">\n<td style=\"width: 25%; height: 31px;\">Dimarts 23 de novembre de 2021<\/td>\n<td style=\"width: 25%; height: 31px;\">a les 12.30h<\/td>\n<td style=\"width: 25%; height: 31px;\">a l&#8217;aula 26<\/td>\n<td style=\"width: 25%; height: 31px;\">Eleccions sector Mestres<\/td>\n<\/tr>\n<tr style=\"height: 31px;\">\n<td style=\"width: 25%; height: 31px;\">Dijous 25 de novembre de 2021<\/td>\n<td style=\"width: 25%; height: 31px;\">de 9h a 10h i de 16h a 17.30h<\/td>\n<td style=\"width: 25%; height: 31px;\">al jard\u00ed de l&#8217;entrada principal<\/td>\n<td style=\"width: 25%; height: 31px;\">Eleccions sector Fam\u00edlies<\/td>\n<\/tr>\n<tr style=\"height: 31px;\">\n<td style=\"width: 25%; height: 31px;\">Divendres 26 de novembre de 2021<\/td>\n<td style=\"width: 25%; height: 31px;\">de 10h a 16h<\/td>\n<td style=\"width: 25%; height: 31px;\">al taulell anuncis exterior (davant secretaria)<\/td>\n<td style=\"width: 25%; height: 31px;\">Proclamaci\u00f3 candidats electes<\/td>\n<\/tr>\n<tr style=\"height: 29px;\">\n<td style=\"width: 25%; height: 29px;\">No m\u00e9s tard del 22 de desembre de 2021<\/td>\n<td style=\"width: 25%; height: 29px;\">a les 17.30h<\/td>\n<td style=\"width: 25%; height: 29px;\">a la sala de reunions<\/td>\n<td style=\"width: 25%; height: 29px;\">Constituci\u00f3 del Consell Escolar renovat<\/td>\n<\/tr>\n<\/tbody>\n<\/table>\n<p>Per m\u00e9s informaci\u00f3 cliqueu el seg\u00fcent enlla\u00e7 (RESOLUCI\u00d3 EDU\/3043\/2021,de 6 octubre publicat al DOGC, n\u00fam. 8521 &#8211; del 13 d&#8217;octubre del 2021)<\/p>\n<p><a href=\"http:\/\/(RESOLUCI\u00d3 EDU\/3043\/2021, de 6 d'octubre publicat al DOGC N\u00fam. 8521 - 13.10.2021)\">https:\/\/dogc.gencat.cat\/ca\/document-del-dogc\/?documentId=912090<\/a><\/p>\n<p>Xelo D\u00edaz Corpas<\/p>\n<p>Presidenta del Consell Escolar de l&#8217;Escola Sant Juli\u00e0<\/p>\n","protected":false},"excerpt":{"rendered":"<p>El Departament d&#8217;Educaci\u00f3 ha convocat eleccions per tal de renovar els representants als Consells Escolars dels Centres Docents p\u00fablics de Catalunya. El proc\u00e9s electoral s&#8217;efectuar\u00e0 per renovar la meitat dels membres de cadascun dels sectors que formen els consells escolars. \u00a0Qu\u00e8 \u00e9s un Consell Escolar? El Consell Escolar del centre \u00e9s l&#8217;\u00f2rgan de participaci\u00f3 de [&hellip;]<\/p>\n","protected":false},"author":23,"featured_media":0,"comment_status":"open","ping_status":"closed","sticky":false,"template":"","format":"standard","meta":{"_bbp_topic_count":0,"_bbp_reply_count":0,"_bbp_total_topic_count":0,"_bbp_total_reply_count":0,"_bbp_voice_count":0,"_bbp_anonymous_reply_count":0,"_bbp_topic_count_hidden":0,"_bbp_reply_count_hidden":0,"_bbp_forum_subforum_count":0,"site-sidebar-layout":"default","site-content-layout":"","ast-site-content-layout":"","site-content-style":"default","site-sidebar-style":"default","ast-global-header-display":"","ast-banner-title-visibility":"","ast-main-header-display":"","ast-hfb-above-header-display":"","ast-hfb-below-header-display":"","ast-hfb-mobile-header-display":"","site-post-title":"","ast-breadcrumbs-content":"","ast-featured-img":"","footer-sml-layout":"","theme-transparent-header-meta":"","adv-header-id-meta":"","stick-header-meta":"","header-above-stick-meta":"","header-main-stick-meta":"","header-below-stick-meta":"","astra-migrate-meta-layouts":"default","ast-page-background-enabled":"default","ast-page-background-meta":{"desktop":{"background-color":"var(--ast-global-color-4)","background-image":"","background-repeat":"repeat","background-position":"center center","background-size":"auto","background-attachment":"scroll","background-type":"","background-media":"","overlay-type":"","overlay-color":"","overlay-opacity":"","overlay-gradient":""},"tablet":{"background-color":"","background-image":"","background-repeat":"repeat","background-position":"center center","background-size":"auto","background-attachment":"scroll","background-type":"","background-media":"","overlay-type":"","overlay-color":"","overlay-opacity":"","overlay-gradient":""},"mobile":{"background-color":"","background-image":"","background-repeat":"repeat","background-position":"center center","background-size":"auto","background-attachment":"scroll","background-type":"","background-media":"","overlay-type":"","overlay-color":"","overlay-opacity":"","overlay-gradient":""}},"ast-content-background-meta":{"desktop":{"background-color":"var(--ast-global-color-5)","background-image":"","background-repeat":"repeat","background-position":"center center","background-size":"auto","background-attachment":"scroll","background-type":"","background-media":"","overlay-type":"","overlay-color":"","overlay-opacity":"","overlay-gradient":""},"tablet":{"background-color":"var(--ast-global-color-5)","background-image":"","background-repeat":"repeat","background-position":"center center","background-size":"auto","background-attachment":"scroll","background-type":"","background-media":"","overlay-type":"","overlay-color":"","overlay-opacity":"","overlay-gradient":""},"mobile":{"background-color":"var(--ast-global-color-5)","background-image":"","background-repeat":"repeat","background-position":"center center","background-size":"auto","background-attachment":"scroll","background-type":"","background-media":"","overlay-type":"","overlay-color":"","overlay-opacity":"","overlay-gradient":""}},"footnotes":""},"categories":[1],"tags":[],"class_list":["post-4337","post","type-post","status-publish","format-standard","hentry","category-general"],"post_mailing_queue_ids":[],"_links":{"self":[{"href":"https:\/\/agora.xtec.cat\/escolasantjulia\/wp-json\/wp\/v2\/posts\/4337","targetHints":{"allow":["GET"]}}],"collection":[{"href":"https:\/\/agora.xtec.cat\/escolasantjulia\/wp-json\/wp\/v2\/posts"}],"about":[{"href":"https:\/\/agora.xtec.cat\/escolasantjulia\/wp-json\/wp\/v2\/types\/post"}],"author":[{"embeddable":true,"href":"https:\/\/agora.xtec.cat\/escolasantjulia\/wp-json\/wp\/v2\/users\/23"}],"replies":[{"embeddable":true,"href":"https:\/\/agora.xtec.cat\/escolasantjulia\/wp-json\/wp\/v2\/comments?post=4337"}],"version-history":[{"count":3,"href":"https:\/\/agora.xtec.cat\/escolasantjulia\/wp-json\/wp\/v2\/posts\/4337\/revisions"}],"predecessor-version":[{"id":4342,"href":"https:\/\/agora.xtec.cat\/escolasantjulia\/wp-json\/wp\/v2\/posts\/4337\/revisions\/4342"}],"wp:attachment":[{"href":"https:\/\/agora.xtec.cat\/escolasantjulia\/wp-json\/wp\/v2\/media?parent=4337"}],"wp:term":[{"taxonomy":"category","embeddable":true,"href":"https:\/\/agora.xtec.cat\/escolasantjulia\/wp-json\/wp\/v2\/categories?post=4337"},{"taxonomy":"post_tag","embeddable":true,"href":"https:\/\/agora.xtec.cat\/escolasantjulia\/wp-json\/wp\/v2\/tags?post=4337"}],"curies":[{"name":"wp","href":"https:\/\/api.w.org\/{rel}","templated":true}]}}