{"id":4299,"date":"2021-10-03T23:49:42","date_gmt":"2021-10-03T21:49:42","guid":{"rendered":"https:\/\/agora.xtec.cat\/escolasantjulia\/?p=4299"},"modified":"2021-10-03T23:55:00","modified_gmt":"2021-10-03T21:55:00","slug":"inici-de-les-classes-de-violi-a-5e","status":"publish","type":"post","link":"https:\/\/agora.xtec.cat\/escolasantjulia\/general\/inici-de-les-classes-de-violi-a-5e\/","title":{"rendered":"Inici de les classes de viol\u00ed a 5\u00e8"},"content":{"rendered":"<p>&nbsp;<\/p>\n<p><a href=\"https:\/\/photos.app.goo.gl\/sQhdfRV2b575UXx59\" target=\"_blank\" rel=\"noopener\"><img loading=\"lazy\" decoding=\"async\" class=\"alignleft wp-image-4301\" src=\"https:\/\/agora.xtec.cat\/escolasantjulia\/wp-content\/uploads\/usu423\/2021\/10\/IMG_20210929_103514.jpg\" alt=\"\" width=\"287\" height=\"215\" srcset=\"https:\/\/agora.xtec.cat\/escolasantjulia\/wp-content\/uploads\/usu423\/2021\/10\/IMG_20210929_103514.jpg 416w, https:\/\/agora.xtec.cat\/escolasantjulia\/wp-content\/uploads\/usu423\/2021\/10\/IMG_20210929_103514-300x225.jpg 300w, https:\/\/agora.xtec.cat\/escolasantjulia\/wp-content\/uploads\/usu423\/2021\/10\/IMG_20210929_103514-200x150.jpg 200w\" sizes=\"auto, (max-width: 287px) 100vw, 287px\" \/><\/a><\/p>\n<p>Per fi, torna l\u2019orquestra al Sant Juli\u00e0, despr\u00e9s de l\u2019aturada per la pand\u00e8mia. Aquest cop, els i les alumnes de 5\u00e8 podran gaudir aprenent a tocar el viol\u00ed. Fixeu-vos qu\u00e8 aplicats estan tots i totes amb els primers passos: com posen la costella i com aprenen a col\u00b7locar-se el viol\u00ed en una bona posici\u00f3 per comen\u00e7ar a tocar.<\/p>\n<p>&nbsp;<\/p>\n<p><a href=\"https:\/\/photos.app.goo.gl\/sQhdfRV2b575UXx59\" target=\"_blank\" rel=\"noopener\"><span style=\"color: #ff6600;\"><strong>Cliqueu la imatge<\/strong><\/span><\/a> per veure m\u00e9s fotos.<\/p>\n","protected":false},"excerpt":{"rendered":"<p>&nbsp; Per fi, torna l\u2019orquestra al Sant Juli\u00e0, despr\u00e9s de l\u2019aturada per la pand\u00e8mia. Aquest cop, els i les alumnes de 5\u00e8 podran gaudir aprenent a tocar el viol\u00ed. Fixeu-vos qu\u00e8 aplicats estan tots i totes amb els primers passos: com posen la costella i com aprenen a col\u00b7locar-se el viol\u00ed en una bona posici\u00f3 [&hellip;]<\/p>\n","protected":false},"author":1,"featured_media":4306,"comment_status":"open","ping_status":"closed","sticky":false,"template":"","format":"standard","meta":{"_bbp_topic_count":0,"_bbp_reply_count":0,"_bbp_total_topic_count":0,"_bbp_total_reply_count":0,"_bbp_voice_count":0,"_bbp_anonymous_reply_count":0,"_bbp_topic_count_hidden":0,"_bbp_reply_count_hidden":0,"_bbp_forum_subforum_count":0,"site-sidebar-layout":"default","site-content-layout":"","ast-site-content-layout":"","site-content-style":"default","site-sidebar-style":"default","ast-global-header-display":"","ast-banner-title-visibility":"","ast-main-header-display":"","ast-hfb-above-header-display":"","ast-hfb-below-header-display":"","ast-hfb-mobile-header-display":"","site-post-title":"","ast-breadcrumbs-content":"","ast-featured-img":"","footer-sml-layout":"","theme-transparent-header-meta":"","adv-header-id-meta":"","stick-header-meta":"","header-above-stick-meta":"","header-main-stick-meta":"","header-below-stick-meta":"","astra-migrate-meta-layouts":"default","ast-page-background-enabled":"default","ast-page-background-meta":{"desktop":{"background-color":"var(--ast-global-color-4)","background-image":"","background-repeat":"repeat","background-position":"center center","background-size":"auto","background-attachment":"scroll","background-type":"","background-media":"","overlay-type":"","overlay-color":"","overlay-opacity":"","overlay-gradient":""},"tablet":{"background-color":"","background-image":"","background-repeat":"repeat","background-position":"center center","background-size":"auto","background-attachment":"scroll","background-type":"","background-media":"","overlay-type":"","overlay-color":"","overlay-opacity":"","overlay-gradient":""},"mobile":{"background-color":"","background-image":"","background-repeat":"repeat","background-position":"center center","background-size":"auto","background-attachment":"scroll","background-type":"","background-media":"","overlay-type":"","overlay-color":"","overlay-opacity":"","overlay-gradient":""}},"ast-content-background-meta":{"desktop":{"background-color":"var(--ast-global-color-5)","background-image":"","background-repeat":"repeat","background-position":"center center","background-size":"auto","background-attachment":"scroll","background-type":"","background-media":"","overlay-type":"","overlay-color":"","overlay-opacity":"","overlay-gradient":""},"tablet":{"background-color":"var(--ast-global-color-5)","background-image":"","background-repeat":"repeat","background-position":"center center","background-size":"auto","background-attachment":"scroll","background-type":"","background-media":"","overlay-type":"","overlay-color":"","overlay-opacity":"","overlay-gradient":""},"mobile":{"background-color":"var(--ast-global-color-5)","background-image":"","background-repeat":"repeat","background-position":"center center","background-size":"auto","background-attachment":"scroll","background-type":"","background-media":"","overlay-type":"","overlay-color":"","overlay-opacity":"","overlay-gradient":""}},"footnotes":""},"categories":[21,462,1,14],"tags":[132,464,183],"class_list":["post-4299","post","type-post","status-publish","format-standard","has-post-thumbnail","hentry","category-activitats-escola","category-curs-2021-22","category-general","category-5e","tag-musica","tag-orquestra","tag-violi"],"post_mailing_queue_ids":[],"_links":{"self":[{"href":"https:\/\/agora.xtec.cat\/escolasantjulia\/wp-json\/wp\/v2\/posts\/4299","targetHints":{"allow":["GET"]}}],"collection":[{"href":"https:\/\/agora.xtec.cat\/escolasantjulia\/wp-json\/wp\/v2\/posts"}],"about":[{"href":"https:\/\/agora.xtec.cat\/escolasantjulia\/wp-json\/wp\/v2\/types\/post"}],"author":[{"embeddable":true,"href":"https:\/\/agora.xtec.cat\/escolasantjulia\/wp-json\/wp\/v2\/users\/1"}],"replies":[{"embeddable":true,"href":"https:\/\/agora.xtec.cat\/escolasantjulia\/wp-json\/wp\/v2\/comments?post=4299"}],"version-history":[{"count":3,"href":"https:\/\/agora.xtec.cat\/escolasantjulia\/wp-json\/wp\/v2\/posts\/4299\/revisions"}],"predecessor-version":[{"id":4310,"href":"https:\/\/agora.xtec.cat\/escolasantjulia\/wp-json\/wp\/v2\/posts\/4299\/revisions\/4310"}],"wp:featuredmedia":[{"embeddable":true,"href":"https:\/\/agora.xtec.cat\/escolasantjulia\/wp-json\/wp\/v2\/media\/4306"}],"wp:attachment":[{"href":"https:\/\/agora.xtec.cat\/escolasantjulia\/wp-json\/wp\/v2\/media?parent=4299"}],"wp:term":[{"taxonomy":"category","embeddable":true,"href":"https:\/\/agora.xtec.cat\/escolasantjulia\/wp-json\/wp\/v2\/categories?post=4299"},{"taxonomy":"post_tag","embeddable":true,"href":"https:\/\/agora.xtec.cat\/escolasantjulia\/wp-json\/wp\/v2\/tags?post=4299"}],"curies":[{"name":"wp","href":"https:\/\/api.w.org\/{rel}","templated":true}]}}