{"id":4187,"date":"2021-06-21T23:07:35","date_gmt":"2021-06-21T21:07:35","guid":{"rendered":"http:\/\/agora.xtec.cat\/escolasantjulia\/?p=4187"},"modified":"2021-06-21T23:09:29","modified_gmt":"2021-06-21T21:09:29","slug":"acte-de-graduacio-de-6e-de-primaria","status":"publish","type":"post","link":"https:\/\/agora.xtec.cat\/escolasantjulia\/general\/acte-de-graduacio-de-6e-de-primaria\/","title":{"rendered":"Acte de graduaci\u00f3 de 6\u00e8 de Prim\u00e0ria"},"content":{"rendered":"<p>Avui hem fet l&#8217;<span style=\"color: #ff6600;\"><strong>acte de graduaci\u00f3<\/strong><\/span> de l&#8217;alumnat de 6\u00e8 de Prim\u00e0ria. Ha estat un acte senzill i emotiu, en el qual alumnes, mestres i fam\u00edlies han pogut compartir un moment tan especial com \u00e9s el tancament de l&#8217;etapa escolar.<\/p>\n<p>Nens i nenes, no us oblidarem mai. Ja sabeu que la nostra escola \u00e9s casa vostra.<\/p>\n<p><img loading=\"lazy\" decoding=\"async\" class=\"size-full wp-image-4189 alignleft\" src=\"https:\/\/agora.xtec.cat\/escolasantjulia\/wp-content\/uploads\/usu423\/2021\/06\/6e\u0300A-e1624305344232.png\" alt=\"\" width=\"600\" height=\"266\" \/><br \/>\n<img loading=\"lazy\" decoding=\"async\" class=\"size-full wp-image-4190 alignleft\" src=\"https:\/\/agora.xtec.cat\/escolasantjulia\/wp-content\/uploads\/usu423\/2021\/06\/6e\u0300B-e1624305367478.png\" alt=\"\" width=\"600\" height=\"266\" \/><br \/>\n<img loading=\"lazy\" decoding=\"async\" class=\"size-full wp-image-4191 alignleft\" src=\"https:\/\/agora.xtec.cat\/escolasantjulia\/wp-content\/uploads\/usu423\/2021\/06\/6e\u0300C-e1624305380466.png\" alt=\"\" width=\"600\" height=\"266\" \/><br \/>\n<img loading=\"lazy\" decoding=\"async\" class=\"size-full wp-image-4192 alignleft\" src=\"https:\/\/agora.xtec.cat\/escolasantjulia\/wp-content\/uploads\/usu423\/2021\/06\/mestres-e1624308754406.png\" alt=\"\" width=\"599\" height=\"266\" \/><\/p>\n<p><iframe loading=\"lazy\" src=\"https:\/\/www.youtube.com\/embed\/W32cPC40IwQ\" width=\"560\" height=\"315\" frameborder=\"0\"><\/iframe><\/p>\n<p style=\"text-align: center;\">\n","protected":false},"excerpt":{"rendered":"<p>Avui hem fet l&#8217;acte de graduaci\u00f3 de l&#8217;alumnat de 6\u00e8 de Prim\u00e0ria. Ha estat un acte senzill i emotiu, en el qual alumnes, mestres i fam\u00edlies han pogut compartir un moment tan especial com \u00e9s el tancament de l&#8217;etapa escolar. Nens i nenes, no us oblidarem mai. Ja sabeu que la nostra escola \u00e9s casa [&hellip;]<\/p>\n","protected":false},"author":1,"featured_media":4193,"comment_status":"open","ping_status":"closed","sticky":false,"template":"","format":"standard","meta":{"_bbp_topic_count":0,"_bbp_reply_count":0,"_bbp_total_topic_count":0,"_bbp_total_reply_count":0,"_bbp_voice_count":0,"_bbp_anonymous_reply_count":0,"_bbp_topic_count_hidden":0,"_bbp_reply_count_hidden":0,"_bbp_forum_subforum_count":0,"site-sidebar-layout":"default","site-content-layout":"","ast-site-content-layout":"","site-content-style":"default","site-sidebar-style":"default","ast-global-header-display":"","ast-banner-title-visibility":"","ast-main-header-display":"","ast-hfb-above-header-display":"","ast-hfb-below-header-display":"","ast-hfb-mobile-header-display":"","site-post-title":"","ast-breadcrumbs-content":"","ast-featured-img":"","footer-sml-layout":"","theme-transparent-header-meta":"","adv-header-id-meta":"","stick-header-meta":"","header-above-stick-meta":"","header-main-stick-meta":"","header-below-stick-meta":"","astra-migrate-meta-layouts":"default","ast-page-background-enabled":"default","ast-page-background-meta":{"desktop":{"background-color":"var(--ast-global-color-4)","background-image":"","background-repeat":"repeat","background-position":"center center","background-size":"auto","background-attachment":"scroll","background-type":"","background-media":"","overlay-type":"","overlay-color":"","overlay-opacity":"","overlay-gradient":""},"tablet":{"background-color":"","background-image":"","background-repeat":"repeat","background-position":"center center","background-size":"auto","background-attachment":"scroll","background-type":"","background-media":"","overlay-type":"","overlay-color":"","overlay-opacity":"","overlay-gradient":""},"mobile":{"background-color":"","background-image":"","background-repeat":"repeat","background-position":"center center","background-size":"auto","background-attachment":"scroll","background-type":"","background-media":"","overlay-type":"","overlay-color":"","overlay-opacity":"","overlay-gradient":""}},"ast-content-background-meta":{"desktop":{"background-color":"var(--ast-global-color-5)","background-image":"","background-repeat":"repeat","background-position":"center center","background-size":"auto","background-attachment":"scroll","background-type":"","background-media":"","overlay-type":"","overlay-color":"","overlay-opacity":"","overlay-gradient":""},"tablet":{"background-color":"var(--ast-global-color-5)","background-image":"","background-repeat":"repeat","background-position":"center center","background-size":"auto","background-attachment":"scroll","background-type":"","background-media":"","overlay-type":"","overlay-color":"","overlay-opacity":"","overlay-gradient":""},"mobile":{"background-color":"var(--ast-global-color-5)","background-image":"","background-repeat":"repeat","background-position":"center center","background-size":"auto","background-attachment":"scroll","background-type":"","background-media":"","overlay-type":"","overlay-color":"","overlay-opacity":"","overlay-gradient":""}},"footnotes":""},"categories":[444,28,1,15],"tags":[99,458,457],"class_list":["post-4187","post","type-post","status-publish","format-standard","has-post-thumbnail","hentry","category-curs-2020-21","category-festes","category-general","category-6e","tag-festa","tag-fi-de-curs","tag-graduacio"],"post_mailing_queue_ids":[],"_links":{"self":[{"href":"https:\/\/agora.xtec.cat\/escolasantjulia\/wp-json\/wp\/v2\/posts\/4187","targetHints":{"allow":["GET"]}}],"collection":[{"href":"https:\/\/agora.xtec.cat\/escolasantjulia\/wp-json\/wp\/v2\/posts"}],"about":[{"href":"https:\/\/agora.xtec.cat\/escolasantjulia\/wp-json\/wp\/v2\/types\/post"}],"author":[{"embeddable":true,"href":"https:\/\/agora.xtec.cat\/escolasantjulia\/wp-json\/wp\/v2\/users\/1"}],"replies":[{"embeddable":true,"href":"https:\/\/agora.xtec.cat\/escolasantjulia\/wp-json\/wp\/v2\/comments?post=4187"}],"version-history":[{"count":3,"href":"https:\/\/agora.xtec.cat\/escolasantjulia\/wp-json\/wp\/v2\/posts\/4187\/revisions"}],"predecessor-version":[{"id":4195,"href":"https:\/\/agora.xtec.cat\/escolasantjulia\/wp-json\/wp\/v2\/posts\/4187\/revisions\/4195"}],"wp:featuredmedia":[{"embeddable":true,"href":"https:\/\/agora.xtec.cat\/escolasantjulia\/wp-json\/wp\/v2\/media\/4193"}],"wp:attachment":[{"href":"https:\/\/agora.xtec.cat\/escolasantjulia\/wp-json\/wp\/v2\/media?parent=4187"}],"wp:term":[{"taxonomy":"category","embeddable":true,"href":"https:\/\/agora.xtec.cat\/escolasantjulia\/wp-json\/wp\/v2\/categories?post=4187"},{"taxonomy":"post_tag","embeddable":true,"href":"https:\/\/agora.xtec.cat\/escolasantjulia\/wp-json\/wp\/v2\/tags?post=4187"}],"curies":[{"name":"wp","href":"https:\/\/api.w.org\/{rel}","templated":true}]}}