{"id":4128,"date":"2021-03-26T20:23:16","date_gmt":"2021-03-26T19:23:16","guid":{"rendered":"http:\/\/agora.xtec.cat\/escolasantjulia\/?p=4128"},"modified":"2021-06-15T12:23:57","modified_gmt":"2021-06-15T10:23:57","slug":"portes-obertes-i-preinscripcio-curs-2021-2022","status":"publish","type":"post","link":"https:\/\/agora.xtec.cat\/escolasantjulia\/general\/portes-obertes-i-preinscripcio-curs-2021-2022\/","title":{"rendered":"PORTES OBERTES I PREINSCRIPCI\u00d3 CURS 2021\/2022"},"content":{"rendered":"<h2><em><strong>JORNADA DE PORTES OBERTES I PREINSCRIPCI\u00d3 I MATR\u00cdCULA CURS 2021-2022<\/strong><\/em><\/h2>\n<p><strong>JORNADA DE PORTES OBERTES<\/strong><\/p>\n<p style=\"text-align: justify;\">AQUEST CURS NO PODEM OBRIR LES\u00a0 PORTES DE LA NOSTRA ESCOLA DE MANERA PRESENCIAL PER AIX\u00d2 HEM FET AQUEST V\u00cdDEO AMB MOLTA IL\u00b7LUSI\u00d3 PER ENSENYAR-VOS QU\u00c8 FEM I COM TREBALLEM.<\/p>\n<p><strong>#<span style=\"color: #ff6600;\">Q<\/span>ue<span style=\"color: #ff6600;\">l<\/span>a<span style=\"color: #ff6600;\">n<\/span>ostra<span style=\"color: #ff6600;\">e<\/span>scola<span style=\"color: #ff6600;\">s<\/span>igui<span style=\"color: #ff6600;\">l<\/span>a<span style=\"color: #ff6600;\">v<\/span>ostra<span style=\"color: #ff6600;\">e<\/span>scola<\/strong><\/p>\n<div class=\"ast-oembed-container \" style=\"height: 100%;\"><iframe loading=\"lazy\" title=\"Jornada Portes Obertes 2021\" width=\"500\" height=\"281\" src=\"https:\/\/www.youtube.com\/embed\/GhpdfUWjtxg?feature=oembed\" frameborder=\"0\" allow=\"accelerometer; autoplay; clipboard-write; encrypted-media; gyroscope; picture-in-picture; web-share\" referrerpolicy=\"strict-origin-when-cross-origin\" allowfullscreen><\/iframe><\/div>\n<p>&nbsp;<\/p>\n<h2><strong>PREINSCRIPCI\u00d3 I MATR\u00cdCULA\u00a0<\/strong><\/h2>\n<p><strong><span style=\"color: #000000;\">DEL 14 AL 18 DE JUNY PER\u00cdODE DE MATRICULACI\u00d3 DELS ALUMNES ASSIGNATS AL CENTRE:<\/span><\/strong><\/p>\n<p>Instruccions per formalitzar la matr\u00edcula:<\/p>\n<p><span style=\"font-size: large;\"><span class=\"gmail_default\">S&#8217;ha de formalitzar la matr\u00edcula dels alumnes assignats al centre fent un email al correu de l&#8217;escola e3000378<span class=\"\">@xtec.cat<\/span> <\/span><\/span><span class=\"gmail_default\">\u00a0<\/span><span class=\"gmail_default\">escrivint la frase\u00a0<\/span><span style=\"font-size: large;\"><span class=\"gmail_default\">&#8220;<b><\/b><\/span><b>confirm<span class=\"gmail_default\">o<\/span>\u00a0que s\u00ed<span class=\"gmail_default\">\u00a0<\/span><\/b><\/span><b>v<span class=\"gmail_default\">ull<\/span>\u00a0matricular<\/b><span class=\"gmail_default\"><b>\u00a0al meu fill\/a qu\u00e8\u00a0es diu (posar el nom del nen\/a)<\/b>\u00a0&#8220;<\/span>\u00a0<span class=\"gmail_default\">.<\/span><\/p>\n<div dir=\"auto\"><span class=\"gmail_default\">Tamb\u00e9 ens heu d&#8217;adjuntar el full del carnet de salut on surten les vacunes i la targeta sanit\u00e0ria del nen\/a.\u00a0<\/span><\/div>\n<div dir=\"auto\">\n<div><\/div>\n<div><\/div>\n<div>Una vegada <span class=\"gmail_default\">formalitzada la matr\u00edcula<\/span>\u00a0us enviar<span class=\"gmail_default\">em<\/span>\u00a0al correu\u00a0<span class=\"gmail_default\">tota la<\/span>\u00a0informaci\u00f3<span class=\"gmail_default\">\u00a0pertinent per a l&#8217;inici del curs escolar 2021\/22.<\/span><\/div>\n<div><\/div>\n<\/div>\n<div><\/div>\n<p>El dia 7 de juny van sortir les llistes del alumnes assignats al nostre centre, les llistes els alumnes que van fer la preinscripci\u00f3 al nostre centre i la llista dels alumnes que resten a l&#8217;espera d&#8217;assignaci\u00f3 de pla\u00e7a. Us adjuntem l&#8217;enlla\u00e7 de cada llistat.<\/p>\n<p><a href=\"https:\/\/agora.xtec.cat\/escolasantjulia\/wp-content\/uploads\/usu423\/2021\/06\/INFORME_ASSIGNADES_INFORME_ASSIGNADES-1.pdf\">LLISTAT ALUMNES ASSIGNATS AL NOSTRE CENTRE<\/a><\/p>\n<p><a href=\"https:\/\/agora.xtec.cat\/escolasantjulia\/wp-content\/uploads\/usu423\/2021\/06\/INFORME_PREINSCRITES_OME_INFORME_PREINSCRITES_OME-1.pdf\">LLISTAT ALUMNES AMB PREINSCRIPCI\u00d3 AL NOSTRE CENTRE<\/a><\/p>\n<p><a href=\"https:\/\/agora.xtec.cat\/escolasantjulia\/wp-content\/uploads\/usu423\/2021\/06\/INFORME_LLISTA_ESPERA_OME_LLISTA_ESPERA-1.pdf\">LLISTAT ALUMNES EN LLISTA D&#8217;ESPERA<\/a><\/p>\n<p>Cliqueu l&#8217;enlla\u00e7 per veure <a href=\"https:\/\/agora.xtec.cat\/escolasantjulia\/wp-content\/uploads\/usu423\/2021\/06\/INFORME_OFERTA_OME_INFORME_OFERTA-12.pdf\">Oferta definitiva de places a 03\/06\/2021<\/a><\/p>\n<p>Cliquu l&#8217;enlla\u00e7 per veure <a href=\"https:\/\/agora.xtec.cat\/escolasantjulia\/wp-content\/uploads\/usu423\/2021\/05\/INFORME_BAREM_DEFINITIU_BAREM-1.pdf\">Llistat definitiu del barem ordenat a 07\/05\/2021<\/a><\/p>\n<p>Cliqueu l&#8217;enlla\u00e7 per veure <a href=\"https:\/\/agora.xtec.cat\/escolasantjulia\/wp-content\/uploads\/usu423\/2021\/04\/INFORME_BAREM_RESOLTES_BAREM-1.pdf\">LListat del barem resoltes les reclamacions a data 30\/04\/2021.<\/a><\/p>\n<p>Ja podeu consultar el <em><strong><a href=\"https:\/\/agora.xtec.cat\/escolasantjulia\/wp-content\/uploads\/usu423\/2021\/04\/INFORME_BAREM_PROVISIONAL_BAREM-2.pdf\">llistat amb la puntuaci\u00f3 provisional del barem, <\/a>\u00a0<\/strong><\/em> del <strong>20 al 26 d&#8217;abril<\/strong> \u00e9s el termini per presentar reclamacions al barem.<\/p>\n<p>La presentaci\u00f3 de sol\u00b7licituds de <strong>preinscripci\u00f3 per al curs 2021\/2022<\/strong> era del <strong>15 al 24 de mar\u00e7, <\/strong>es poden presentar sol\u00b7licituds, en l\u00ednia,\u00a0 fora de termini fins el <strong>26 d&#8217;abril<\/strong>,\u00a0 <a href=\"https:\/\/preinscripcio.gencat.cat\/ca\/estudis\/infantil-3-6\/preinscriute\/sollicitud\/\">acc\u00e9s a la sol\u00b7licitud.<\/a><\/p>\n<p><a href=\"https:\/\/agora.xtec.cat\/escolasantjulia\/wp-content\/uploads\/usu423\/2021\/03\/OFERTA-INICIAL-DE-PLACES.pdf\">Oferta inicial de places<\/a> , en aquest enlla\u00e7 podeu consultar les places inicials per cursos que ofereix el nostre centre.<\/p>\n<p>Trobareu tota la informaci\u00f3 sobre el proc\u00e9s de preinscripci\u00f3 al web <a href=\"https:\/\/preinscripcio.gencat.cat\/ca\/inici\">preinscripcio.gencat.cat.<\/a><\/p>\n<p>https:\/\/youtu.be\/7Jz8gYBFCFM<\/p>\n<p>Tots els tr\u00e0mits es fan de manera telem\u00e0tica, <strong>cal escanejar o fotografiar tots els documents demanats per ambdues cares<\/strong>\u00a0i tenir-los disponibles en el dispositiu que utilitzareu per emplenar el formulari de preinscripci\u00f3, ja sigui un ordinador, una tauleta o un tel\u00e8fon intel\u00b7ligent, per tal de poder-los adjuntar.<\/p>\n<p>https:\/\/www.youtube.com\/watch?v=0l6JyatO37E<\/p>\n<p>En aquesta guia trobareu la informaci\u00f3 sobre el calendari del proc\u00e9s de preinscripci\u00f3, els criteris que donen punts, la documentaci\u00f3 que heu d&#8217;adjuntar dels criteris que s&#8217;al\u00b7leguen, la matr\u00edcula, etc&#8230;.<\/p>\n<p>&nbsp;<\/p>\n<p><a href=\"https:\/\/www.youtube.com\/watch?v=7Jz8gYBFCFM\"><img loading=\"lazy\" decoding=\"async\" class=\"alignnone wp-image-4053\" src=\"https:\/\/agora.xtec.cat\/escolasantjulia\/wp-content\/uploads\/usu423\/2021\/02\/Guia-preinscripci\u00f3-2021-2022-708x1024.png\" alt=\"\" width=\"311\" height=\"449\" srcset=\"https:\/\/agora.xtec.cat\/escolasantjulia\/wp-content\/uploads\/usu423\/2021\/02\/Guia-preinscripci\u00f3-2021-2022-708x1024.png 708w, https:\/\/agora.xtec.cat\/escolasantjulia\/wp-content\/uploads\/usu423\/2021\/02\/Guia-preinscripci\u00f3-2021-2022-207x300.png 207w, https:\/\/agora.xtec.cat\/escolasantjulia\/wp-content\/uploads\/usu423\/2021\/02\/Guia-preinscripci\u00f3-2021-2022-768x1111.png 768w, https:\/\/agora.xtec.cat\/escolasantjulia\/wp-content\/uploads\/usu423\/2021\/02\/Guia-preinscripci\u00f3-2021-2022.png 1532w\" sizes=\"auto, (max-width: 311px) 100vw, 311px\" \/><\/a><a href=\"https:\/\/agora.xtec.cat\/escolasantjulia\/wp-content\/uploads\/usu423\/2020\/09\/Captura-de-pantalla-2020-09-11-a-las-12.05.38-1.png\"><img loading=\"lazy\" decoding=\"async\" class=\"alignnone wp-image-3961\" src=\"https:\/\/agora.xtec.cat\/escolasantjulia\/wp-content\/uploads\/usu423\/2020\/09\/Captura-de-pantalla-2020-09-11-a-las-12.05.38-1.png\" alt=\"\" width=\"99\" height=\"106\" \/><\/a><a href=\"https:\/\/agora.xtec.cat\/escolasantjulia\/wp-content\/uploads\/usu423\/2021\/03\/guia-preinscripcio.pdf\">GUIA PER A LA PREINSCRIPCI\u00d3 CURS 2<\/a><a href=\"https:\/\/agora.xtec.cat\/escolasantjulia\/wp-content\/uploads\/usu423\/2021\/03\/guia-preinscripcio.pdf\">021\/2022<\/a><\/p>\n","protected":false},"excerpt":{"rendered":"<p>JORNADA DE PORTES OBERTES I PREINSCRIPCI\u00d3 I MATR\u00cdCULA CURS 2021-2022 JORNADA DE PORTES OBERTES AQUEST CURS NO PODEM OBRIR LES\u00a0 PORTES DE LA NOSTRA ESCOLA DE MANERA PRESENCIAL PER AIX\u00d2 HEM FET AQUEST V\u00cdDEO AMB MOLTA IL\u00b7LUSI\u00d3 PER ENSENYAR-VOS QU\u00c8 FEM I COM TREBALLEM. #Quelanostraescolasiguilavostraescola &nbsp; PREINSCRIPCI\u00d3 I MATR\u00cdCULA\u00a0 DEL 14 AL 18 DE JUNY [&hellip;]<\/p>\n","protected":false},"author":23,"featured_media":4131,"comment_status":"open","ping_status":"closed","sticky":false,"template":"","format":"standard","meta":{"_bbp_topic_count":0,"_bbp_reply_count":0,"_bbp_total_topic_count":0,"_bbp_total_reply_count":0,"_bbp_voice_count":0,"_bbp_anonymous_reply_count":0,"_bbp_topic_count_hidden":0,"_bbp_reply_count_hidden":0,"_bbp_forum_subforum_count":0,"site-sidebar-layout":"default","site-content-layout":"","ast-site-content-layout":"","site-content-style":"default","site-sidebar-style":"default","ast-global-header-display":"","ast-banner-title-visibility":"","ast-main-header-display":"","ast-hfb-above-header-display":"","ast-hfb-below-header-display":"","ast-hfb-mobile-header-display":"","site-post-title":"","ast-breadcrumbs-content":"","ast-featured-img":"","footer-sml-layout":"","theme-transparent-header-meta":"","adv-header-id-meta":"","stick-header-meta":"","header-above-stick-meta":"","header-main-stick-meta":"","header-below-stick-meta":"","astra-migrate-meta-layouts":"default","ast-page-background-enabled":"default","ast-page-background-meta":{"desktop":{"background-color":"var(--ast-global-color-4)","background-image":"","background-repeat":"repeat","background-position":"center center","background-size":"auto","background-attachment":"scroll","background-type":"","background-media":"","overlay-type":"","overlay-color":"","overlay-opacity":"","overlay-gradient":""},"tablet":{"background-color":"","background-image":"","background-repeat":"repeat","background-position":"center center","background-size":"auto","background-attachment":"scroll","background-type":"","background-media":"","overlay-type":"","overlay-color":"","overlay-opacity":"","overlay-gradient":""},"mobile":{"background-color":"","background-image":"","background-repeat":"repeat","background-position":"center center","background-size":"auto","background-attachment":"scroll","background-type":"","background-media":"","overlay-type":"","overlay-color":"","overlay-opacity":"","overlay-gradient":""}},"ast-content-background-meta":{"desktop":{"background-color":"var(--ast-global-color-5)","background-image":"","background-repeat":"repeat","background-position":"center center","background-size":"auto","background-attachment":"scroll","background-type":"","background-media":"","overlay-type":"","overlay-color":"","overlay-opacity":"","overlay-gradient":""},"tablet":{"background-color":"var(--ast-global-color-5)","background-image":"","background-repeat":"repeat","background-position":"center center","background-size":"auto","background-attachment":"scroll","background-type":"","background-media":"","overlay-type":"","overlay-color":"","overlay-opacity":"","overlay-gradient":""},"mobile":{"background-color":"var(--ast-global-color-5)","background-image":"","background-repeat":"repeat","background-position":"center center","background-size":"auto","background-attachment":"scroll","background-type":"","background-media":"","overlay-type":"","overlay-color":"","overlay-opacity":"","overlay-gradient":""}},"footnotes":""},"categories":[1],"tags":[],"class_list":["post-4128","post","type-post","status-publish","format-standard","has-post-thumbnail","hentry","category-general"],"post_mailing_queue_ids":[],"_links":{"self":[{"href":"https:\/\/agora.xtec.cat\/escolasantjulia\/wp-json\/wp\/v2\/posts\/4128","targetHints":{"allow":["GET"]}}],"collection":[{"href":"https:\/\/agora.xtec.cat\/escolasantjulia\/wp-json\/wp\/v2\/posts"}],"about":[{"href":"https:\/\/agora.xtec.cat\/escolasantjulia\/wp-json\/wp\/v2\/types\/post"}],"author":[{"embeddable":true,"href":"https:\/\/agora.xtec.cat\/escolasantjulia\/wp-json\/wp\/v2\/users\/23"}],"replies":[{"embeddable":true,"href":"https:\/\/agora.xtec.cat\/escolasantjulia\/wp-json\/wp\/v2\/comments?post=4128"}],"version-history":[{"count":3,"href":"https:\/\/agora.xtec.cat\/escolasantjulia\/wp-json\/wp\/v2\/posts\/4128\/revisions"}],"predecessor-version":[{"id":4186,"href":"https:\/\/agora.xtec.cat\/escolasantjulia\/wp-json\/wp\/v2\/posts\/4128\/revisions\/4186"}],"wp:featuredmedia":[{"embeddable":true,"href":"https:\/\/agora.xtec.cat\/escolasantjulia\/wp-json\/wp\/v2\/media\/4131"}],"wp:attachment":[{"href":"https:\/\/agora.xtec.cat\/escolasantjulia\/wp-json\/wp\/v2\/media?parent=4128"}],"wp:term":[{"taxonomy":"category","embeddable":true,"href":"https:\/\/agora.xtec.cat\/escolasantjulia\/wp-json\/wp\/v2\/categories?post=4128"},{"taxonomy":"post_tag","embeddable":true,"href":"https:\/\/agora.xtec.cat\/escolasantjulia\/wp-json\/wp\/v2\/tags?post=4128"}],"curies":[{"name":"wp","href":"https:\/\/api.w.org\/{rel}","templated":true}]}}