{"id":4017,"date":"2020-12-24T19:17:19","date_gmt":"2020-12-24T18:17:19","guid":{"rendered":"http:\/\/agora.xtec.cat\/escolasantjulia\/?p=4017"},"modified":"2020-12-24T19:17:19","modified_gmt":"2020-12-24T18:17:19","slug":"els-nostres-millors-desitjos","status":"publish","type":"post","link":"https:\/\/agora.xtec.cat\/escolasantjulia\/general\/els-nostres-millors-desitjos\/","title":{"rendered":"Els nostres millors desitjos"},"content":{"rendered":"<p>Benvolguts nens, nenes i fam\u00edlies,<\/p>\n<p>A principi de curs, quan ens vam plantejar com actuar en aquesta &#8220;normalitat&#8221;, vam fer-nos la seg\u00fcent pregunta: <span style=\"color: #339966;\"><strong>Qu\u00e8 necessitar\u00edem nosaltres si f\u00f3ssim nens i nenes en aquesta situaci\u00f3?<\/strong><\/span> La resposta va ser comuna: sense deixar de tenir en compte les mesures per complir el protocol, hem de tractar que els nens i nenes siguin molt feli\u00e7os a l&#8217;escola.<br \/>\nSeguint el fil de la nostra premisa, per Nadal ens vam tornar a preguntar: <strong><span style=\"color: #ff6600;\">Quin seria el desig del teu nen\/a interior?<\/span><\/strong> Doncs aqu\u00ed teniu la resposta!<br \/>\nEls professionals de l&#8217;equip us fem arribar un desig des del cor del nen\/a que portem a dins.<\/p>\n<p>Una abra\u00e7ada plena d&#8217;estima.<\/p>\n<p style=\"text-align: center;\"><iframe loading=\"lazy\" src=\"https:\/\/www.youtube.com\/embed\/gp7t_ml1ke0\" width=\"840\" height=\"472\" frameborder=\"0\"><span data-mce-type=\"bookmark\" style=\"display: inline-block; width: 0px; overflow: hidden; line-height: 0;\" class=\"mce_SELRES_start\">\ufeff<\/span><\/iframe><\/p>\n","protected":false},"excerpt":{"rendered":"<p>Benvolguts nens, nenes i fam\u00edlies, A principi de curs, quan ens vam plantejar com actuar en aquesta &#8220;normalitat&#8221;, vam fer-nos la seg\u00fcent pregunta: Qu\u00e8 necessitar\u00edem nosaltres si f\u00f3ssim nens i nenes en aquesta situaci\u00f3? La resposta va ser comuna: sense deixar de tenir en compte les mesures per complir el protocol, hem de tractar que [&hellip;]<\/p>\n","protected":false},"author":1,"featured_media":4019,"comment_status":"open","ping_status":"closed","sticky":false,"template":"","format":"standard","meta":{"_bbp_topic_count":0,"_bbp_reply_count":0,"_bbp_total_topic_count":0,"_bbp_total_reply_count":0,"_bbp_voice_count":0,"_bbp_anonymous_reply_count":0,"_bbp_topic_count_hidden":0,"_bbp_reply_count_hidden":0,"_bbp_forum_subforum_count":0,"site-sidebar-layout":"default","site-content-layout":"","ast-site-content-layout":"","site-content-style":"default","site-sidebar-style":"default","ast-global-header-display":"","ast-banner-title-visibility":"","ast-main-header-display":"","ast-hfb-above-header-display":"","ast-hfb-below-header-display":"","ast-hfb-mobile-header-display":"","site-post-title":"","ast-breadcrumbs-content":"","ast-featured-img":"","footer-sml-layout":"","theme-transparent-header-meta":"","adv-header-id-meta":"","stick-header-meta":"","header-above-stick-meta":"","header-main-stick-meta":"","header-below-stick-meta":"","astra-migrate-meta-layouts":"default","ast-page-background-enabled":"default","ast-page-background-meta":{"desktop":{"background-color":"var(--ast-global-color-4)","background-image":"","background-repeat":"repeat","background-position":"center center","background-size":"auto","background-attachment":"scroll","background-type":"","background-media":"","overlay-type":"","overlay-color":"","overlay-opacity":"","overlay-gradient":""},"tablet":{"background-color":"","background-image":"","background-repeat":"repeat","background-position":"center center","background-size":"auto","background-attachment":"scroll","background-type":"","background-media":"","overlay-type":"","overlay-color":"","overlay-opacity":"","overlay-gradient":""},"mobile":{"background-color":"","background-image":"","background-repeat":"repeat","background-position":"center center","background-size":"auto","background-attachment":"scroll","background-type":"","background-media":"","overlay-type":"","overlay-color":"","overlay-opacity":"","overlay-gradient":""}},"ast-content-background-meta":{"desktop":{"background-color":"var(--ast-global-color-5)","background-image":"","background-repeat":"repeat","background-position":"center center","background-size":"auto","background-attachment":"scroll","background-type":"","background-media":"","overlay-type":"","overlay-color":"","overlay-opacity":"","overlay-gradient":""},"tablet":{"background-color":"var(--ast-global-color-5)","background-image":"","background-repeat":"repeat","background-position":"center center","background-size":"auto","background-attachment":"scroll","background-type":"","background-media":"","overlay-type":"","overlay-color":"","overlay-opacity":"","overlay-gradient":""},"mobile":{"background-color":"var(--ast-global-color-5)","background-image":"","background-repeat":"repeat","background-position":"center center","background-size":"auto","background-attachment":"scroll","background-type":"","background-media":"","overlay-type":"","overlay-color":"","overlay-opacity":"","overlay-gradient":""}},"footnotes":""},"categories":[444,1],"tags":[450,453,451,133,452],"class_list":["post-4017","post","type-post","status-publish","format-standard","has-post-thumbnail","hentry","category-curs-2020-21","category-general","tag-desitg","tag-festes","tag-mestres","tag-nadal","tag-nen-interior"],"post_mailing_queue_ids":[],"_links":{"self":[{"href":"https:\/\/agora.xtec.cat\/escolasantjulia\/wp-json\/wp\/v2\/posts\/4017","targetHints":{"allow":["GET"]}}],"collection":[{"href":"https:\/\/agora.xtec.cat\/escolasantjulia\/wp-json\/wp\/v2\/posts"}],"about":[{"href":"https:\/\/agora.xtec.cat\/escolasantjulia\/wp-json\/wp\/v2\/types\/post"}],"author":[{"embeddable":true,"href":"https:\/\/agora.xtec.cat\/escolasantjulia\/wp-json\/wp\/v2\/users\/1"}],"replies":[{"embeddable":true,"href":"https:\/\/agora.xtec.cat\/escolasantjulia\/wp-json\/wp\/v2\/comments?post=4017"}],"version-history":[{"count":2,"href":"https:\/\/agora.xtec.cat\/escolasantjulia\/wp-json\/wp\/v2\/posts\/4017\/revisions"}],"predecessor-version":[{"id":4020,"href":"https:\/\/agora.xtec.cat\/escolasantjulia\/wp-json\/wp\/v2\/posts\/4017\/revisions\/4020"}],"wp:featuredmedia":[{"embeddable":true,"href":"https:\/\/agora.xtec.cat\/escolasantjulia\/wp-json\/wp\/v2\/media\/4019"}],"wp:attachment":[{"href":"https:\/\/agora.xtec.cat\/escolasantjulia\/wp-json\/wp\/v2\/media?parent=4017"}],"wp:term":[{"taxonomy":"category","embeddable":true,"href":"https:\/\/agora.xtec.cat\/escolasantjulia\/wp-json\/wp\/v2\/categories?post=4017"},{"taxonomy":"post_tag","embeddable":true,"href":"https:\/\/agora.xtec.cat\/escolasantjulia\/wp-json\/wp\/v2\/tags?post=4017"}],"curies":[{"name":"wp","href":"https:\/\/api.w.org\/{rel}","templated":true}]}}