{"id":3974,"date":"2020-10-30T15:46:47","date_gmt":"2020-10-30T14:46:47","guid":{"rendered":"http:\/\/agora.xtec.cat\/escolasantjulia\/?p=3974"},"modified":"2020-10-30T15:52:38","modified_gmt":"2020-10-30T14:52:38","slug":"danses_castanyada_2020","status":"publish","type":"post","link":"https:\/\/agora.xtec.cat\/escolasantjulia\/general\/danses_castanyada_2020\/","title":{"rendered":"Danses de la Castanyada 2020"},"content":{"rendered":"<h3><span style=\"color: #ff6600;\"><strong>INFANTIL P3<\/strong><\/span><\/h3>\n<p><iframe loading=\"lazy\" src=\"https:\/\/www.youtube.com\/embed\/aRCvDkAA5gs\" width=\"480\" height=\"270\" frameborder=\"0\"><\/iframe> <iframe loading=\"lazy\" src=\"https:\/\/www.youtube.com\/embed\/cxrve-1diQU\" width=\"480\" height=\"270\" frameborder=\"0\"><span data-mce-type=\"bookmark\" style=\"display: inline-block; width: 0px; overflow: hidden; line-height: 0;\" class=\"mce_SELRES_start\">\ufeff<\/span><span data-mce-type=\"bookmark\" style=\"display: inline-block; width: 0px; overflow: hidden; line-height: 0;\" class=\"mce_SELRES_start\">\ufeff<\/span><\/iframe><\/p>\n<h3><strong><span style=\"color: #ff6600;\">INFANTIL P4<\/span><\/strong><\/h3>\n<h3><iframe loading=\"lazy\" src=\"https:\/\/www.youtube.com\/embed\/azhg3VZ9U1k\" width=\"480\" height=\"270\" frameborder=\"0\"><\/iframe> <iframe loading=\"lazy\" src=\"https:\/\/www.youtube.com\/embed\/N0D3rFo36Oc\" width=\"480\" height=\"270\" frameborder=\"0\"><\/iframe><br \/>\n<span style=\"color: #ff6600;\"><strong>INFANTIL P5<\/strong><\/span><\/h3>\n<h3><iframe loading=\"lazy\" src=\"https:\/\/www.youtube.com\/embed\/Pu8zK22XNcc\" width=\"480\" height=\"270\" frameborder=\"0\"><\/iframe> <iframe loading=\"lazy\" src=\"https:\/\/www.youtube.com\/embed\/rnSelKqAirA\" width=\"480\" height=\"270\" frameborder=\"0\"><span data-mce-type=\"bookmark\" style=\"display: inline-block; width: 0px; overflow: hidden; line-height: 0;\" class=\"mce_SELRES_start\">\ufeff<\/span><\/iframe><br \/>\n<span style=\"color: #008000;\"><strong>PRIM\u00c0RIA 1r<\/strong><\/span><br \/>\n<iframe loading=\"lazy\" src=\"https:\/\/www.youtube.com\/embed\/CtxmeqlNCGM\" width=\"480\" height=\"270\" frameborder=\"0\"><\/iframe> <iframe loading=\"lazy\" src=\"https:\/\/www.youtube.com\/embed\/9SgPcslHOWA\" width=\"480\" height=\"270\" frameborder=\"0\"><\/iframe><br \/>\n<strong><span style=\"color: #008000;\">PRIM\u00c0RIA 2n<\/span><\/strong><br \/>\n<iframe loading=\"lazy\" src=\"https:\/\/www.youtube.com\/embed\/s0z6js4Zhvo\" width=\"480\" height=\"270\" frameborder=\"0\"><\/iframe> <iframe loading=\"lazy\" src=\"https:\/\/www.youtube.com\/embed\/jSR63gF4vI0\" width=\"480\" height=\"270\" frameborder=\"0\"><span data-mce-type=\"bookmark\" style=\"display: inline-block; width: 0px; overflow: hidden; line-height: 0;\" class=\"mce_SELRES_start\">\ufeff<\/span><\/iframe><\/h3>\n<h3><strong><span style=\"color: #ff0000;\">PRIM\u00c0RIA 3r i 4t<\/span><\/strong><br \/>\n<iframe loading=\"lazy\" src=\"https:\/\/www.youtube.com\/embed\/LAFEl_Iyp8U\" width=\"480\" height=\"270\" frameborder=\"0\"><span data-mce-type=\"bookmark\" style=\"display: inline-block; width: 0px; overflow: hidden; line-height: 0;\" class=\"mce_SELRES_start\">\ufeff<\/span><\/iframe> <iframe loading=\"lazy\" src=\"https:\/\/www.youtube.com\/embed\/MIvggXGob4A\" width=\"480\" height=\"270\" frameborder=\"0\"><\/iframe><\/h3>\n<h3><span style=\"color: #3366ff;\"><strong>PRIM\u00c0RIA 5\u00e8 i 6\u00e8<\/strong><\/span><br \/>\n<iframe loading=\"lazy\" src=\"https:\/\/www.youtube.com\/embed\/GWajzeCusx0\" width=\"480\" height=\"270\" frameborder=\"0\"><\/iframe> <iframe loading=\"lazy\" src=\"https:\/\/www.youtube.com\/embed\/PDjL7H6jRTw\" width=\"480\" height=\"270\" frameborder=\"0\"><span data-mce-type=\"bookmark\" style=\"display: inline-block; width: 0px; overflow: hidden; line-height: 0;\" class=\"mce_SELRES_start\">\ufeff<\/span><\/iframe><\/h3>\n","protected":false},"excerpt":{"rendered":"<p>Un any m\u00e9s celebrem la Castanyada a l&#8217;escola. Aqu\u00ed us deixem uns v\u00eddeos de les danses de tots els grups.<br \/>\nEsperem que us agradin!<\/p>\n","protected":false},"author":1,"featured_media":3982,"comment_status":"open","ping_status":"closed","sticky":false,"template":"","format":"standard","meta":{"_bbp_topic_count":0,"_bbp_reply_count":0,"_bbp_total_topic_count":0,"_bbp_total_reply_count":0,"_bbp_voice_count":0,"_bbp_anonymous_reply_count":0,"_bbp_topic_count_hidden":0,"_bbp_reply_count_hidden":0,"_bbp_forum_subforum_count":0,"site-sidebar-layout":"default","site-content-layout":"","ast-site-content-layout":"","site-content-style":"default","site-sidebar-style":"default","ast-global-header-display":"","ast-banner-title-visibility":"","ast-main-header-display":"","ast-hfb-above-header-display":"","ast-hfb-below-header-display":"","ast-hfb-mobile-header-display":"","site-post-title":"","ast-breadcrumbs-content":"","ast-featured-img":"","footer-sml-layout":"","theme-transparent-header-meta":"","adv-header-id-meta":"","stick-header-meta":"","header-above-stick-meta":"","header-main-stick-meta":"","header-below-stick-meta":"","astra-migrate-meta-layouts":"default","ast-page-background-enabled":"default","ast-page-background-meta":{"desktop":{"background-color":"var(--ast-global-color-4)","background-image":"","background-repeat":"repeat","background-position":"center center","background-size":"auto","background-attachment":"scroll","background-type":"","background-media":"","overlay-type":"","overlay-color":"","overlay-opacity":"","overlay-gradient":""},"tablet":{"background-color":"","background-image":"","background-repeat":"repeat","background-position":"center center","background-size":"auto","background-attachment":"scroll","background-type":"","background-media":"","overlay-type":"","overlay-color":"","overlay-opacity":"","overlay-gradient":""},"mobile":{"background-color":"","background-image":"","background-repeat":"repeat","background-position":"center center","background-size":"auto","background-attachment":"scroll","background-type":"","background-media":"","overlay-type":"","overlay-color":"","overlay-opacity":"","overlay-gradient":""}},"ast-content-background-meta":{"desktop":{"background-color":"var(--ast-global-color-5)","background-image":"","background-repeat":"repeat","background-position":"center center","background-size":"auto","background-attachment":"scroll","background-type":"","background-media":"","overlay-type":"","overlay-color":"","overlay-opacity":"","overlay-gradient":""},"tablet":{"background-color":"var(--ast-global-color-5)","background-image":"","background-repeat":"repeat","background-position":"center center","background-size":"auto","background-attachment":"scroll","background-type":"","background-media":"","overlay-type":"","overlay-color":"","overlay-opacity":"","overlay-gradient":""},"mobile":{"background-color":"var(--ast-global-color-5)","background-image":"","background-repeat":"repeat","background-position":"center center","background-size":"auto","background-attachment":"scroll","background-type":"","background-media":"","overlay-type":"","overlay-color":"","overlay-opacity":"","overlay-gradient":""}},"footnotes":""},"categories":[444,28,209,1,15,14,13,12,397,11,396,395,445],"tags":[265,59,79,99,132,175],"class_list":["post-3974","post","type-post","status-publish","format-standard","has-post-thumbnail","hentry","category-curs-2020-21","category-festes","category-festes-i-celebracions","category-general","category-6e","category-5e","category-4t","category-3r","category-promocio-2017","category-2n","category-prom18","category-prom19","category-promocio-2020","tag-ballar","tag-castanyada","tag-dansa","tag-festa","tag-musica","tag-tardor"],"post_mailing_queue_ids":[],"_links":{"self":[{"href":"https:\/\/agora.xtec.cat\/escolasantjulia\/wp-json\/wp\/v2\/posts\/3974","targetHints":{"allow":["GET"]}}],"collection":[{"href":"https:\/\/agora.xtec.cat\/escolasantjulia\/wp-json\/wp\/v2\/posts"}],"about":[{"href":"https:\/\/agora.xtec.cat\/escolasantjulia\/wp-json\/wp\/v2\/types\/post"}],"author":[{"embeddable":true,"href":"https:\/\/agora.xtec.cat\/escolasantjulia\/wp-json\/wp\/v2\/users\/1"}],"replies":[{"embeddable":true,"href":"https:\/\/agora.xtec.cat\/escolasantjulia\/wp-json\/wp\/v2\/comments?post=3974"}],"version-history":[{"count":3,"href":"https:\/\/agora.xtec.cat\/escolasantjulia\/wp-json\/wp\/v2\/posts\/3974\/revisions"}],"predecessor-version":[{"id":3983,"href":"https:\/\/agora.xtec.cat\/escolasantjulia\/wp-json\/wp\/v2\/posts\/3974\/revisions\/3983"}],"wp:featuredmedia":[{"embeddable":true,"href":"https:\/\/agora.xtec.cat\/escolasantjulia\/wp-json\/wp\/v2\/media\/3982"}],"wp:attachment":[{"href":"https:\/\/agora.xtec.cat\/escolasantjulia\/wp-json\/wp\/v2\/media?parent=3974"}],"wp:term":[{"taxonomy":"category","embeddable":true,"href":"https:\/\/agora.xtec.cat\/escolasantjulia\/wp-json\/wp\/v2\/categories?post=3974"},{"taxonomy":"post_tag","embeddable":true,"href":"https:\/\/agora.xtec.cat\/escolasantjulia\/wp-json\/wp\/v2\/tags?post=3974"}],"curies":[{"name":"wp","href":"https:\/\/api.w.org\/{rel}","templated":true}]}}