{"id":3864,"date":"2020-06-11T14:29:14","date_gmt":"2020-06-11T12:29:14","guid":{"rendered":"http:\/\/agora.xtec.cat\/escolasantjulia\/?p=3864"},"modified":"2020-06-11T14:32:37","modified_gmt":"2020-06-11T12:32:37","slug":"lescola-participa-en-el-certamen-de-lectura-en-veu-alta","status":"publish","type":"post","link":"https:\/\/agora.xtec.cat\/escolasantjulia\/general\/lescola-participa-en-el-certamen-de-lectura-en-veu-alta\/","title":{"rendered":"L&#8217;escola participa en el Certamen de Lectura en Veu Alta"},"content":{"rendered":"<p><a href=\"http:\/\/www.lecturaenveualta.cat\/\" target=\"_blank\" rel=\"noopener noreferrer\"><img loading=\"lazy\" decoding=\"async\" class=\"attachment-266x266 alignleft\" src=\"https:\/\/agora.xtec.cat\/escolasantjulia\/wp-content\/uploads\/usu423\/2020\/06\/Captura-de-pantalla-2019-07-09-a-las-18.33.26.png\" sizes=\"auto, (max-width: 211px) 100vw, 211px\" srcset=\"https:\/\/agora.xtec.cat\/escolasantjulia\/wp-content\/uploads\/usu423\/2020\/06\/Captura-de-pantalla-2019-07-09-a-las-18.33.26.png 211w, https:\/\/agora.xtec.cat\/escolasantjulia\/wp-content\/uploads\/usu423\/2020\/06\/Captura-de-pantalla-2019-07-09-a-las-18.33.26-150x150.png 150w\" alt=\"\" width=\"211\" height=\"211\" \/><\/a>Aquest tercer trimestre ha estat ben diferent. Entre altres coses, alguns projectes que fem a l\u2019escola s\u2019han hagut d\u2019anul\u00b7lar. Per\u00f2 tenim una enorme sorpresa; un dels projectes, el \u201c<span style=\"color: #ff6600;\"><strong>CERTAMEN DE LECTURA EN VEU ALTA<\/strong><\/span>\u201d finalment s\u2019ha pogut dur a terme. S\u2019ha optat per la via digital, una nova manera de fer el concurs.<\/p>\n<p>Consisteix a llegir en veu alta el fragment d\u2019un llibre que proposa l\u2019organitzaci\u00f3 i que, pr\u00e8viament els participants preparen a classe. El dia del concurs, els i les participants llegeixen el seu fragment davant d\u2019un nombr\u00f3s p\u00fablic. La persona triada per la nostra escola va ser la Carla Mata de 3rB. Per\u00f2, malauradament, va arribar el dia, i el concurs presencial no es va poder fer degut a la pand\u00e8mia.<\/p>\n<p>L\u2019Organitzaci\u00f3 ha trobat una altra manera de poder-lo celebrar en temps de confinament: els alumnes que han volgut participar han hagut de triar un llibre (en paper o en digital) i gravar-se llegint-ne un fragment en veu alta. De l\u2019escola Sant Juli\u00e0 s\u2019han presentat uns quants alumnes, per\u00f2 nom\u00e9s cinc podien optar a representar el nostre centre. Per tant, hem valorat la seva lectura i hem enviat els cinc que hem cregut que ho han fet millor.<\/p>\n<p>La sorpresa ha estat maj\u00fascula, ja que tots han estat seleccionats. I els seus enregistraments estan, ara mateix, penjats a les xarxes socials amb el lema, <span style=\"color: #008000;\"><strong>#acasallegimenveualta<\/strong><\/span>.<br \/>\nEls alumnes i les alumnes dels quals parlem s\u00f3n la <strong>Carla Mata<\/strong> i el <strong>Pau Valls<\/strong> de 3rB; la <strong>Leire Alarco<\/strong>, la <strong>Ivet Brustenga<\/strong> i <strong>Nayara Gal\u00e1n<\/strong> de 3rA.<br \/>\nTots i totes rebran un diploma de participaci\u00f3 i si guanyen el certamen, l\u2019escola rebr\u00e0 un lot de llibres.<br \/>\nDes de l\u2019EQUIP DIRECTIU, volem felicitar aquest petits GRANS LECTORS i us convidem a tots a gaudir de les imatges de la seva participaci\u00f3:<\/p>\n<p><iframe loading=\"lazy\" src=\"https:\/\/www.youtube.com\/embed\/MRHBCOVbLbg\" width=\"420\" height=\"237\" frameborder=\"0\"><\/iframe> <iframe loading=\"lazy\" src=\"https:\/\/www.youtube.com\/embed\/VYpxkhBNnEE\" width=\"420\" height=\"237\" frameborder=\"0\"><\/iframe><br \/>\n<iframe loading=\"lazy\" src=\"https:\/\/www.youtube.com\/embed\/aQyNnpM2N4o\" width=\"420\" height=\"237\" frameborder=\"0\"><\/iframe> <iframe loading=\"lazy\" src=\"https:\/\/www.youtube.com\/embed\/ErN3cWDHmbw\" width=\"420\" height=\"237\" frameborder=\"0\"><\/iframe><br \/>\n<iframe loading=\"lazy\" src=\"https:\/\/www.youtube.com\/embed\/1XVN6ffAYdI\" width=\"420\" height=\"237\" frameborder=\"0\"><\/iframe><\/p>\n","protected":false},"excerpt":{"rendered":"<p>Aquest tercer trimestre ha estat ben diferent. Entre altres coses, alguns projectes que fem a l\u2019escola s\u2019han hagut d\u2019anul\u00b7lar. Per\u00f2 tenim una enorme sorpresa; un dels projectes, el \u201cCERTAMEN DE LECTURA EN VEU ALTA\u201d finalment s\u2019ha pogut dur a terme. S\u2019ha optat per la via digital, una nova manera de fer el concurs. Consisteix a [&hellip;]<\/p>\n","protected":false},"author":1,"featured_media":3869,"comment_status":"open","ping_status":"closed","sticky":false,"template":"","format":"standard","meta":{"_bbp_topic_count":0,"_bbp_reply_count":0,"_bbp_total_topic_count":0,"_bbp_total_reply_count":0,"_bbp_voice_count":0,"_bbp_anonymous_reply_count":0,"_bbp_topic_count_hidden":0,"_bbp_reply_count_hidden":0,"_bbp_forum_subforum_count":0,"site-sidebar-layout":"default","site-content-layout":"","ast-site-content-layout":"","site-content-style":"default","site-sidebar-style":"default","ast-global-header-display":"","ast-banner-title-visibility":"","ast-main-header-display":"","ast-hfb-above-header-display":"","ast-hfb-below-header-display":"","ast-hfb-mobile-header-display":"","site-post-title":"","ast-breadcrumbs-content":"","ast-featured-img":"","footer-sml-layout":"","theme-transparent-header-meta":"","adv-header-id-meta":"","stick-header-meta":"","header-above-stick-meta":"","header-main-stick-meta":"","header-below-stick-meta":"","astra-migrate-meta-layouts":"default","ast-page-background-enabled":"default","ast-page-background-meta":{"desktop":{"background-color":"var(--ast-global-color-4)","background-image":"","background-repeat":"repeat","background-position":"center center","background-size":"auto","background-attachment":"scroll","background-type":"","background-media":"","overlay-type":"","overlay-color":"","overlay-opacity":"","overlay-gradient":""},"tablet":{"background-color":"","background-image":"","background-repeat":"repeat","background-position":"center center","background-size":"auto","background-attachment":"scroll","background-type":"","background-media":"","overlay-type":"","overlay-color":"","overlay-opacity":"","overlay-gradient":""},"mobile":{"background-color":"","background-image":"","background-repeat":"repeat","background-position":"center center","background-size":"auto","background-attachment":"scroll","background-type":"","background-media":"","overlay-type":"","overlay-color":"","overlay-opacity":"","overlay-gradient":""}},"ast-content-background-meta":{"desktop":{"background-color":"var(--ast-global-color-5)","background-image":"","background-repeat":"repeat","background-position":"center center","background-size":"auto","background-attachment":"scroll","background-type":"","background-media":"","overlay-type":"","overlay-color":"","overlay-opacity":"","overlay-gradient":""},"tablet":{"background-color":"var(--ast-global-color-5)","background-image":"","background-repeat":"repeat","background-position":"center center","background-size":"auto","background-attachment":"scroll","background-type":"","background-media":"","overlay-type":"","overlay-color":"","overlay-opacity":"","overlay-gradient":""},"mobile":{"background-color":"var(--ast-global-color-5)","background-image":"","background-repeat":"repeat","background-position":"center center","background-size":"auto","background-attachment":"scroll","background-type":"","background-media":"","overlay-type":"","overlay-color":"","overlay-opacity":"","overlay-gradient":""}},"footnotes":""},"categories":[365,1,22],"tags":[437,319,120,436],"class_list":["post-3864","post","type-post","status-publish","format-standard","has-post-thumbnail","hentry","category-curs-2019-20","category-general","category-ilec","tag-certamen","tag-ilec","tag-lectura","tag-veu-alta"],"post_mailing_queue_ids":[],"_links":{"self":[{"href":"https:\/\/agora.xtec.cat\/escolasantjulia\/wp-json\/wp\/v2\/posts\/3864","targetHints":{"allow":["GET"]}}],"collection":[{"href":"https:\/\/agora.xtec.cat\/escolasantjulia\/wp-json\/wp\/v2\/posts"}],"about":[{"href":"https:\/\/agora.xtec.cat\/escolasantjulia\/wp-json\/wp\/v2\/types\/post"}],"author":[{"embeddable":true,"href":"https:\/\/agora.xtec.cat\/escolasantjulia\/wp-json\/wp\/v2\/users\/1"}],"replies":[{"embeddable":true,"href":"https:\/\/agora.xtec.cat\/escolasantjulia\/wp-json\/wp\/v2\/comments?post=3864"}],"version-history":[{"count":3,"href":"https:\/\/agora.xtec.cat\/escolasantjulia\/wp-json\/wp\/v2\/posts\/3864\/revisions"}],"predecessor-version":[{"id":3868,"href":"https:\/\/agora.xtec.cat\/escolasantjulia\/wp-json\/wp\/v2\/posts\/3864\/revisions\/3868"}],"wp:featuredmedia":[{"embeddable":true,"href":"https:\/\/agora.xtec.cat\/escolasantjulia\/wp-json\/wp\/v2\/media\/3869"}],"wp:attachment":[{"href":"https:\/\/agora.xtec.cat\/escolasantjulia\/wp-json\/wp\/v2\/media?parent=3864"}],"wp:term":[{"taxonomy":"category","embeddable":true,"href":"https:\/\/agora.xtec.cat\/escolasantjulia\/wp-json\/wp\/v2\/categories?post=3864"},{"taxonomy":"post_tag","embeddable":true,"href":"https:\/\/agora.xtec.cat\/escolasantjulia\/wp-json\/wp\/v2\/tags?post=3864"}],"curies":[{"name":"wp","href":"https:\/\/api.w.org\/{rel}","templated":true}]}}