{"id":3836,"date":"2020-05-26T20:09:47","date_gmt":"2020-05-26T18:09:47","guid":{"rendered":"http:\/\/agora.xtec.cat\/escolasantjulia\/?p=3836"},"modified":"2020-05-27T09:51:11","modified_gmt":"2020-05-27T07:51:11","slug":"pla-dobertura-de-l1-al-19-de-juny-de-2020","status":"publish","type":"post","link":"https:\/\/agora.xtec.cat\/escolasantjulia\/general\/pla-dobertura-de-l1-al-19-de-juny-de-2020\/","title":{"rendered":"Pla d&#8217;obertura &#8211; De l&#8217;1 al 19 de juny de 2020"},"content":{"rendered":"<p style=\"text-align: justify;\">Aquest Pla d\u2019Obertura que ens demana el Departament d\u2019Educaci\u00f3 indica com ser\u00e0 el funcionament que tindr\u00e0 el nostre centre durant el per\u00edode de l\u20191 al 19 de juny de 2020.<\/p>\n<p style=\"text-align: justify;\">Un cop consultat el claustre i seguint les directrius del Departament oferim aquesta concreci\u00f3 de les instruccions donades sempre tenint en compte que es prioritzar\u00e0 la salut de les persones i les seves particularitats.<\/p>\n<p style=\"text-align: center;\"><span style=\"color: #ff6600;\"><strong>ORGANITZACI\u00d3 DE L\u2019ACCI\u00d3 EDUCATIVA PRESENCIAL<\/strong><\/span><\/p>\n<ul>\n<li style=\"text-align: justify;\">A infantil marcarem l\u2019horari establert pel Govern (de 9h a 13h)<\/li>\n<li style=\"text-align: justify;\">Pels alumnes de 6\u00e8 de prim\u00e0ria oferirem 1 dia a la setmana i 1h de durada per grup repartits en 4 grups:<\/li>\n<li style=\"text-align: justify;\">Dimarts de 9h a 10h<\/li>\n<li style=\"text-align: justify;\">Dimarts d\u201911h a 12h<\/li>\n<li style=\"text-align: justify;\">Dijous de 9h a 10h<\/li>\n<li style=\"text-align: justify;\">Dijous d\u201911h a 12h<\/li>\n<\/ul>\n<p style=\"text-align: center;\"><span style=\"color: #ff6600;\"><strong>PLANIFICACI\u00d3 DE LES ACTUACIONS D\u2019ATENCI\u00d3 PERSONALITZADA O ACCI\u00d3 TUTORIAL EN GRUP REDU\u00cfT<\/strong><\/span><\/p>\n<ul>\n<li style=\"text-align: justify;\">Les tutories personalitzades les acordaran les fam\u00edlies amb el tutor\/a. Ser\u00e0 el tutor\/a qui haur\u00e0 d\u2019indicar el dia, hora, espai i punts a tractar en la tutoria. Se\u2019ls comunicar\u00e0 que han de respectar les recomanacions de salut i, un cop finalitzada la reuni\u00f3, es desinfectar\u00e0 l\u2019espai utilitzat.<\/li>\n<\/ul>\n<p style=\"text-align: center;\"><span style=\"color: #ff6600;\"><strong>PLA D\u2019OBERTURA \u2013 JUNY DE 2020<\/strong><\/span><\/p>\n<ul>\n<li>El curs 2019-2020, a nivell lectiu, acabar\u00e0 telem\u00e0ticament.<\/li>\n<li>L\u2019escola s\u2019obrir\u00e0 a partir de l\u20191 de juny.<\/li>\n<li>No es faran ni tasques ni ex\u00e0mens presencials al centre.<\/li>\n<\/ul>\n<p><span style=\"color: #ff6600;\"><strong>Informaci\u00f3 per a Ed. Infantil.<\/strong><\/span><\/p>\n<ul>\n<li style=\"text-align: justify;\">L\u2019assist\u00e8ncia presencial ser\u00e0 per aquells alumnes d\u2019Ed. Infantil (P3-P4-P5) els progenitors dels quals al\u00b7leguin que treballen tots dos fora de casa i l\u2019horari ser\u00e0 de 9h a 13h.<\/li>\n<li style=\"text-align: justify;\"><strong><span style=\"text-decoration: underline; color: #ff0000;\">Per poder assistir al centre s\u2019han de complir aquests requisits:<\/span><\/strong><\/li>\n<li>Avisar al tutor\/a o al centre de la seva assist\u00e8ncia.<\/li>\n<li style=\"text-align: justify;\">Portar la <strong>Declaraci\u00f3 Responsable<\/strong> acreditant que treballen fora de casa.<\/li>\n<li style=\"text-align: justify;\"><strong>Llibre de vacunes al dia.<\/strong><\/li>\n<li style=\"text-align: justify;\"><span style=\"color: #ff0000;\"><strong><span style=\"text-decoration: underline;\">Les mesures de seguretat que es duran a terme s\u00f3n les seg\u00fcents:<\/span><\/strong><\/span><\/li>\n<li style=\"text-align: justify;\">R\u00e0tio de P3: 8 alumnes per aula.<\/li>\n<li style=\"text-align: justify;\">R\u00e0tio de P4 i P5: 10 alumnes per aula.<\/li>\n<li style=\"text-align: justify;\">Entrades i sortides esglaonades.<\/li>\n<li style=\"text-align: justify;\">L\u2019infant haur\u00e0 d\u2019estar, en tot moment, a 2 metres del seu company\/a i del mestre\/a que estigui amb ells en aquell moment (no necess\u00e0riament ser\u00e0 el tutor\/a).<\/li>\n<li style=\"text-align: justify;\">No es poden facilitar fulls ni colors.<\/li>\n<li style=\"text-align: justify;\">Els alumnes triaran una \u00fanica joguina i no la podran compartir amb ning\u00fa.<\/li>\n<li style=\"text-align: justify;\">A l\u2019hora del pati hauran de complir les dist\u00e0ncies de seguretat i no barrejar-se amb alumnes d\u2019altres classes.<\/li>\n<li style=\"text-align: justify;\">No podran compartir lavabos.<\/li>\n<li>No podran coincidir pels passadissos.<\/li>\n<li>Els adults que vinguin a buscar als alumnes s\u2019hauran d\u2019esperar al carrer.<\/li>\n<\/ul>\n<p><span style=\"color: #ff6600;\"><strong>Informaci\u00f3 pels alumnes de 1r a 5\u00e8<\/strong><\/span><\/p>\n<ul>\n<li style=\"text-align: justify;\">No han d\u2019assistir a l\u2019escola. El seguiment seguir\u00e0 sent virtual.<\/li>\n<li style=\"text-align: justify;\">Es pot fer tutories individualitzades (mestre\/a, alumne i un adult) per resoldre dubtes sempre i quan s\u2019hagi demanat dia i hora i es compleixin les normes de seguretat. Aquestes tutories nom\u00e9s es realitzaran si s\u00f3n del tot necess\u00e0ries i no es poden resoldre per una altra via.<\/li>\n<\/ul>\n<p><span style=\"color: #ff6600;\"><strong>Informaci\u00f3 pels alumnes de 6\u00e8<\/strong><\/span><\/p>\n<ul>\n<li style=\"text-align: justify;\"><strong>L\u2019assist\u00e8ncia ser\u00e0 volunt\u00e0ria.<\/strong><\/li>\n<li style=\"text-align: justify;\">El centre assignar\u00e0 un dia i una hora per atendre als diferents grups. Els alumnes no han d\u2019assistir tots els dies ni a totes les hores.<\/li>\n<li style=\"text-align: justify;\">Les trobades presencials volunt\u00e0ries seran per resoldre dubtes i tasques, en grups de m\u00e0xim 13 persones.<\/li>\n<li style=\"text-align: justify;\">Els grups d\u2019alumnes i la franja hor\u00e0ria les comunicar\u00e0 el centre i s\u2019haur\u00e0 de confirmar assist\u00e8ncia, no es podr\u00e0 assistir sense cita pr\u00e8via.<\/li>\n<li style=\"text-align: justify;\"><span style=\"color: #ff0000;\"><strong><span style=\"text-decoration: underline;\">S\u2019ha de portar la Declaraci\u00f3 responsable assegurant que compleix els seg\u00fcents requisits:<\/span><\/strong><\/span><\/li>\n<li style=\"text-align: justify;\">Abs\u00e8ncia de simptomatologia compatible amb la COVID-19 o qualsevol quadre infecci\u00f3s.<\/li>\n<li style=\"text-align: justify;\">Que no siguin o hagin estat positives pel SARS-CoV 2 durant els 14 dies anteriors.<\/li>\n<li style=\"text-align: justify;\">Que no hagin estat en contacte estret amb positiu confirmat o simptomatologia compatible en els 14 dies anteriors.<\/li>\n<li style=\"text-align: justify;\">Calendari vacunal al dia.<\/li>\n<li style=\"text-align: justify;\">Per garantir la seguretat de tothom si un alumne\/a t\u00e9 una acci\u00f3 educativa presencial, haur\u00e0 de venir amb mascareta i guants de casa seva.<\/li>\n<\/ul>\n<p style=\"text-align: justify;\"><strong>A continuaci\u00f3 adjunto els documents de la Declaraci\u00f3 responsable que hauran d&#8217;omplir les fam\u00edlies d&#8217;educaci\u00f3 infantil i prim\u00e0ria que vinguin a l&#8217;escola.<\/strong><\/p>\n<p><a href=\"https:\/\/agora.xtec.cat\/escolasantjulia\/wp-content\/uploads\/usu423\/2020\/05\/Declaracio\u0301-responsable-alumnes-infantil.pdf\">Declaracio\u0301 responsable alumnes infantil<\/a><\/p>\n<p><a href=\"https:\/\/agora.xtec.cat\/escolasantjulia\/wp-content\/uploads\/usu423\/2020\/05\/Declaracio\u0301-responsable-alumnes-prima\u0300ria.pdf\">Declaracio\u0301 responsable alumnes prima\u0300ria<\/a><\/p>\n","protected":false},"excerpt":{"rendered":"<p>Aquest Pla d\u2019Obertura que ens demana el Departament d\u2019Educaci\u00f3 indica com ser\u00e0 el funcionament que tindr\u00e0 el nostre centre durant el per\u00edode de l\u20191 al 19 de juny de 2020. Un cop consultat el claustre i seguint les directrius del Departament oferim aquesta concreci\u00f3 de les instruccions donades sempre tenint en compte que es prioritzar\u00e0 [&hellip;]<\/p>\n","protected":false},"author":23,"featured_media":0,"comment_status":"open","ping_status":"closed","sticky":false,"template":"","format":"standard","meta":{"_bbp_topic_count":0,"_bbp_reply_count":0,"_bbp_total_topic_count":0,"_bbp_total_reply_count":0,"_bbp_voice_count":0,"_bbp_anonymous_reply_count":0,"_bbp_topic_count_hidden":0,"_bbp_reply_count_hidden":0,"_bbp_forum_subforum_count":0,"site-sidebar-layout":"default","site-content-layout":"","ast-site-content-layout":"","site-content-style":"default","site-sidebar-style":"default","ast-global-header-display":"","ast-banner-title-visibility":"","ast-main-header-display":"","ast-hfb-above-header-display":"","ast-hfb-below-header-display":"","ast-hfb-mobile-header-display":"","site-post-title":"","ast-breadcrumbs-content":"","ast-featured-img":"","footer-sml-layout":"","theme-transparent-header-meta":"","adv-header-id-meta":"","stick-header-meta":"","header-above-stick-meta":"","header-main-stick-meta":"","header-below-stick-meta":"","astra-migrate-meta-layouts":"default","ast-page-background-enabled":"default","ast-page-background-meta":{"desktop":{"background-color":"var(--ast-global-color-4)","background-image":"","background-repeat":"repeat","background-position":"center center","background-size":"auto","background-attachment":"scroll","background-type":"","background-media":"","overlay-type":"","overlay-color":"","overlay-opacity":"","overlay-gradient":""},"tablet":{"background-color":"","background-image":"","background-repeat":"repeat","background-position":"center center","background-size":"auto","background-attachment":"scroll","background-type":"","background-media":"","overlay-type":"","overlay-color":"","overlay-opacity":"","overlay-gradient":""},"mobile":{"background-color":"","background-image":"","background-repeat":"repeat","background-position":"center center","background-size":"auto","background-attachment":"scroll","background-type":"","background-media":"","overlay-type":"","overlay-color":"","overlay-opacity":"","overlay-gradient":""}},"ast-content-background-meta":{"desktop":{"background-color":"var(--ast-global-color-5)","background-image":"","background-repeat":"repeat","background-position":"center center","background-size":"auto","background-attachment":"scroll","background-type":"","background-media":"","overlay-type":"","overlay-color":"","overlay-opacity":"","overlay-gradient":""},"tablet":{"background-color":"var(--ast-global-color-5)","background-image":"","background-repeat":"repeat","background-position":"center center","background-size":"auto","background-attachment":"scroll","background-type":"","background-media":"","overlay-type":"","overlay-color":"","overlay-opacity":"","overlay-gradient":""},"mobile":{"background-color":"var(--ast-global-color-5)","background-image":"","background-repeat":"repeat","background-position":"center center","background-size":"auto","background-attachment":"scroll","background-type":"","background-media":"","overlay-type":"","overlay-color":"","overlay-opacity":"","overlay-gradient":""}},"footnotes":""},"categories":[365,23,1,2,3,8,9,5,15,14,13,12,11,10],"tags":[],"class_list":["post-3836","post","type-post","status-publish","format-standard","hentry","category-curs-2019-20","category-departament-deducacio","category-general","category-infantil","category-p3","category-p4","category-p5","category-primaria","category-6e","category-5e","category-4t","category-3r","category-2n","category-1r"],"post_mailing_queue_ids":[],"_links":{"self":[{"href":"https:\/\/agora.xtec.cat\/escolasantjulia\/wp-json\/wp\/v2\/posts\/3836","targetHints":{"allow":["GET"]}}],"collection":[{"href":"https:\/\/agora.xtec.cat\/escolasantjulia\/wp-json\/wp\/v2\/posts"}],"about":[{"href":"https:\/\/agora.xtec.cat\/escolasantjulia\/wp-json\/wp\/v2\/types\/post"}],"author":[{"embeddable":true,"href":"https:\/\/agora.xtec.cat\/escolasantjulia\/wp-json\/wp\/v2\/users\/23"}],"replies":[{"embeddable":true,"href":"https:\/\/agora.xtec.cat\/escolasantjulia\/wp-json\/wp\/v2\/comments?post=3836"}],"version-history":[{"count":3,"href":"https:\/\/agora.xtec.cat\/escolasantjulia\/wp-json\/wp\/v2\/posts\/3836\/revisions"}],"predecessor-version":[{"id":3841,"href":"https:\/\/agora.xtec.cat\/escolasantjulia\/wp-json\/wp\/v2\/posts\/3836\/revisions\/3841"}],"wp:attachment":[{"href":"https:\/\/agora.xtec.cat\/escolasantjulia\/wp-json\/wp\/v2\/media?parent=3836"}],"wp:term":[{"taxonomy":"category","embeddable":true,"href":"https:\/\/agora.xtec.cat\/escolasantjulia\/wp-json\/wp\/v2\/categories?post=3836"},{"taxonomy":"post_tag","embeddable":true,"href":"https:\/\/agora.xtec.cat\/escolasantjulia\/wp-json\/wp\/v2\/tags?post=3836"}],"curies":[{"name":"wp","href":"https:\/\/api.w.org\/{rel}","templated":true}]}}