{"id":3718,"date":"2020-03-11T08:42:12","date_gmt":"2020-03-11T07:42:12","guid":{"rendered":"http:\/\/agora.xtec.cat\/escolasantjulia\/?p=3718"},"modified":"2020-03-11T08:42:12","modified_gmt":"2020-03-11T07:42:12","slug":"2na-historia-del-meu-nom-david-i-joel","status":"publish","type":"post","link":"https:\/\/agora.xtec.cat\/escolasantjulia\/general\/2na-historia-del-meu-nom-david-i-joel\/","title":{"rendered":"2nA Hist\u00f2ria del meu nom: David i Joel"},"content":{"rendered":"<p><img loading=\"lazy\" decoding=\"async\" class=\" wp-image-3720 alignleft\" src=\"https:\/\/agora.xtec.cat\/escolasantjulia\/wp-content\/uploads\/usu423\/2020\/03\/0-300x223.jpg\" alt=\"\" width=\"203\" height=\"151\" srcset=\"https:\/\/agora.xtec.cat\/escolasantjulia\/wp-content\/uploads\/usu423\/2020\/03\/0-300x223.jpg 300w, https:\/\/agora.xtec.cat\/escolasantjulia\/wp-content\/uploads\/usu423\/2020\/03\/0-200x150.jpg 200w, https:\/\/agora.xtec.cat\/escolasantjulia\/wp-content\/uploads\/usu423\/2020\/03\/0.jpg 448w\" sizes=\"auto, (max-width: 203px) 100vw, 203px\" \/>Fa uns dies, ens van venir a visitar la germana i el pare del David Molla. Entre tots van explicar tota la hist\u00f2ria del seu nom, van fer una sopa de lletres, van explicar una llegenda i incl\u00fas van fer jocs de m\u00e0gia, tot relacionat amb el nom de David&#8230;molt complet i moooolt interessant. I la carona del David&#8230;no t\u00e9 preu!!<\/p>\n<p>&nbsp;<\/p>\n<p><iframe loading=\"lazy\" src=\"https:\/\/www.youtube.com\/embed\/videoseries?list=PLQNZJwkPI3CLGkTGUxKC2ZpggH1iRlt2K\" width=\"560\" height=\"315\" frameborder=\"0\"><\/iframe><\/p>\n<p>Tamb\u00e9 van venir, a la classe de les tortugues, la mare i el germ\u00e0 del Joel.<br \/>\nCom introducci\u00f3, els alumnes han hagut d\u2019encertar unes quantes endevinalles i despr\u00e9s entre tots han anat explicant tot all\u00f2 que han investigat i en el seu moment van decidir sobre el nom.<br \/>\nHa estat molt b\u00e9, els alumnes s\u2019ho passen d\u2019all\u00f2 m\u00e9s b\u00e9, per\u00f2 el protagonista gaudeix molt i se li nota un orgull a la seva expressi\u00f3 i en la mirada&#8230;que dona gust!!<\/p>\n<p><iframe loading=\"lazy\" src=\"https:\/\/www.youtube.com\/embed\/videoseries?list=PLQNZJwkPI3CL-RdXqr6KkAGSzD6NBzdK6\" width=\"560\" height=\"315\" frameborder=\"0\"><\/iframe><\/p>\n","protected":false},"excerpt":{"rendered":"<p>Fa uns dies, ens van venir a visitar la germana i el pare del David Molla. Entre tots van explicar tota la hist\u00f2ria del seu nom, van fer una sopa de lletres, van explicar una llegenda i incl\u00fas van fer jocs de m\u00e0gia, tot relacionat amb el nom de David&#8230;molt complet i moooolt interessant. I [&hellip;]<\/p>\n","protected":false},"author":1,"featured_media":3719,"comment_status":"open","ping_status":"closed","sticky":false,"template":"","format":"standard","meta":{"_bbp_topic_count":0,"_bbp_reply_count":0,"_bbp_total_topic_count":0,"_bbp_total_reply_count":0,"_bbp_voice_count":0,"_bbp_anonymous_reply_count":0,"_bbp_topic_count_hidden":0,"_bbp_reply_count_hidden":0,"_bbp_forum_subforum_count":0,"site-sidebar-layout":"default","site-content-layout":"","ast-site-content-layout":"","site-content-style":"default","site-sidebar-style":"default","ast-global-header-display":"","ast-banner-title-visibility":"","ast-main-header-display":"","ast-hfb-above-header-display":"","ast-hfb-below-header-display":"","ast-hfb-mobile-header-display":"","site-post-title":"","ast-breadcrumbs-content":"","ast-featured-img":"","footer-sml-layout":"","theme-transparent-header-meta":"","adv-header-id-meta":"","stick-header-meta":"","header-above-stick-meta":"","header-main-stick-meta":"","header-below-stick-meta":"","astra-migrate-meta-layouts":"default","ast-page-background-enabled":"default","ast-page-background-meta":{"desktop":{"background-color":"var(--ast-global-color-4)","background-image":"","background-repeat":"repeat","background-position":"center center","background-size":"auto","background-attachment":"scroll","background-type":"","background-media":"","overlay-type":"","overlay-color":"","overlay-opacity":"","overlay-gradient":""},"tablet":{"background-color":"","background-image":"","background-repeat":"repeat","background-position":"center center","background-size":"auto","background-attachment":"scroll","background-type":"","background-media":"","overlay-type":"","overlay-color":"","overlay-opacity":"","overlay-gradient":""},"mobile":{"background-color":"","background-image":"","background-repeat":"repeat","background-position":"center center","background-size":"auto","background-attachment":"scroll","background-type":"","background-media":"","overlay-type":"","overlay-color":"","overlay-opacity":"","overlay-gradient":""}},"ast-content-background-meta":{"desktop":{"background-color":"var(--ast-global-color-5)","background-image":"","background-repeat":"repeat","background-position":"center center","background-size":"auto","background-attachment":"scroll","background-type":"","background-media":"","overlay-type":"","overlay-color":"","overlay-opacity":"","overlay-gradient":""},"tablet":{"background-color":"var(--ast-global-color-5)","background-image":"","background-repeat":"repeat","background-position":"center center","background-size":"auto","background-attachment":"scroll","background-type":"","background-media":"","overlay-type":"","overlay-color":"","overlay-opacity":"","overlay-gradient":""},"mobile":{"background-color":"var(--ast-global-color-5)","background-image":"","background-repeat":"repeat","background-position":"center center","background-size":"auto","background-attachment":"scroll","background-type":"","background-media":"","overlay-type":"","overlay-color":"","overlay-opacity":"","overlay-gradient":""}},"footnotes":""},"categories":[35,365,1,11],"tags":[46,89,291,417,137,411],"class_list":["post-3718","post","type-post","status-publish","format-standard","has-post-thumbnail","hentry","category-activitats-a-laula","category-curs-2019-20","category-general","category-2n","tag-activitats-aula","tag-emocions","tag-familia","tag-nom","tag-pares-i-mares","tag-vincle"],"post_mailing_queue_ids":[],"_links":{"self":[{"href":"https:\/\/agora.xtec.cat\/escolasantjulia\/wp-json\/wp\/v2\/posts\/3718","targetHints":{"allow":["GET"]}}],"collection":[{"href":"https:\/\/agora.xtec.cat\/escolasantjulia\/wp-json\/wp\/v2\/posts"}],"about":[{"href":"https:\/\/agora.xtec.cat\/escolasantjulia\/wp-json\/wp\/v2\/types\/post"}],"author":[{"embeddable":true,"href":"https:\/\/agora.xtec.cat\/escolasantjulia\/wp-json\/wp\/v2\/users\/1"}],"replies":[{"embeddable":true,"href":"https:\/\/agora.xtec.cat\/escolasantjulia\/wp-json\/wp\/v2\/comments?post=3718"}],"version-history":[{"count":1,"href":"https:\/\/agora.xtec.cat\/escolasantjulia\/wp-json\/wp\/v2\/posts\/3718\/revisions"}],"predecessor-version":[{"id":3721,"href":"https:\/\/agora.xtec.cat\/escolasantjulia\/wp-json\/wp\/v2\/posts\/3718\/revisions\/3721"}],"wp:featuredmedia":[{"embeddable":true,"href":"https:\/\/agora.xtec.cat\/escolasantjulia\/wp-json\/wp\/v2\/media\/3719"}],"wp:attachment":[{"href":"https:\/\/agora.xtec.cat\/escolasantjulia\/wp-json\/wp\/v2\/media?parent=3718"}],"wp:term":[{"taxonomy":"category","embeddable":true,"href":"https:\/\/agora.xtec.cat\/escolasantjulia\/wp-json\/wp\/v2\/categories?post=3718"},{"taxonomy":"post_tag","embeddable":true,"href":"https:\/\/agora.xtec.cat\/escolasantjulia\/wp-json\/wp\/v2\/tags?post=3718"}],"curies":[{"name":"wp","href":"https:\/\/api.w.org\/{rel}","templated":true}]}}