{"id":3697,"date":"2020-03-03T16:25:32","date_gmt":"2020-03-03T15:25:32","guid":{"rendered":"http:\/\/agora.xtec.cat\/escolasantjulia\/?p=3697"},"modified":"2020-03-03T16:44:42","modified_gmt":"2020-03-03T15:44:42","slug":"carnaval-2020","status":"publish","type":"post","link":"https:\/\/agora.xtec.cat\/escolasantjulia\/general\/carnaval-2020\/","title":{"rendered":"Carnaval 2020"},"content":{"rendered":"<p><a href=\"https:\/\/photos.app.goo.gl\/HiCGtivwUGCjchzs8\" target=\"_blank\" rel=\"noopener noreferrer\"><img loading=\"lazy\" decoding=\"async\" class=\"alignleft wp-image-3698\" src=\"https:\/\/agora.xtec.cat\/escolasantjulia\/wp-content\/uploads\/usu423\/2020\/03\/WhatsApp-Image-2020-02-25-at-08.19.46-2-300x225.jpg\" alt=\"\" width=\"240\" height=\"180\" \/><\/a>Un any m\u00e9s hem celebrat el Carnaval! La disbauxa, la gresca, el ball, la m\u00fasica&#8230; han entrat per uns dies a l&#8217;escola i ens hem deixat portar.<\/p>\n<p>El dijous gras va comen\u00e7ar amb la tradicional sortida als afores del poble, portant l&#8217;entrep\u00e0 de truita, de botifarra d&#8217;ou o del que cadasc\u00fa va preferir; \u00e9s carnaval i tot s&#8217;hi val!<br \/>\nCicle inicial va anar a la Gornal, i va veure com estaven les oliveres, les vinyes i van jugar al parc.<br \/>\nCicle mitj\u00e0 van enfilar cap a Banyeres i els de cicle superior cap al Pi de l&#8217;Humbert, on v\u00e0rem jugar i tamb\u00e9 v\u00e0rem collir esp\u00e0rrecs.<\/p>\n<p><strong><span style=\"color: #ff6600;\"><a style=\"color: #ff6600;\" href=\"https:\/\/photos.app.goo.gl\/HiCGtivwUGCjchzs8\" target=\"_blank\" rel=\"noopener noreferrer\">Cliqueu aqu\u00ed per veure algunes fotos de les sortides<\/a><\/span><\/strong><\/p>\n<p><a href=\"https:\/\/photos.app.goo.gl\/TCHwB5FSVRxhokUT8\" target=\"_blank\" rel=\"noopener noreferrer\"><img loading=\"lazy\" decoding=\"async\" class=\"alignright wp-image-3699 size-medium\" src=\"https:\/\/agora.xtec.cat\/escolasantjulia\/wp-content\/uploads\/usu423\/2020\/03\/WhatsApp-Image-2020-02-20-at-16.22.03-2-300x169.jpg\" alt=\"\" width=\"300\" height=\"169\" \/><\/a><\/p>\n<p>&nbsp;<\/p>\n<p>Per la tarda v\u00e0rem anar pels carrers de l&#8217;Arbo\u00e7, cadasc\u00fa amb la seva disfressa, fins al carrer major, on gaud\u00edrem de la m\u00fasica i el confeti.<\/p>\n<p><strong><span style=\"color: #008000;\"><a style=\"color: #008000;\" href=\"https:\/\/photos.app.goo.gl\/TCHwB5FSVRxhokUT8\" target=\"_blank\" rel=\"noopener noreferrer\">M\u00e9s fotografies clicant aqu\u00ed.<\/a><\/span><\/strong><\/p>\n","protected":false},"excerpt":{"rendered":"<p>Un any m\u00e9s hem celebrat el Carnaval! La disbauxa, la gresca, el ball, la m\u00fasica&#8230; han entrat per uns dies a l&#8217;escola i ens hem deixat portar. El dijous gras va comen\u00e7ar amb la tradicional sortida als afores del poble, portant l&#8217;entrep\u00e0 de truita, de botifarra d&#8217;ou o del que cadasc\u00fa va preferir; \u00e9s carnaval [&hellip;]<\/p>\n","protected":false},"author":1,"featured_media":3699,"comment_status":"open","ping_status":"closed","sticky":false,"template":"","format":"standard","meta":{"_bbp_topic_count":0,"_bbp_reply_count":0,"_bbp_total_topic_count":0,"_bbp_total_reply_count":0,"_bbp_voice_count":0,"_bbp_anonymous_reply_count":0,"_bbp_topic_count_hidden":0,"_bbp_reply_count_hidden":0,"_bbp_forum_subforum_count":0,"site-sidebar-layout":"default","site-content-layout":"","ast-site-content-layout":"","site-content-style":"default","site-sidebar-style":"default","ast-global-header-display":"","ast-banner-title-visibility":"","ast-main-header-display":"","ast-hfb-above-header-display":"","ast-hfb-below-header-display":"","ast-hfb-mobile-header-display":"","site-post-title":"","ast-breadcrumbs-content":"","ast-featured-img":"","footer-sml-layout":"","theme-transparent-header-meta":"","adv-header-id-meta":"","stick-header-meta":"","header-above-stick-meta":"","header-main-stick-meta":"","header-below-stick-meta":"","astra-migrate-meta-layouts":"default","ast-page-background-enabled":"default","ast-page-background-meta":{"desktop":{"background-color":"var(--ast-global-color-4)","background-image":"","background-repeat":"repeat","background-position":"center center","background-size":"auto","background-attachment":"scroll","background-type":"","background-media":"","overlay-type":"","overlay-color":"","overlay-opacity":"","overlay-gradient":""},"tablet":{"background-color":"","background-image":"","background-repeat":"repeat","background-position":"center center","background-size":"auto","background-attachment":"scroll","background-type":"","background-media":"","overlay-type":"","overlay-color":"","overlay-opacity":"","overlay-gradient":""},"mobile":{"background-color":"","background-image":"","background-repeat":"repeat","background-position":"center center","background-size":"auto","background-attachment":"scroll","background-type":"","background-media":"","overlay-type":"","overlay-color":"","overlay-opacity":"","overlay-gradient":""}},"ast-content-background-meta":{"desktop":{"background-color":"var(--ast-global-color-5)","background-image":"","background-repeat":"repeat","background-position":"center center","background-size":"auto","background-attachment":"scroll","background-type":"","background-media":"","overlay-type":"","overlay-color":"","overlay-opacity":"","overlay-gradient":""},"tablet":{"background-color":"var(--ast-global-color-5)","background-image":"","background-repeat":"repeat","background-position":"center center","background-size":"auto","background-attachment":"scroll","background-type":"","background-media":"","overlay-type":"","overlay-color":"","overlay-opacity":"","overlay-gradient":""},"mobile":{"background-color":"var(--ast-global-color-5)","background-image":"","background-repeat":"repeat","background-position":"center center","background-size":"auto","background-attachment":"scroll","background-type":"","background-media":"","overlay-type":"","overlay-color":"","overlay-opacity":"","overlay-gradient":""}},"footnotes":""},"categories":[365,28,1],"tags":[58,220,83,84,99,337],"class_list":["post-3697","post","type-post","status-publish","format-standard","has-post-thumbnail","hentry","category-curs-2019-20","category-festes","category-general","tag-carnaval","tag-carnestoltes","tag-dijous-gras","tag-disfressa","tag-festa","tag-rua"],"post_mailing_queue_ids":[],"_links":{"self":[{"href":"https:\/\/agora.xtec.cat\/escolasantjulia\/wp-json\/wp\/v2\/posts\/3697","targetHints":{"allow":["GET"]}}],"collection":[{"href":"https:\/\/agora.xtec.cat\/escolasantjulia\/wp-json\/wp\/v2\/posts"}],"about":[{"href":"https:\/\/agora.xtec.cat\/escolasantjulia\/wp-json\/wp\/v2\/types\/post"}],"author":[{"embeddable":true,"href":"https:\/\/agora.xtec.cat\/escolasantjulia\/wp-json\/wp\/v2\/users\/1"}],"replies":[{"embeddable":true,"href":"https:\/\/agora.xtec.cat\/escolasantjulia\/wp-json\/wp\/v2\/comments?post=3697"}],"version-history":[{"count":3,"href":"https:\/\/agora.xtec.cat\/escolasantjulia\/wp-json\/wp\/v2\/posts\/3697\/revisions"}],"predecessor-version":[{"id":3703,"href":"https:\/\/agora.xtec.cat\/escolasantjulia\/wp-json\/wp\/v2\/posts\/3697\/revisions\/3703"}],"wp:featuredmedia":[{"embeddable":true,"href":"https:\/\/agora.xtec.cat\/escolasantjulia\/wp-json\/wp\/v2\/media\/3699"}],"wp:attachment":[{"href":"https:\/\/agora.xtec.cat\/escolasantjulia\/wp-json\/wp\/v2\/media?parent=3697"}],"wp:term":[{"taxonomy":"category","embeddable":true,"href":"https:\/\/agora.xtec.cat\/escolasantjulia\/wp-json\/wp\/v2\/categories?post=3697"},{"taxonomy":"post_tag","embeddable":true,"href":"https:\/\/agora.xtec.cat\/escolasantjulia\/wp-json\/wp\/v2\/tags?post=3697"}],"curies":[{"name":"wp","href":"https:\/\/api.w.org\/{rel}","templated":true}]}}