{"id":3672,"date":"2020-02-11T08:22:23","date_gmt":"2020-02-11T07:22:23","guid":{"rendered":"http:\/\/agora.xtec.cat\/escolasantjulia\/?p=3672"},"modified":"2020-02-11T08:38:51","modified_gmt":"2020-02-11T07:38:51","slug":"a-2na-treballem-les-emocions-a-traves-dels-contes","status":"publish","type":"post","link":"https:\/\/agora.xtec.cat\/escolasantjulia\/general\/a-2na-treballem-les-emocions-a-traves-dels-contes\/","title":{"rendered":"A 2nA treballem les emocions a trav\u00e9s dels contes"},"content":{"rendered":"<p><a href=\"https:\/\/photos.app.goo.gl\/DY3TY4Giqakpsr1w9\" target=\"_blank\" rel=\"noopener noreferrer\"><img loading=\"lazy\" decoding=\"async\" class=\"alignleft wp-image-3674\" src=\"https:\/\/agora.xtec.cat\/escolasantjulia\/wp-content\/uploads\/usu423\/2020\/02\/14-300x212.jpg\" alt=\"\" width=\"205\" height=\"145\" srcset=\"https:\/\/agora.xtec.cat\/escolasantjulia\/wp-content\/uploads\/usu423\/2020\/02\/14-300x212.jpg 300w, https:\/\/agora.xtec.cat\/escolasantjulia\/wp-content\/uploads\/usu423\/2020\/02\/14.jpg 448w\" sizes=\"auto, (max-width: 205px) 100vw, 205px\" \/><\/a>Els alumnes de 2n, hem fet un treball a l\u2019hora d\u2019alternativa sobre el conte \u201cEls fils invisibles\u201d, de Montserrat Torrents.<br \/>\nDespr\u00e9s de fer \u201cvisibles\u201d totes aquelles persones que estimem, amb les que compartim estones, juguem&#8230; les dibuixem en un marc i les enganxarem entre elles mitjan\u00e7ant un fil. (Hem practicat nusos, que a alguns encara els hi costa). Un cop acabat aix\u00f2 ens hem apr\u00e8s una estrofa del conte cadasc\u00fa.<\/p>\n<p>Podeu veure m\u00e9s fotografies en <a href=\"https:\/\/photos.app.goo.gl\/DY3TY4Giqakpsr1w9\" target=\"_blank\" rel=\"noopener noreferrer\"><strong><span style=\"color: #ff6600;\">aquest enlla\u00e7<\/span><\/strong><\/a>.<\/p>\n<p>I aqu\u00ed us ensenyem el resultat, esperem que us agradi.<\/p>\n<p><iframe loading=\"lazy\" src=\"https:\/\/www.youtube.com\/embed\/9zXR23BEOqo\" width=\"560\" height=\"315\" frameborder=\"0\" allowfullscreen=\"allowfullscreen\"><\/iframe><\/p>\n<p>Enguany, en paral\u00b7lel al treball del sistema de valors,\u00a0hem creat un llibre viatger del nom de l\u2019alumne. Cada setmana un alumne se l\u2019emporta a casa durant uns dies i juntament amb la seva fam\u00edlia creen a la seva manera la hist\u00f2ria del seu nom: enganxen fotos, viv\u00e8ncies, jocs&#8230;<\/p>\n<p>Fan una tasca d\u2019investigaci\u00f3, de descobriment del seu nom, la seva hist\u00f2ria personal, familiar molt interessant i enriquidora. Les fam\u00edlies que s\u2019ho poden combinar venen a l\u2019escola i ho exposen a la classe juntament amb el seu fill. S\u00f3n moments molt bonics, molt motivadors i tendres pels seus fills. Nom\u00e9s cal mirar els ulls!!!<\/p>\n<p>Us deixo una mostra dels dos que de moment han pogut venir. Ja veureu com us agradar\u00e0!!<\/p>\n<p>Moltes gr\u00e0cies al pare de l\u2019Arlet i a la mare de l\u2019Alex. Ho vau fer mooolt b\u00e9!!<\/p>\n<p><iframe loading=\"lazy\" src=\"https:\/\/www.youtube.com\/embed\/u4p9tSI7P78\" width=\"280\" height=\"157\" frameborder=\"0\" allowfullscreen=\"allowfullscreen\"><\/iframe> <iframe loading=\"lazy\" src=\"https:\/\/www.youtube.com\/embed\/vs26nt_MQIg\" width=\"280\" height=\"157\" frameborder=\"0\" allowfullscreen=\"allowfullscreen\"><\/iframe><\/p>\n<p><iframe loading=\"lazy\" src=\"https:\/\/www.youtube.com\/embed\/UkVWlMGTIKA\" width=\"280\" height=\"157\" frameborder=\"0\" allowfullscreen=\"allowfullscreen\"><\/iframe> <iframe loading=\"lazy\" src=\"https:\/\/www.youtube.com\/embed\/IC53f7MNtvA\" width=\"280\" height=\"157\" frameborder=\"0\" allowfullscreen=\"allowfullscreen\"><\/iframe><\/p>\n","protected":false},"excerpt":{"rendered":"<p>Els alumnes de 2n, hem fet un treball a l\u2019hora d\u2019alternativa sobre el conte \u201cEls fils invisibles\u201d, de Montserrat Torrents. Despr\u00e9s de fer \u201cvisibles\u201d totes aquelles persones que estimem, amb les que compartim estones, juguem&#8230; les dibuixem en un marc i les enganxarem entre elles mitjan\u00e7ant un fil. (Hem practicat nusos, que a alguns encara [&hellip;]<\/p>\n","protected":false},"author":1,"featured_media":3689,"comment_status":"open","ping_status":"closed","sticky":false,"template":"","format":"standard","meta":{"_bbp_topic_count":0,"_bbp_reply_count":0,"_bbp_total_topic_count":0,"_bbp_total_reply_count":0,"_bbp_voice_count":0,"_bbp_anonymous_reply_count":0,"_bbp_topic_count_hidden":0,"_bbp_reply_count_hidden":0,"_bbp_forum_subforum_count":0,"site-sidebar-layout":"default","site-content-layout":"","ast-site-content-layout":"","site-content-style":"default","site-sidebar-style":"default","ast-global-header-display":"","ast-banner-title-visibility":"","ast-main-header-display":"","ast-hfb-above-header-display":"","ast-hfb-below-header-display":"","ast-hfb-mobile-header-display":"","site-post-title":"","ast-breadcrumbs-content":"","ast-featured-img":"","footer-sml-layout":"","theme-transparent-header-meta":"","adv-header-id-meta":"","stick-header-meta":"","header-above-stick-meta":"","header-main-stick-meta":"","header-below-stick-meta":"","astra-migrate-meta-layouts":"default","ast-page-background-enabled":"default","ast-page-background-meta":{"desktop":{"background-color":"var(--ast-global-color-4)","background-image":"","background-repeat":"repeat","background-position":"center center","background-size":"auto","background-attachment":"scroll","background-type":"","background-media":"","overlay-type":"","overlay-color":"","overlay-opacity":"","overlay-gradient":""},"tablet":{"background-color":"","background-image":"","background-repeat":"repeat","background-position":"center center","background-size":"auto","background-attachment":"scroll","background-type":"","background-media":"","overlay-type":"","overlay-color":"","overlay-opacity":"","overlay-gradient":""},"mobile":{"background-color":"","background-image":"","background-repeat":"repeat","background-position":"center center","background-size":"auto","background-attachment":"scroll","background-type":"","background-media":"","overlay-type":"","overlay-color":"","overlay-opacity":"","overlay-gradient":""}},"ast-content-background-meta":{"desktop":{"background-color":"var(--ast-global-color-5)","background-image":"","background-repeat":"repeat","background-position":"center center","background-size":"auto","background-attachment":"scroll","background-type":"","background-media":"","overlay-type":"","overlay-color":"","overlay-opacity":"","overlay-gradient":""},"tablet":{"background-color":"var(--ast-global-color-5)","background-image":"","background-repeat":"repeat","background-position":"center center","background-size":"auto","background-attachment":"scroll","background-type":"","background-media":"","overlay-type":"","overlay-color":"","overlay-opacity":"","overlay-gradient":""},"mobile":{"background-color":"var(--ast-global-color-5)","background-image":"","background-repeat":"repeat","background-position":"center center","background-size":"auto","background-attachment":"scroll","background-type":"","background-media":"","overlay-type":"","overlay-color":"","overlay-opacity":"","overlay-gradient":""}},"footnotes":""},"categories":[35,365,1,22,11],"tags":[74,89,291,137,412,181,411],"class_list":["post-3672","post","type-post","status-publish","format-standard","has-post-thumbnail","hentry","category-activitats-a-laula","category-curs-2019-20","category-general","category-ilec","category-2n","tag-conte","tag-emocions","tag-familia","tag-pares-i-mares","tag-sistemica","tag-valors","tag-vincle"],"post_mailing_queue_ids":[],"_links":{"self":[{"href":"https:\/\/agora.xtec.cat\/escolasantjulia\/wp-json\/wp\/v2\/posts\/3672","targetHints":{"allow":["GET"]}}],"collection":[{"href":"https:\/\/agora.xtec.cat\/escolasantjulia\/wp-json\/wp\/v2\/posts"}],"about":[{"href":"https:\/\/agora.xtec.cat\/escolasantjulia\/wp-json\/wp\/v2\/types\/post"}],"author":[{"embeddable":true,"href":"https:\/\/agora.xtec.cat\/escolasantjulia\/wp-json\/wp\/v2\/users\/1"}],"replies":[{"embeddable":true,"href":"https:\/\/agora.xtec.cat\/escolasantjulia\/wp-json\/wp\/v2\/comments?post=3672"}],"version-history":[{"count":3,"href":"https:\/\/agora.xtec.cat\/escolasantjulia\/wp-json\/wp\/v2\/posts\/3672\/revisions"}],"predecessor-version":[{"id":3690,"href":"https:\/\/agora.xtec.cat\/escolasantjulia\/wp-json\/wp\/v2\/posts\/3672\/revisions\/3690"}],"wp:featuredmedia":[{"embeddable":true,"href":"https:\/\/agora.xtec.cat\/escolasantjulia\/wp-json\/wp\/v2\/media\/3689"}],"wp:attachment":[{"href":"https:\/\/agora.xtec.cat\/escolasantjulia\/wp-json\/wp\/v2\/media?parent=3672"}],"wp:term":[{"taxonomy":"category","embeddable":true,"href":"https:\/\/agora.xtec.cat\/escolasantjulia\/wp-json\/wp\/v2\/categories?post=3672"},{"taxonomy":"post_tag","embeddable":true,"href":"https:\/\/agora.xtec.cat\/escolasantjulia\/wp-json\/wp\/v2\/tags?post=3672"}],"curies":[{"name":"wp","href":"https:\/\/api.w.org\/{rel}","templated":true}]}}