{"id":3568,"date":"2019-11-18T16:20:03","date_gmt":"2019-11-18T15:20:03","guid":{"rendered":"http:\/\/agora.xtec.cat\/escolasantjulia\/?p=3568"},"modified":"2019-11-18T16:21:15","modified_gmt":"2019-11-18T15:21:15","slug":"castanyada-2019-2na","status":"publish","type":"post","link":"https:\/\/agora.xtec.cat\/escolasantjulia\/general\/castanyada-2019-2na\/","title":{"rendered":"Castanyada 2019 2nA"},"content":{"rendered":"<p><a href=\"https:\/\/photos.app.goo.gl\/9HhqkvC2Rgk5YXZK8\"><img loading=\"lazy\" decoding=\"async\" class=\"attachment-266x266 alignleft\" src=\"https:\/\/agora.xtec.cat\/escolasantjulia\/wp-content\/uploads\/usu423\/2019\/11\/IMG_2262.jpg\" alt=\"\" width=\"266\" height=\"202\" \/><\/a>Hem decorat l\u2019escola amb els treballs que han portat de casa. Moltes gr\u00e0cies per tota la feina. Tots eren molt bonics i originals. Molt bones idees!!<br \/>\nA la classe hem estat pintant castanyes divertides, amb cares, amb arracades, fent esport&#8230; i algunes les hem penjat tamb\u00e9 al passad\u00eds.<br \/>\nTamb\u00e9 entre tots hem decorat la capsa de les castanyes i els vidres de la classe. Ha quedat una capsa molt bonica, molt personal.<br \/>\nI per acabar la festa, al mat\u00ed hem fet de cuiners i ha vingut la castanyera a visitar-nos: S\u2019han format 4 grups i la feina s\u2019ha fet per equip.<br \/>\nCada grup ha dissenyat i decorat tots els pans de pessic, fent el seu estil i clar, despr\u00e9s, com bons cuiners ho hem tastat&#8230;Estaven bon\u00edssims!! I un s\u2019ha baixat al pati per compartir amb la resta de l\u2019alumnat.<br \/>\nPer la tarda hem ballat la dansa que hav\u00edem assajat, ens ho hem passat molt b\u00e9 i ha quedat molt animada.<br \/>\nHan vingut els pares i hem menjat les castanyes torrades al pati amb tots nosaltres.<br \/>\nTot plegat, ens ho hem passat d\u2019all\u00f2 m\u00e9s b\u00e9!!<\/p>\n<p><strong><a href=\"https:\/\/photos.app.goo.gl\/9HhqkvC2Rgk5YXZK8\" target=\"_blank\" rel=\"noopener noreferrer\">https:\/\/photos.app.goo.gl\/9HhqkvC2Rgk5YXZK8<\/a><\/strong><\/p>\n","protected":false},"excerpt":{"rendered":"<p>Hem decorat l\u2019escola amb els treballs que han portat de casa. Moltes gr\u00e0cies per tota la feina. Tots eren molt bonics i originals. Molt bones idees!! A la classe hem estat pintant castanyes divertides, amb cares, amb arracades, fent esport&#8230; i algunes les hem penjat tamb\u00e9 al passad\u00eds. Tamb\u00e9 entre tots hem decorat la capsa [&hellip;]<\/p>\n","protected":false},"author":28,"featured_media":3569,"comment_status":"open","ping_status":"closed","sticky":false,"template":"","format":"standard","meta":{"_bbp_topic_count":0,"_bbp_reply_count":0,"_bbp_total_topic_count":0,"_bbp_total_reply_count":0,"_bbp_voice_count":0,"_bbp_anonymous_reply_count":0,"_bbp_topic_count_hidden":0,"_bbp_reply_count_hidden":0,"_bbp_forum_subforum_count":0,"site-sidebar-layout":"default","site-content-layout":"","ast-site-content-layout":"","site-content-style":"default","site-sidebar-style":"default","ast-global-header-display":"","ast-banner-title-visibility":"","ast-main-header-display":"","ast-hfb-above-header-display":"","ast-hfb-below-header-display":"","ast-hfb-mobile-header-display":"","site-post-title":"","ast-breadcrumbs-content":"","ast-featured-img":"","footer-sml-layout":"","theme-transparent-header-meta":"","adv-header-id-meta":"","stick-header-meta":"","header-above-stick-meta":"","header-main-stick-meta":"","header-below-stick-meta":"","astra-migrate-meta-layouts":"default","ast-page-background-enabled":"default","ast-page-background-meta":{"desktop":{"background-color":"var(--ast-global-color-4)","background-image":"","background-repeat":"repeat","background-position":"center center","background-size":"auto","background-attachment":"scroll","background-type":"","background-media":"","overlay-type":"","overlay-color":"","overlay-opacity":"","overlay-gradient":""},"tablet":{"background-color":"","background-image":"","background-repeat":"repeat","background-position":"center center","background-size":"auto","background-attachment":"scroll","background-type":"","background-media":"","overlay-type":"","overlay-color":"","overlay-opacity":"","overlay-gradient":""},"mobile":{"background-color":"","background-image":"","background-repeat":"repeat","background-position":"center center","background-size":"auto","background-attachment":"scroll","background-type":"","background-media":"","overlay-type":"","overlay-color":"","overlay-opacity":"","overlay-gradient":""}},"ast-content-background-meta":{"desktop":{"background-color":"var(--ast-global-color-5)","background-image":"","background-repeat":"repeat","background-position":"center center","background-size":"auto","background-attachment":"scroll","background-type":"","background-media":"","overlay-type":"","overlay-color":"","overlay-opacity":"","overlay-gradient":""},"tablet":{"background-color":"var(--ast-global-color-5)","background-image":"","background-repeat":"repeat","background-position":"center center","background-size":"auto","background-attachment":"scroll","background-type":"","background-media":"","overlay-type":"","overlay-color":"","overlay-opacity":"","overlay-gradient":""},"mobile":{"background-color":"var(--ast-global-color-5)","background-image":"","background-repeat":"repeat","background-position":"center center","background-size":"auto","background-attachment":"scroll","background-type":"","background-media":"","overlay-type":"","overlay-color":"","overlay-opacity":"","overlay-gradient":""}},"footnotes":""},"categories":[365,28,209,1,5,11],"tags":[59,401,99,223,386],"class_list":["post-3568","post","type-post","status-publish","format-standard","has-post-thumbnail","hentry","category-curs-2019-20","category-festes","category-festes-i-celebracions","category-general","category-primaria","category-2n","tag-castanyada","tag-esmorzar","tag-festa","tag-fruits","tag-manualitat"],"post_mailing_queue_ids":[],"_links":{"self":[{"href":"https:\/\/agora.xtec.cat\/escolasantjulia\/wp-json\/wp\/v2\/posts\/3568","targetHints":{"allow":["GET"]}}],"collection":[{"href":"https:\/\/agora.xtec.cat\/escolasantjulia\/wp-json\/wp\/v2\/posts"}],"about":[{"href":"https:\/\/agora.xtec.cat\/escolasantjulia\/wp-json\/wp\/v2\/types\/post"}],"author":[{"embeddable":true,"href":"https:\/\/agora.xtec.cat\/escolasantjulia\/wp-json\/wp\/v2\/users\/28"}],"replies":[{"embeddable":true,"href":"https:\/\/agora.xtec.cat\/escolasantjulia\/wp-json\/wp\/v2\/comments?post=3568"}],"version-history":[{"count":2,"href":"https:\/\/agora.xtec.cat\/escolasantjulia\/wp-json\/wp\/v2\/posts\/3568\/revisions"}],"predecessor-version":[{"id":3574,"href":"https:\/\/agora.xtec.cat\/escolasantjulia\/wp-json\/wp\/v2\/posts\/3568\/revisions\/3574"}],"wp:featuredmedia":[{"embeddable":true,"href":"https:\/\/agora.xtec.cat\/escolasantjulia\/wp-json\/wp\/v2\/media\/3569"}],"wp:attachment":[{"href":"https:\/\/agora.xtec.cat\/escolasantjulia\/wp-json\/wp\/v2\/media?parent=3568"}],"wp:term":[{"taxonomy":"category","embeddable":true,"href":"https:\/\/agora.xtec.cat\/escolasantjulia\/wp-json\/wp\/v2\/categories?post=3568"},{"taxonomy":"post_tag","embeddable":true,"href":"https:\/\/agora.xtec.cat\/escolasantjulia\/wp-json\/wp\/v2\/tags?post=3568"}],"curies":[{"name":"wp","href":"https:\/\/api.w.org\/{rel}","templated":true}]}}