{"id":3532,"date":"2019-11-14T12:56:25","date_gmt":"2019-11-14T11:56:25","guid":{"rendered":"http:\/\/agora.xtec.cat\/escolasantjulia\/?p=3532"},"modified":"2019-11-14T13:03:19","modified_gmt":"2019-11-14T12:03:19","slug":"castanyada-2019","status":"publish","type":"post","link":"https:\/\/agora.xtec.cat\/escolasantjulia\/general\/castanyada-2019\/","title":{"rendered":"Castanyada 2019"},"content":{"rendered":"<p><a href=\"https:\/\/agora.xtec.cat\/escolasantjulia\/wp-content\/uploads\/usu423\/2019\/11\/WhatsApp-Image-2019-11-14-at-08.38.49.jpeg\"><img loading=\"lazy\" decoding=\"async\" class=\"alignnone size-medium wp-image-3533\" src=\"https:\/\/agora.xtec.cat\/escolasantjulia\/wp-content\/uploads\/usu423\/2019\/11\/WhatsApp-Image-2019-11-14-at-08.38.49-300x225.jpeg\" alt=\"\" width=\"300\" height=\"225\" srcset=\"https:\/\/agora.xtec.cat\/escolasantjulia\/wp-content\/uploads\/usu423\/2019\/11\/WhatsApp-Image-2019-11-14-at-08.38.49-300x225.jpeg 300w, https:\/\/agora.xtec.cat\/escolasantjulia\/wp-content\/uploads\/usu423\/2019\/11\/WhatsApp-Image-2019-11-14-at-08.38.49-768x576.jpeg 768w, https:\/\/agora.xtec.cat\/escolasantjulia\/wp-content\/uploads\/usu423\/2019\/11\/WhatsApp-Image-2019-11-14-at-08.38.49-1024x768.jpeg 1024w, https:\/\/agora.xtec.cat\/escolasantjulia\/wp-content\/uploads\/usu423\/2019\/11\/WhatsApp-Image-2019-11-14-at-08.38.49-200x150.jpeg 200w, https:\/\/agora.xtec.cat\/escolasantjulia\/wp-content\/uploads\/usu423\/2019\/11\/WhatsApp-Image-2019-11-14-at-08.38.49.jpeg 1984w\" sizes=\"auto, (max-width: 300px) 100vw, 300px\" \/><\/a><\/p>\n<p>Ja fa uns dies que v\u00e0rem celebrar la <strong><span style=\"color: #ff6600;\">Castanyada<\/span><\/strong> a l&#8217;escola.<br \/>\nUn any m\u00e9s aprofit\u00e0rem per fer les receptes dels nostres esmorzars de tardor a l&#8217;aula i despr\u00e9s ho v\u00e0rem compartir amb la resta de companys de l&#8217;escola. Qu\u00e8 boooo!<\/p>\n<p>A la tarda v\u00e0rem ballar les danses que ens havien preparat la Sandra i la Lourdes. Ho v\u00e0rem fer tots molt b\u00e9! Aqu\u00ed us deixem els enlla\u00e7os per veure els v\u00eddeos:<\/p>\n<p><span style=\"color: #008000;\"><strong><a style=\"color: #008000;\" href=\"https:\/\/blocs.xtec.cat\/musicasantjulia\/2019\/11\/05\/516\/\" target=\"_blank\" rel=\"noopener noreferrer\">Infantil<\/a><\/strong><\/span><\/p>\n<p><strong>Prim\u00e0ria<\/strong> <span style=\"color: #ff6600;\"><strong><a style=\"color: #ff6600;\" href=\"https:\/\/blocs.xtec.cat\/musicasantjulia\/2019\/11\/05\/danses-per-la-castanyada-6\/\" target=\"_blank\" rel=\"noopener noreferrer\">1r<\/a> <\/strong><strong><a style=\"color: #ff6600;\" href=\"https:\/\/blocs.xtec.cat\/musicasantjulia\/2019\/11\/05\/danses-per-la-castanyada-5\/\" target=\"_blank\" rel=\"noopener noreferrer\">2n<\/a> <\/strong><strong><a style=\"color: #ff6600;\" href=\"https:\/\/blocs.xtec.cat\/musicasantjulia\/2019\/11\/05\/danses-per-la-castanyada-4\/\" target=\"_blank\" rel=\"noopener noreferrer\">3r<\/a> <\/strong><strong><a style=\"color: #ff6600;\" href=\"https:\/\/blocs.xtec.cat\/musicasantjulia\/2019\/11\/05\/danses-per-la-castanyada-3\/\" target=\"_blank\" rel=\"noopener noreferrer\">4t<\/a> <\/strong><strong><a style=\"color: #ff6600;\" href=\"https:\/\/blocs.xtec.cat\/musicasantjulia\/2019\/11\/05\/danses-per-la-castanyada-2\/\" target=\"_blank\" rel=\"noopener noreferrer\">5\u00e8<\/a> <\/strong><strong><a style=\"color: #ff6600;\" href=\"https:\/\/blocs.xtec.cat\/musicasantjulia\/2019\/11\/05\/danses-per-la-castanyada\/\" target=\"_blank\" rel=\"noopener noreferrer\">6\u00e8<\/a><\/strong><\/span><\/p>\n<p>Us passem, tamb\u00e9 altres fotografies de la jornada festiva<\/p>\n<table border=\"2\">\n<tbody>\n<tr style=\"height: 269px;\">\n<td style=\"width: 272px; height: 269px;\"><a href=\"https:\/\/photos.app.goo.gl\/czzpMaoPjzhsWR8f9\"><img loading=\"lazy\" decoding=\"async\" class=\"aligncenter wp-image-3535 size-medium\" src=\"https:\/\/agora.xtec.cat\/escolasantjulia\/wp-content\/uploads\/usu423\/2019\/11\/IMG_2101-300x225.jpg\" alt=\"\" width=\"300\" height=\"225\" \/><\/a><\/p>\n<p style=\"text-align: center;\"><span style=\"color: #008000;\"><strong><a style=\"color: #008000;\" href=\"https:\/\/photos.app.goo.gl\/czzpMaoPjzhsWR8f9\" target=\"_blank\" rel=\"noopener noreferrer\">Castanyada Ed. Infantil\u00a0a l&#8217;escola<\/a><\/strong><\/span><\/p>\n<\/td>\n<td style=\"width: 273px; height: 269px;\"><a href=\"https:\/\/photos.app.goo.gl\/qrPzSw1SSUnyfrA97\" target=\"_blank\" rel=\"noopener noreferrer\"><img loading=\"lazy\" decoding=\"async\" class=\"alignnone wp-image-3537 size-medium\" src=\"https:\/\/agora.xtec.cat\/escolasantjulia\/wp-content\/uploads\/usu423\/2019\/11\/IMG_20191029_120043-300x225.jpg\" alt=\"\" width=\"300\" height=\"225\" \/><\/a><\/p>\n<p style=\"text-align: center;\"><strong><a href=\"https:\/\/photos.app.goo.gl\/qrPzSw1SSUnyfrA97\" target=\"_blank\" rel=\"noopener noreferrer\"><span style=\"color: #008000;\">Castanyada a 4tB<\/span><\/a><\/strong><\/p>\n<\/td>\n<td style=\"width: 278px; height: 269px;\"><a href=\"https:\/\/photos.app.goo.gl\/5n9Fq65iwW8ohQiX7\" target=\"_blank\" rel=\"noopener noreferrer\"><img loading=\"lazy\" decoding=\"async\" class=\"wp-image-3536 size-medium aligncenter\" src=\"https:\/\/agora.xtec.cat\/escolasantjulia\/wp-content\/uploads\/usu423\/2019\/11\/IMG_20191030_092822-300x225.jpg\" alt=\"\" width=\"300\" height=\"225\" \/><\/a><\/p>\n<p style=\"text-align: center;\"><span style=\"color: #008000;\"><strong><a style=\"color: #008000;\" href=\"https:\/\/photos.app.goo.gl\/5n9Fq65iwW8ohQiX7\" target=\"_blank\" rel=\"noopener noreferrer\">Castanyada a l&#8217;Aula d&#8217;Acollida<\/a><\/strong><\/span><\/p>\n<\/td>\n<\/tr>\n<\/tbody>\n<\/table>\n","protected":false},"excerpt":{"rendered":"<p>Ja fa uns dies que v\u00e0rem celebrar la Castanyada a l&#8217;escola. Un any m\u00e9s aprofit\u00e0rem per fer les receptes dels nostres esmorzars de tardor a l&#8217;aula i despr\u00e9s ho v\u00e0rem compartir amb la resta de companys de l&#8217;escola. Qu\u00e8 boooo! A la tarda v\u00e0rem ballar les danses que ens havien preparat la Sandra i la [&hellip;]<\/p>\n","protected":false},"author":1,"featured_media":3533,"comment_status":"open","ping_status":"closed","sticky":false,"template":"","format":"standard","meta":{"_bbp_topic_count":0,"_bbp_reply_count":0,"_bbp_total_topic_count":0,"_bbp_total_reply_count":0,"_bbp_voice_count":0,"_bbp_anonymous_reply_count":0,"_bbp_topic_count_hidden":0,"_bbp_reply_count_hidden":0,"_bbp_forum_subforum_count":0,"site-sidebar-layout":"default","site-content-layout":"","ast-site-content-layout":"","site-content-style":"default","site-sidebar-style":"default","ast-global-header-display":"","ast-banner-title-visibility":"","ast-main-header-display":"","ast-hfb-above-header-display":"","ast-hfb-below-header-display":"","ast-hfb-mobile-header-display":"","site-post-title":"","ast-breadcrumbs-content":"","ast-featured-img":"","footer-sml-layout":"","theme-transparent-header-meta":"","adv-header-id-meta":"","stick-header-meta":"","header-above-stick-meta":"","header-main-stick-meta":"","header-below-stick-meta":"","astra-migrate-meta-layouts":"default","ast-page-background-enabled":"default","ast-page-background-meta":{"desktop":{"background-color":"var(--ast-global-color-4)","background-image":"","background-repeat":"repeat","background-position":"center center","background-size":"auto","background-attachment":"scroll","background-type":"","background-media":"","overlay-type":"","overlay-color":"","overlay-opacity":"","overlay-gradient":""},"tablet":{"background-color":"","background-image":"","background-repeat":"repeat","background-position":"center center","background-size":"auto","background-attachment":"scroll","background-type":"","background-media":"","overlay-type":"","overlay-color":"","overlay-opacity":"","overlay-gradient":""},"mobile":{"background-color":"","background-image":"","background-repeat":"repeat","background-position":"center center","background-size":"auto","background-attachment":"scroll","background-type":"","background-media":"","overlay-type":"","overlay-color":"","overlay-opacity":"","overlay-gradient":""}},"ast-content-background-meta":{"desktop":{"background-color":"var(--ast-global-color-5)","background-image":"","background-repeat":"repeat","background-position":"center center","background-size":"auto","background-attachment":"scroll","background-type":"","background-media":"","overlay-type":"","overlay-color":"","overlay-opacity":"","overlay-gradient":""},"tablet":{"background-color":"var(--ast-global-color-5)","background-image":"","background-repeat":"repeat","background-position":"center center","background-size":"auto","background-attachment":"scroll","background-type":"","background-media":"","overlay-type":"","overlay-color":"","overlay-opacity":"","overlay-gradient":""},"mobile":{"background-color":"var(--ast-global-color-5)","background-image":"","background-repeat":"repeat","background-position":"center center","background-size":"auto","background-attachment":"scroll","background-type":"","background-media":"","overlay-type":"","overlay-color":"","overlay-opacity":"","overlay-gradient":""}},"footnotes":""},"categories":[365,28,209,1,9,5,15,14,13,12,397,11,396,10],"tags":[59,79,99,137,294,175],"class_list":["post-3532","post","type-post","status-publish","format-standard","has-post-thumbnail","hentry","category-curs-2019-20","category-festes","category-festes-i-celebracions","category-general","category-p5","category-primaria","category-6e","category-5e","category-4t","category-3r","category-promocio-2017","category-2n","category-prom18","category-1r","tag-castanyada","tag-dansa","tag-festa","tag-pares-i-mares","tag-recepta","tag-tardor"],"post_mailing_queue_ids":[],"_links":{"self":[{"href":"https:\/\/agora.xtec.cat\/escolasantjulia\/wp-json\/wp\/v2\/posts\/3532","targetHints":{"allow":["GET"]}}],"collection":[{"href":"https:\/\/agora.xtec.cat\/escolasantjulia\/wp-json\/wp\/v2\/posts"}],"about":[{"href":"https:\/\/agora.xtec.cat\/escolasantjulia\/wp-json\/wp\/v2\/types\/post"}],"author":[{"embeddable":true,"href":"https:\/\/agora.xtec.cat\/escolasantjulia\/wp-json\/wp\/v2\/users\/1"}],"replies":[{"embeddable":true,"href":"https:\/\/agora.xtec.cat\/escolasantjulia\/wp-json\/wp\/v2\/comments?post=3532"}],"version-history":[{"count":3,"href":"https:\/\/agora.xtec.cat\/escolasantjulia\/wp-json\/wp\/v2\/posts\/3532\/revisions"}],"predecessor-version":[{"id":3546,"href":"https:\/\/agora.xtec.cat\/escolasantjulia\/wp-json\/wp\/v2\/posts\/3532\/revisions\/3546"}],"wp:featuredmedia":[{"embeddable":true,"href":"https:\/\/agora.xtec.cat\/escolasantjulia\/wp-json\/wp\/v2\/media\/3533"}],"wp:attachment":[{"href":"https:\/\/agora.xtec.cat\/escolasantjulia\/wp-json\/wp\/v2\/media?parent=3532"}],"wp:term":[{"taxonomy":"category","embeddable":true,"href":"https:\/\/agora.xtec.cat\/escolasantjulia\/wp-json\/wp\/v2\/categories?post=3532"},{"taxonomy":"post_tag","embeddable":true,"href":"https:\/\/agora.xtec.cat\/escolasantjulia\/wp-json\/wp\/v2\/tags?post=3532"}],"curies":[{"name":"wp","href":"https:\/\/api.w.org\/{rel}","templated":true}]}}