{"id":3514,"date":"2019-11-11T13:09:42","date_gmt":"2019-11-11T12:09:42","guid":{"rendered":"http:\/\/agora.xtec.cat\/escolasantjulia\/?p=3514"},"modified":"2019-11-11T13:09:42","modified_gmt":"2019-11-11T12:09:42","slug":"la-tortuga-valentina","status":"publish","type":"post","link":"https:\/\/agora.xtec.cat\/escolasantjulia\/general\/la-tortuga-valentina\/","title":{"rendered":"La tortuga Valentina"},"content":{"rendered":"<p><a href=\"https:\/\/agora.xtec.cat\/escolasantjulia\/wp-content\/uploads\/usu423\/2019\/11\/tyjugh.jpg\"><img loading=\"lazy\" decoding=\"async\" class=\"alignnone size-full wp-image-3524\" src=\"https:\/\/agora.xtec.cat\/escolasantjulia\/wp-content\/uploads\/usu423\/2019\/11\/tyjugh.jpg\" alt=\"\" width=\"400\" height=\"300\" srcset=\"https:\/\/agora.xtec.cat\/escolasantjulia\/wp-content\/uploads\/usu423\/2019\/11\/tyjugh.jpg 400w, https:\/\/agora.xtec.cat\/escolasantjulia\/wp-content\/uploads\/usu423\/2019\/11\/tyjugh-300x225.jpg 300w, https:\/\/agora.xtec.cat\/escolasantjulia\/wp-content\/uploads\/usu423\/2019\/11\/tyjugh-200x150.jpg 200w\" sizes=\"auto, (max-width: 400px) 100vw, 400px\" \/><\/a><\/p>\n<p>A l&#8217;aula d&#8217;acollida som un membre m\u00e9s, desde fa un dia.<\/p>\n<p>Us volem presentar a la tortuga <strong>Valentina<\/strong>.<\/p>\n<p>Aquesta tortuga ens ajudar\u00e0 a moltes coses. Tantes coses com ara, fer-nos m\u00e9s responsables, perqu\u00e8 hem de cuidar de Valentina, tant a la classe com a casa els cap de setmana i tamb\u00e9 a saber coses ella.<\/p>\n<p>Els nostres companys i companyes de segon que estudien el projecte de la tortuga, ens ajudaran a tenir coneixements de la tortuga.<\/p>\n<p>Benvinguda Valentina!!!!!!!<\/p>\n","protected":false},"excerpt":{"rendered":"<p>A l&#8217;aula d&#8217;acollida som un membre m\u00e9s, desde fa un dia. Us volem presentar a la tortuga Valentina. Aquesta tortuga ens ajudar\u00e0 a moltes coses. Tantes coses com ara, fer-nos m\u00e9s responsables, perqu\u00e8 hem de cuidar de Valentina, tant a la classe com a casa els cap de setmana i tamb\u00e9 a saber coses ella. [&hellip;]<\/p>\n","protected":false},"author":1,"featured_media":3524,"comment_status":"open","ping_status":"closed","sticky":false,"template":"","format":"standard","meta":{"_bbp_topic_count":0,"_bbp_reply_count":0,"_bbp_total_topic_count":0,"_bbp_total_reply_count":0,"_bbp_voice_count":0,"_bbp_anonymous_reply_count":0,"_bbp_topic_count_hidden":0,"_bbp_reply_count_hidden":0,"_bbp_forum_subforum_count":0,"site-sidebar-layout":"default","site-content-layout":"","ast-site-content-layout":"","site-content-style":"default","site-sidebar-style":"default","ast-global-header-display":"","ast-banner-title-visibility":"","ast-main-header-display":"","ast-hfb-above-header-display":"","ast-hfb-below-header-display":"","ast-hfb-mobile-header-display":"","site-post-title":"","ast-breadcrumbs-content":"","ast-featured-img":"","footer-sml-layout":"","theme-transparent-header-meta":"","adv-header-id-meta":"","stick-header-meta":"","header-above-stick-meta":"","header-main-stick-meta":"","header-below-stick-meta":"","astra-migrate-meta-layouts":"default","ast-page-background-enabled":"default","ast-page-background-meta":{"desktop":{"background-color":"var(--ast-global-color-4)","background-image":"","background-repeat":"repeat","background-position":"center center","background-size":"auto","background-attachment":"scroll","background-type":"","background-media":"","overlay-type":"","overlay-color":"","overlay-opacity":"","overlay-gradient":""},"tablet":{"background-color":"","background-image":"","background-repeat":"repeat","background-position":"center center","background-size":"auto","background-attachment":"scroll","background-type":"","background-media":"","overlay-type":"","overlay-color":"","overlay-opacity":"","overlay-gradient":""},"mobile":{"background-color":"","background-image":"","background-repeat":"repeat","background-position":"center center","background-size":"auto","background-attachment":"scroll","background-type":"","background-media":"","overlay-type":"","overlay-color":"","overlay-opacity":"","overlay-gradient":""}},"ast-content-background-meta":{"desktop":{"background-color":"var(--ast-global-color-5)","background-image":"","background-repeat":"repeat","background-position":"center center","background-size":"auto","background-attachment":"scroll","background-type":"","background-media":"","overlay-type":"","overlay-color":"","overlay-opacity":"","overlay-gradient":""},"tablet":{"background-color":"var(--ast-global-color-5)","background-image":"","background-repeat":"repeat","background-position":"center center","background-size":"auto","background-attachment":"scroll","background-type":"","background-media":"","overlay-type":"","overlay-color":"","overlay-opacity":"","overlay-gradient":""},"mobile":{"background-color":"var(--ast-global-color-5)","background-image":"","background-repeat":"repeat","background-position":"center center","background-size":"auto","background-attachment":"scroll","background-type":"","background-media":"","overlay-type":"","overlay-color":"","overlay-opacity":"","overlay-gradient":""}},"footnotes":""},"categories":[367,365,1],"tags":[325,154,394,181],"class_list":["post-3514","post","type-post","status-publish","format-standard","has-post-thumbnail","hentry","category-aula-dacollida","category-curs-2019-20","category-general","tag-aula-acollida","tag-projecte","tag-tortugues","tag-valors"],"post_mailing_queue_ids":[],"_links":{"self":[{"href":"https:\/\/agora.xtec.cat\/escolasantjulia\/wp-json\/wp\/v2\/posts\/3514","targetHints":{"allow":["GET"]}}],"collection":[{"href":"https:\/\/agora.xtec.cat\/escolasantjulia\/wp-json\/wp\/v2\/posts"}],"about":[{"href":"https:\/\/agora.xtec.cat\/escolasantjulia\/wp-json\/wp\/v2\/types\/post"}],"author":[{"embeddable":true,"href":"https:\/\/agora.xtec.cat\/escolasantjulia\/wp-json\/wp\/v2\/users\/1"}],"replies":[{"embeddable":true,"href":"https:\/\/agora.xtec.cat\/escolasantjulia\/wp-json\/wp\/v2\/comments?post=3514"}],"version-history":[{"count":2,"href":"https:\/\/agora.xtec.cat\/escolasantjulia\/wp-json\/wp\/v2\/posts\/3514\/revisions"}],"predecessor-version":[{"id":3525,"href":"https:\/\/agora.xtec.cat\/escolasantjulia\/wp-json\/wp\/v2\/posts\/3514\/revisions\/3525"}],"wp:featuredmedia":[{"embeddable":true,"href":"https:\/\/agora.xtec.cat\/escolasantjulia\/wp-json\/wp\/v2\/media\/3524"}],"wp:attachment":[{"href":"https:\/\/agora.xtec.cat\/escolasantjulia\/wp-json\/wp\/v2\/media?parent=3514"}],"wp:term":[{"taxonomy":"category","embeddable":true,"href":"https:\/\/agora.xtec.cat\/escolasantjulia\/wp-json\/wp\/v2\/categories?post=3514"},{"taxonomy":"post_tag","embeddable":true,"href":"https:\/\/agora.xtec.cat\/escolasantjulia\/wp-json\/wp\/v2\/tags?post=3514"}],"curies":[{"name":"wp","href":"https:\/\/api.w.org\/{rel}","templated":true}]}}