{"id":3395,"date":"2019-10-07T13:02:21","date_gmt":"2019-10-07T11:02:21","guid":{"rendered":"http:\/\/agora.xtec.cat\/escolasantjulia\/?p=3395"},"modified":"2019-10-08T08:26:05","modified_gmt":"2019-10-08T06:26:05","slug":"dia-reivindicatiu-contra-el-canvi-climatic","status":"publish","type":"post","link":"https:\/\/agora.xtec.cat\/escolasantjulia\/general\/dia-reivindicatiu-contra-el-canvi-climatic\/","title":{"rendered":"Dia reivindicatiu contra el canvi clim\u00e0tic"},"content":{"rendered":"<p><a href=\"https:\/\/photos.app.goo.gl\/Rpkt5rryF1Np2Frt9\" target=\"_blank\" rel=\"noopener noreferrer\"><img loading=\"lazy\" decoding=\"async\" class=\"alignleft wp-image-3396 size-thumbnail\" src=\"https:\/\/agora.xtec.cat\/escolasantjulia\/wp-content\/uploads\/usu423\/2019\/10\/ILOVEEARTH-150x150.jpg\" alt=\"\" width=\"150\" height=\"150\" \/><\/a>El passat dia 27 de setembre va ser el dia internacional contra el canvi clim\u00e0tic. Nosaltres v\u00e0rem voler aportar el nostre granet de sorra i v\u00e0rem fer diferents activitats, totes dirigides a conscienciar-nos en la cura del nostre planeta per fer-lo sostenible.<\/p>\n<p><span style=\"color: #ff6600;\"><strong>Els nens i nenes d&#8217;infantil<\/strong><\/span> varen fer uns murals molt bonics sobre la vida en el fons del mar.<\/p>\n<p><strong><span style=\"color: #008000;\">Els alumnes de cicle inicial<\/span><\/strong> v\u00e0rem treballar la import\u00e0ncia d&#8217;utilitzar mitjans de transport no contaminants per anar a l&#8217;escola. Tamb\u00e9 v\u00e0rem escriure qu\u00e8 podem fer per estalviar energia, reciclar,&#8230;<\/p>\n<p><span style=\"color: #ff6600;\"><strong>L&#8217;alumnat de cicle mitj\u00e0<\/strong> <\/span>va fer un gran mural sobre la Terra que tindrem i la que podr\u00edem tenir si mir\u00e9ssim pel medi ambient.<\/p>\n<p><span style=\"color: #008000;\"><strong>Els nens i nenes de cicle superior<\/strong><\/span> van fer unes pancartes reivindicatives i anaren al parc de Santa Ll\u00facia, juntament amb la Resid\u00e8ncia i l&#8217;Institut, per escoltar un manifest en contra del canvi clim\u00e0tic.<\/p>\n<p>Va ser un dia molt ben aprofitat i ple de valors!<\/p>\n<p><a href=\"https:\/\/photos.app.goo.gl\/Rpkt5rryF1Np2Frt9\">Cliqueu aqu\u00ed per veure les fotos<\/a><\/p>\n<p>Tamb\u00e9 us deixem aquesta llista de reproducci\u00f3, amb v\u00eddeos de la jornada.<\/p>\n<p><iframe loading=\"lazy\" src=\"https:\/\/www.youtube.com\/embed\/videoseries?list=PLQNZJwkPI3CI3BEWXIG9YtGsPfJpzBwaf\" width=\"400\" height=\"225\" frameborder=\"0\" allowfullscreen=\"allowfullscreen\"><\/iframe><\/p>\n","protected":false},"excerpt":{"rendered":"<p>El passat dia 27 de setembre va ser el dia internacional contra el canvi clim\u00e0tic. Nosaltres v\u00e0rem voler aportar el nostre granet de sorra i v\u00e0rem fer diferents activitats, totes dirigides a conscienciar-nos en la cura del nostre planeta per fer-lo sostenible. Els nens i nenes d&#8217;infantil varen fer uns murals molt bonics sobre la [&hellip;]<\/p>\n","protected":false},"author":1,"featured_media":3396,"comment_status":"open","ping_status":"closed","sticky":false,"template":"","format":"standard","meta":{"_bbp_topic_count":0,"_bbp_reply_count":0,"_bbp_total_topic_count":0,"_bbp_total_reply_count":0,"_bbp_voice_count":0,"_bbp_anonymous_reply_count":0,"_bbp_topic_count_hidden":0,"_bbp_reply_count_hidden":0,"_bbp_forum_subforum_count":0,"site-sidebar-layout":"default","site-content-layout":"","ast-site-content-layout":"","site-content-style":"default","site-sidebar-style":"default","ast-global-header-display":"","ast-banner-title-visibility":"","ast-main-header-display":"","ast-hfb-above-header-display":"","ast-hfb-below-header-display":"","ast-hfb-mobile-header-display":"","site-post-title":"","ast-breadcrumbs-content":"","ast-featured-img":"","footer-sml-layout":"","theme-transparent-header-meta":"","adv-header-id-meta":"","stick-header-meta":"","header-above-stick-meta":"","header-main-stick-meta":"","header-below-stick-meta":"","astra-migrate-meta-layouts":"default","ast-page-background-enabled":"default","ast-page-background-meta":{"desktop":{"background-color":"var(--ast-global-color-4)","background-image":"","background-repeat":"repeat","background-position":"center center","background-size":"auto","background-attachment":"scroll","background-type":"","background-media":"","overlay-type":"","overlay-color":"","overlay-opacity":"","overlay-gradient":""},"tablet":{"background-color":"","background-image":"","background-repeat":"repeat","background-position":"center center","background-size":"auto","background-attachment":"scroll","background-type":"","background-media":"","overlay-type":"","overlay-color":"","overlay-opacity":"","overlay-gradient":""},"mobile":{"background-color":"","background-image":"","background-repeat":"repeat","background-position":"center center","background-size":"auto","background-attachment":"scroll","background-type":"","background-media":"","overlay-type":"","overlay-color":"","overlay-opacity":"","overlay-gradient":""}},"ast-content-background-meta":{"desktop":{"background-color":"var(--ast-global-color-5)","background-image":"","background-repeat":"repeat","background-position":"center center","background-size":"auto","background-attachment":"scroll","background-type":"","background-media":"","overlay-type":"","overlay-color":"","overlay-opacity":"","overlay-gradient":""},"tablet":{"background-color":"var(--ast-global-color-5)","background-image":"","background-repeat":"repeat","background-position":"center center","background-size":"auto","background-attachment":"scroll","background-type":"","background-media":"","overlay-type":"","overlay-color":"","overlay-opacity":"","overlay-gradient":""},"mobile":{"background-color":"var(--ast-global-color-5)","background-image":"","background-repeat":"repeat","background-position":"center center","background-size":"auto","background-attachment":"scroll","background-type":"","background-media":"","overlay-type":"","overlay-color":"","overlay-opacity":"","overlay-gradient":""}},"footnotes":""},"categories":[21,365,26,1],"tags":[368,92,124,369],"class_list":["post-3395","post","type-post","status-publish","format-standard","has-post-thumbnail","hentry","category-activitats-escola","category-curs-2019-20","category-escola-verda","category-general","tag-ecologia","tag-escola-verda","tag-medi-ambient","tag-reciclatge"],"post_mailing_queue_ids":[],"_links":{"self":[{"href":"https:\/\/agora.xtec.cat\/escolasantjulia\/wp-json\/wp\/v2\/posts\/3395","targetHints":{"allow":["GET"]}}],"collection":[{"href":"https:\/\/agora.xtec.cat\/escolasantjulia\/wp-json\/wp\/v2\/posts"}],"about":[{"href":"https:\/\/agora.xtec.cat\/escolasantjulia\/wp-json\/wp\/v2\/types\/post"}],"author":[{"embeddable":true,"href":"https:\/\/agora.xtec.cat\/escolasantjulia\/wp-json\/wp\/v2\/users\/1"}],"replies":[{"embeddable":true,"href":"https:\/\/agora.xtec.cat\/escolasantjulia\/wp-json\/wp\/v2\/comments?post=3395"}],"version-history":[{"count":3,"href":"https:\/\/agora.xtec.cat\/escolasantjulia\/wp-json\/wp\/v2\/posts\/3395\/revisions"}],"predecessor-version":[{"id":3407,"href":"https:\/\/agora.xtec.cat\/escolasantjulia\/wp-json\/wp\/v2\/posts\/3395\/revisions\/3407"}],"wp:featuredmedia":[{"embeddable":true,"href":"https:\/\/agora.xtec.cat\/escolasantjulia\/wp-json\/wp\/v2\/media\/3396"}],"wp:attachment":[{"href":"https:\/\/agora.xtec.cat\/escolasantjulia\/wp-json\/wp\/v2\/media?parent=3395"}],"wp:term":[{"taxonomy":"category","embeddable":true,"href":"https:\/\/agora.xtec.cat\/escolasantjulia\/wp-json\/wp\/v2\/categories?post=3395"},{"taxonomy":"post_tag","embeddable":true,"href":"https:\/\/agora.xtec.cat\/escolasantjulia\/wp-json\/wp\/v2\/tags?post=3395"}],"curies":[{"name":"wp","href":"https:\/\/api.w.org\/{rel}","templated":true}]}}