{"id":3179,"date":"2018-04-06T16:32:09","date_gmt":"2018-04-06T14:32:09","guid":{"rendered":"http:\/\/agora.xtec.cat\/escolasantjulia\/?p=3179"},"modified":"2018-04-05T17:01:59","modified_gmt":"2018-04-05T15:01:59","slug":"mes-noticies-de-lescola","status":"publish","type":"post","link":"https:\/\/agora.xtec.cat\/escolasantjulia\/general\/mes-noticies-de-lescola\/","title":{"rendered":"M\u00e9s not\u00edcies de l&#8217;Escola!"},"content":{"rendered":"<p>Cliqueu per saber m\u00e9s not\u00edcies en relaci\u00f3 a l&#8217;actualitat de l&#8217;escola<\/p>\n<p><span style=\"color: #ff6600;\"><strong>Premis Sambori d&#8217;Omnium Cultural<\/strong><\/span><\/p>\n<blockquote class=\"twitter-tweet\" data-lang=\"ca\">\n<p dir=\"ltr\" lang=\"ca\">12\u00e8 Premi Sambori.<br \/>\nAnna (3r) i J\u00falia (4t), 2n i 3r premi de narrativa escolar en catal\u00e0 amb les obres: \u201cLa fada embolics\u201d i \u201cL\u2019arbre m\u00e0gic\u201d. <a href=\"https:\/\/t.co\/x5glzHYa94\">pic.twitter.com\/x5glzHYa94<\/a><\/p>\n<p>\u2014 Escola Sant Juli\u00e0 (@e3000378) <a href=\"https:\/\/twitter.com\/e3000378\/status\/976929027624701952?ref_src=twsrc%5Etfw\">22 de mar\u00e7 de 2018<\/a><\/p><\/blockquote>\n<p><script async src=\"https:\/\/platform.twitter.com\/widgets.js\" charset=\"utf-8\"><\/script><\/p>\n<p><strong><span style=\"color: #ff6600;\">Certamen Nacional Infantil i Juvenil de Lectur en veu alta<\/span><\/strong><\/p>\n<blockquote class=\"twitter-tweet\" data-lang=\"ca\">\n<p dir=\"ltr\" lang=\"ca\">Avui la Martina i la Weam de 6\u00e8 de prim\u00e0ria, han participat en el XIV Certamen Nacional Infantil i Juvenil de Lectura en veu alta celebrat a Tarragona. <a href=\"https:\/\/t.co\/ppxOZpegfB\">pic.twitter.com\/ppxOZpegfB<\/a><\/p>\n<p>\u2014 Escola Sant Juli\u00e0 (@e3000378) <a href=\"https:\/\/twitter.com\/e3000378\/status\/981488561953427456?ref_src=twsrc%5Etfw\">4 d\u2019abril de 2018<\/a><\/p><\/blockquote>\n<p><script async src=\"https:\/\/platform.twitter.com\/widgets.js\" charset=\"utf-8\"><\/script><\/p>\n","protected":false},"excerpt":{"rendered":"<p>Cliqueu per saber m\u00e9s not\u00edcies en relaci\u00f3 a l&#8217;actualitat de l&#8217;escola Premis Sambori d&#8217;Omnium Cultural 12\u00e8 Premi Sambori. Anna (3r) i J\u00falia (4t), 2n i 3r premi de narrativa escolar en catal\u00e0 amb les obres: \u201cLa fada embolics\u201d i \u201cL\u2019arbre m\u00e0gic\u201d. pic.twitter.com\/x5glzHYa94 \u2014 Escola Sant Juli\u00e0 (@e3000378) 22 de mar\u00e7 de 2018 Certamen Nacional Infantil [&hellip;]<\/p>\n","protected":false},"author":1,"featured_media":3183,"comment_status":"open","ping_status":"closed","sticky":false,"template":"","format":"standard","meta":{"_bbp_topic_count":0,"_bbp_reply_count":0,"_bbp_total_topic_count":0,"_bbp_total_reply_count":0,"_bbp_voice_count":0,"_bbp_anonymous_reply_count":0,"_bbp_topic_count_hidden":0,"_bbp_reply_count_hidden":0,"_bbp_forum_subforum_count":0,"site-sidebar-layout":"default","site-content-layout":"","ast-site-content-layout":"","site-content-style":"default","site-sidebar-style":"default","ast-global-header-display":"","ast-banner-title-visibility":"","ast-main-header-display":"","ast-hfb-above-header-display":"","ast-hfb-below-header-display":"","ast-hfb-mobile-header-display":"","site-post-title":"","ast-breadcrumbs-content":"","ast-featured-img":"","footer-sml-layout":"","theme-transparent-header-meta":"","adv-header-id-meta":"","stick-header-meta":"","header-above-stick-meta":"","header-main-stick-meta":"","header-below-stick-meta":"","astra-migrate-meta-layouts":"default","ast-page-background-enabled":"default","ast-page-background-meta":{"desktop":{"background-color":"var(--ast-global-color-4)","background-image":"","background-repeat":"repeat","background-position":"center center","background-size":"auto","background-attachment":"scroll","background-type":"","background-media":"","overlay-type":"","overlay-color":"","overlay-opacity":"","overlay-gradient":""},"tablet":{"background-color":"","background-image":"","background-repeat":"repeat","background-position":"center center","background-size":"auto","background-attachment":"scroll","background-type":"","background-media":"","overlay-type":"","overlay-color":"","overlay-opacity":"","overlay-gradient":""},"mobile":{"background-color":"","background-image":"","background-repeat":"repeat","background-position":"center center","background-size":"auto","background-attachment":"scroll","background-type":"","background-media":"","overlay-type":"","overlay-color":"","overlay-opacity":"","overlay-gradient":""}},"ast-content-background-meta":{"desktop":{"background-color":"var(--ast-global-color-5)","background-image":"","background-repeat":"repeat","background-position":"center center","background-size":"auto","background-attachment":"scroll","background-type":"","background-media":"","overlay-type":"","overlay-color":"","overlay-opacity":"","overlay-gradient":""},"tablet":{"background-color":"var(--ast-global-color-5)","background-image":"","background-repeat":"repeat","background-position":"center center","background-size":"auto","background-attachment":"scroll","background-type":"","background-media":"","overlay-type":"","overlay-color":"","overlay-opacity":"","overlay-gradient":""},"mobile":{"background-color":"var(--ast-global-color-5)","background-image":"","background-repeat":"repeat","background-position":"center center","background-size":"auto","background-attachment":"scroll","background-type":"","background-media":"","overlay-type":"","overlay-color":"","overlay-opacity":"","overlay-gradient":""}},"footnotes":""},"categories":[317,1,22,15,14,13,12],"tags":[319,120,344,345,343],"class_list":["post-3179","post","type-post","status-publish","format-standard","has-post-thumbnail","hentry","category-curs-2017-18","category-general","category-ilec","category-6e","category-5e","category-4t","category-3r","tag-ilec","tag-lectura","tag-narrativa","tag-omnium","tag-premi"],"post_mailing_queue_ids":[],"_links":{"self":[{"href":"https:\/\/agora.xtec.cat\/escolasantjulia\/wp-json\/wp\/v2\/posts\/3179","targetHints":{"allow":["GET"]}}],"collection":[{"href":"https:\/\/agora.xtec.cat\/escolasantjulia\/wp-json\/wp\/v2\/posts"}],"about":[{"href":"https:\/\/agora.xtec.cat\/escolasantjulia\/wp-json\/wp\/v2\/types\/post"}],"author":[{"embeddable":true,"href":"https:\/\/agora.xtec.cat\/escolasantjulia\/wp-json\/wp\/v2\/users\/1"}],"replies":[{"embeddable":true,"href":"https:\/\/agora.xtec.cat\/escolasantjulia\/wp-json\/wp\/v2\/comments?post=3179"}],"version-history":[{"count":3,"href":"https:\/\/agora.xtec.cat\/escolasantjulia\/wp-json\/wp\/v2\/posts\/3179\/revisions"}],"predecessor-version":[{"id":3185,"href":"https:\/\/agora.xtec.cat\/escolasantjulia\/wp-json\/wp\/v2\/posts\/3179\/revisions\/3185"}],"wp:featuredmedia":[{"embeddable":true,"href":"https:\/\/agora.xtec.cat\/escolasantjulia\/wp-json\/wp\/v2\/media\/3183"}],"wp:attachment":[{"href":"https:\/\/agora.xtec.cat\/escolasantjulia\/wp-json\/wp\/v2\/media?parent=3179"}],"wp:term":[{"taxonomy":"category","embeddable":true,"href":"https:\/\/agora.xtec.cat\/escolasantjulia\/wp-json\/wp\/v2\/categories?post=3179"},{"taxonomy":"post_tag","embeddable":true,"href":"https:\/\/agora.xtec.cat\/escolasantjulia\/wp-json\/wp\/v2\/tags?post=3179"}],"curies":[{"name":"wp","href":"https:\/\/api.w.org\/{rel}","templated":true}]}}