{"id":3176,"date":"2018-04-05T16:29:55","date_gmt":"2018-04-05T14:29:55","guid":{"rendered":"http:\/\/agora.xtec.cat\/escolasantjulia\/?p=3176"},"modified":"2018-04-05T16:29:55","modified_gmt":"2018-04-05T14:29:55","slug":"celebrem-el-dia-mundial-de-la-poesia-a-2na","status":"publish","type":"post","link":"https:\/\/agora.xtec.cat\/escolasantjulia\/general\/celebrem-el-dia-mundial-de-la-poesia-a-2na\/","title":{"rendered":"Celebrem el Dia Mundial de la poesia a 2nA"},"content":{"rendered":"<p>El passat \u00a021 de mar\u00e7 va ser el <strong><span style=\"color: #ff6600;\">Dia Mundial de la Poesia.<\/span><\/strong><\/p>\n<p>A la classe de 2nA v\u00e0rem llegir i treballar unes poesies de la <strong><span style=\"color: #008000;\">Joana Raspall<\/span><\/strong> per commemorar aquest dia.<\/p>\n<p>Com que v\u00e0rem tenir uns dies de mal temps, comen\u00e7\u00e0rem amb el poema titulat <em>\u201cEls n\u00favols\u201d<\/em> i, coincidint amb l\u2019inici de la primavera, v\u00e0rem llegir<em> \u201cEl cant del grill\u201d<\/em> i <em>\u201cLa rosa\u201d.<\/em><\/p>\n<p>V\u00e0rem realitzar una lectura individual i en silenci,\u00a0 despr\u00e9s una de\u00a0 col\u00b7lectiva i acabant amb\u00a0 una llegida del poema \u00a0en petits grups.<\/p>\n<p>Al final de tot, v\u00e0rem fer un petit v\u00eddeo de la lectura col\u00b7lectiva del poema \u201cLa rosa\u201d.<\/p>\n<p>Esperem que us agradi tant com a nosaltres!!<\/p>\n<p><a title=\"1718_2nA_Dia de la Poesia\" href=\"https:\/\/www.flickr.com\/photos\/162527573@N02\/albums\/72157693512916561\" data-flickr-embed=\"true\"><img loading=\"lazy\" decoding=\"async\" src=\"https:\/\/farm1.staticflickr.com\/787\/41254354541_a3e2458a6d.jpg\" alt=\"1718_2nA_Dia de la Poesia\" width=\"500\" height=\"375\" \/><\/a><script async src=\"\/\/embedr.flickr.com\/assets\/client-code.js\" charset=\"utf-8\"><\/script><\/p>\n<p><iframe loading=\"lazy\" src=\"https:\/\/www.youtube.com\/embed\/Gag1saDQb_g?rel=0\" width=\"560\" height=\"315\" frameborder=\"0\" allowfullscreen=\"allowfullscreen\"><\/iframe><\/p>\n","protected":false},"excerpt":{"rendered":"<p>El passat \u00a021 de mar\u00e7 va ser el Dia Mundial de la Poesia. A la classe de 2nA v\u00e0rem llegir i treballar unes poesies de la Joana Raspall per commemorar aquest dia. Com que v\u00e0rem tenir uns dies de mal temps, comen\u00e7\u00e0rem amb el poema titulat \u201cEls n\u00favols\u201d i, coincidint amb l\u2019inici de la primavera, [&hellip;]<\/p>\n","protected":false},"author":1,"featured_media":3177,"comment_status":"open","ping_status":"closed","sticky":false,"template":"","format":"standard","meta":{"_bbp_topic_count":0,"_bbp_reply_count":0,"_bbp_total_topic_count":0,"_bbp_total_reply_count":0,"_bbp_voice_count":0,"_bbp_anonymous_reply_count":0,"_bbp_topic_count_hidden":0,"_bbp_reply_count_hidden":0,"_bbp_forum_subforum_count":0,"site-sidebar-layout":"default","site-content-layout":"","ast-site-content-layout":"","site-content-style":"default","site-sidebar-style":"default","ast-global-header-display":"","ast-banner-title-visibility":"","ast-main-header-display":"","ast-hfb-above-header-display":"","ast-hfb-below-header-display":"","ast-hfb-mobile-header-display":"","site-post-title":"","ast-breadcrumbs-content":"","ast-featured-img":"","footer-sml-layout":"","theme-transparent-header-meta":"","adv-header-id-meta":"","stick-header-meta":"","header-above-stick-meta":"","header-main-stick-meta":"","header-below-stick-meta":"","astra-migrate-meta-layouts":"default","ast-page-background-enabled":"default","ast-page-background-meta":{"desktop":{"background-color":"var(--ast-global-color-4)","background-image":"","background-repeat":"repeat","background-position":"center center","background-size":"auto","background-attachment":"scroll","background-type":"","background-media":"","overlay-type":"","overlay-color":"","overlay-opacity":"","overlay-gradient":""},"tablet":{"background-color":"","background-image":"","background-repeat":"repeat","background-position":"center center","background-size":"auto","background-attachment":"scroll","background-type":"","background-media":"","overlay-type":"","overlay-color":"","overlay-opacity":"","overlay-gradient":""},"mobile":{"background-color":"","background-image":"","background-repeat":"repeat","background-position":"center center","background-size":"auto","background-attachment":"scroll","background-type":"","background-media":"","overlay-type":"","overlay-color":"","overlay-opacity":"","overlay-gradient":""}},"ast-content-background-meta":{"desktop":{"background-color":"var(--ast-global-color-5)","background-image":"","background-repeat":"repeat","background-position":"center center","background-size":"auto","background-attachment":"scroll","background-type":"","background-media":"","overlay-type":"","overlay-color":"","overlay-opacity":"","overlay-gradient":""},"tablet":{"background-color":"var(--ast-global-color-5)","background-image":"","background-repeat":"repeat","background-position":"center center","background-size":"auto","background-attachment":"scroll","background-type":"","background-media":"","overlay-type":"","overlay-color":"","overlay-opacity":"","overlay-gradient":""},"mobile":{"background-color":"var(--ast-global-color-5)","background-image":"","background-repeat":"repeat","background-position":"center center","background-size":"auto","background-attachment":"scroll","background-type":"","background-media":"","overlay-type":"","overlay-color":"","overlay-opacity":"","overlay-gradient":""}},"footnotes":""},"categories":[35,317,1,22],"tags":[46,319,120,146],"class_list":["post-3176","post","type-post","status-publish","format-standard","has-post-thumbnail","hentry","category-activitats-a-laula","category-curs-2017-18","category-general","category-ilec","tag-activitats-aula","tag-ilec","tag-lectura","tag-poesia"],"post_mailing_queue_ids":[],"_links":{"self":[{"href":"https:\/\/agora.xtec.cat\/escolasantjulia\/wp-json\/wp\/v2\/posts\/3176","targetHints":{"allow":["GET"]}}],"collection":[{"href":"https:\/\/agora.xtec.cat\/escolasantjulia\/wp-json\/wp\/v2\/posts"}],"about":[{"href":"https:\/\/agora.xtec.cat\/escolasantjulia\/wp-json\/wp\/v2\/types\/post"}],"author":[{"embeddable":true,"href":"https:\/\/agora.xtec.cat\/escolasantjulia\/wp-json\/wp\/v2\/users\/1"}],"replies":[{"embeddable":true,"href":"https:\/\/agora.xtec.cat\/escolasantjulia\/wp-json\/wp\/v2\/comments?post=3176"}],"version-history":[{"count":1,"href":"https:\/\/agora.xtec.cat\/escolasantjulia\/wp-json\/wp\/v2\/posts\/3176\/revisions"}],"predecessor-version":[{"id":3178,"href":"https:\/\/agora.xtec.cat\/escolasantjulia\/wp-json\/wp\/v2\/posts\/3176\/revisions\/3178"}],"wp:featuredmedia":[{"embeddable":true,"href":"https:\/\/agora.xtec.cat\/escolasantjulia\/wp-json\/wp\/v2\/media\/3177"}],"wp:attachment":[{"href":"https:\/\/agora.xtec.cat\/escolasantjulia\/wp-json\/wp\/v2\/media?parent=3176"}],"wp:term":[{"taxonomy":"category","embeddable":true,"href":"https:\/\/agora.xtec.cat\/escolasantjulia\/wp-json\/wp\/v2\/categories?post=3176"},{"taxonomy":"post_tag","embeddable":true,"href":"https:\/\/agora.xtec.cat\/escolasantjulia\/wp-json\/wp\/v2\/tags?post=3176"}],"curies":[{"name":"wp","href":"https:\/\/api.w.org\/{rel}","templated":true}]}}