{"id":314,"date":"2012-04-27T12:38:25","date_gmt":"2012-04-27T10:38:25","guid":{"rendered":"http:\/\/blocs.xtec.cat\/ceipstjulia\/?p=314"},"modified":"2012-04-27T12:38:25","modified_gmt":"2012-04-27T10:38:25","slug":"el-nostre-pas-per-fem-matematiques-2012","status":"publish","type":"post","link":"https:\/\/agora.xtec.cat\/escolasantjulia\/general\/el-nostre-pas-per-fem-matematiques-2012\/","title":{"rendered":"El nostre pas per &#8220;Fem matem\u00e0tiques 2012&#8221;"},"content":{"rendered":"<p>Hola! Som la Maria Fern\u00e1ndez, la Paula Fern\u00e1ndez, el Guillem Sans i el Miran Eggenkamp de 6\u00e8 de l\u2019escola Sant Juli\u00e0. Ja<br \/>\nest\u00e0vem contents quan la Isabel ens va dir que participar\u00edem en un concurs de matem\u00e0tiques per\u00f2, quan vam quedar primers ens vam alegrar molt!<br \/>\nAra, explicarem com va comen\u00e7ar\u2026<br \/>\nEra una tarda de dimecres a les 4 de la tarda quan f\u00e8iem post lectiu (ens quedem una hora per fer un projecte) quan la nostra mestra, la Isabel, ens va anunciar que participar\u00edem al concurs.<br \/>\nUna altra tarda ens vam quedar una hora i mitja per fer la 1\u00aa fase: els dos primers problemes ens van semblar bastant f\u00e0cils per\u00f2 el tercer era dificilet. Vam competir contra els altres quatre participants de la nostra escola. La 1\u00aa fase la vam passar per\u00f2 el millor, va ser la 2\u00aa fase que es va disputar a l\u2019institut de l\u2019Arbo\u00e7.<br \/>\nVa venir gent de les comarques meridionals. Vam comen\u00e7ar la 1\u00aa prova despr\u00e9s d\u2019esmorzar, la prova r\u00e0pida, que consistia en resoldre 15 problemes r\u00e0pids, els mateixos tan per sis\u00e8 com per 1r i 2on d\u2019ESO.<br \/>\nM\u00e9s tard vam anar a fer la 2\u00aa prova al pati interior de la Resid\u00e8ncia d\u2019avis de l\u2019Arbo\u00e7. All\u00e0 vam haver de calcular el<br \/>\nper\u00edmetre i l\u2019\u00e0rea del pati. Despr\u00e9s de fer la prova pr\u00e0ctica vam sortir de la Resid\u00e8ncia per anar a la Giralda on hi vam veure un espectacle de m\u00e0gia. Finalitzat una vegada l\u2019espectacle, vam anar a la Cantina de l\u2019institut a dinar.<br \/>\nDespr\u00e9s de dinar, abans de fer la 3\u00aa prova, ens van donar temps lliure. Seguidament vam fer l\u2019\u00faltima prova, la individual, de la qual encara esperem els resultats!<br \/>\nAcabada la prova, vam anar al vest\u00edbul on hi feien l\u2019entrega de premis. Finalment van enunciar la nostra escola com a primers classificats de la prova pr\u00e0ctica de 6\u00e8!!!!<\/p>\n<p><iframe loading=\"lazy\" width=\"480\" height=\"360\" src=\"http:\/\/www.youtube.com\/embed\/P01O_UhTItU\" frameborder=\"0\"><\/iframe><\/p>\n","protected":false},"excerpt":{"rendered":"<p>Hola! Som la Maria Fern\u00e1ndez, la Paula Fern\u00e1ndez, el Guillem Sans i el Miran Eggenkamp de 6\u00e8 de l\u2019escola Sant Juli\u00e0. Ja est\u00e0vem contents quan la Isabel ens va dir que participar\u00edem en un concurs de matem\u00e0tiques per\u00f2, quan vam quedar primers ens vam alegrar molt! Ara, explicarem com va comen\u00e7ar\u2026 Era una tarda de [&hellip;]<\/p>\n","protected":false},"author":1,"featured_media":0,"comment_status":"open","ping_status":"open","sticky":false,"template":"","format":"standard","meta":{"_bbp_topic_count":0,"_bbp_reply_count":0,"_bbp_total_topic_count":0,"_bbp_total_reply_count":0,"_bbp_voice_count":0,"_bbp_anonymous_reply_count":0,"_bbp_topic_count_hidden":0,"_bbp_reply_count_hidden":0,"_bbp_forum_subforum_count":0,"site-sidebar-layout":"default","site-content-layout":"","ast-site-content-layout":"","site-content-style":"default","site-sidebar-style":"default","ast-global-header-display":"","ast-banner-title-visibility":"","ast-main-header-display":"","ast-hfb-above-header-display":"","ast-hfb-below-header-display":"","ast-hfb-mobile-header-display":"","site-post-title":"","ast-breadcrumbs-content":"","ast-featured-img":"","footer-sml-layout":"","theme-transparent-header-meta":"","adv-header-id-meta":"","stick-header-meta":"","header-above-stick-meta":"","header-main-stick-meta":"","header-below-stick-meta":"","astra-migrate-meta-layouts":"default","ast-page-background-enabled":"default","ast-page-background-meta":{"desktop":{"background-color":"var(--ast-global-color-4)","background-image":"","background-repeat":"repeat","background-position":"center center","background-size":"auto","background-attachment":"scroll","background-type":"","background-media":"","overlay-type":"","overlay-color":"","overlay-opacity":"","overlay-gradient":""},"tablet":{"background-color":"","background-image":"","background-repeat":"repeat","background-position":"center center","background-size":"auto","background-attachment":"scroll","background-type":"","background-media":"","overlay-type":"","overlay-color":"","overlay-opacity":"","overlay-gradient":""},"mobile":{"background-color":"","background-image":"","background-repeat":"repeat","background-position":"center center","background-size":"auto","background-attachment":"scroll","background-type":"","background-media":"","overlay-type":"","overlay-color":"","overlay-opacity":"","overlay-gradient":""}},"ast-content-background-meta":{"desktop":{"background-color":"var(--ast-global-color-5)","background-image":"","background-repeat":"repeat","background-position":"center center","background-size":"auto","background-attachment":"scroll","background-type":"","background-media":"","overlay-type":"","overlay-color":"","overlay-opacity":"","overlay-gradient":""},"tablet":{"background-color":"var(--ast-global-color-5)","background-image":"","background-repeat":"repeat","background-position":"center center","background-size":"auto","background-attachment":"scroll","background-type":"","background-media":"","overlay-type":"","overlay-color":"","overlay-opacity":"","overlay-gradient":""},"mobile":{"background-color":"var(--ast-global-color-5)","background-image":"","background-repeat":"repeat","background-position":"center center","background-size":"auto","background-attachment":"scroll","background-type":"","background-media":"","overlay-type":"","overlay-color":"","overlay-opacity":"","overlay-gradient":""}},"footnotes":""},"categories":[21,1],"tags":[],"class_list":["post-314","post","type-post","status-publish","format-standard","hentry","category-activitats-escola","category-general"],"post_mailing_queue_ids":[],"_links":{"self":[{"href":"https:\/\/agora.xtec.cat\/escolasantjulia\/wp-json\/wp\/v2\/posts\/314","targetHints":{"allow":["GET"]}}],"collection":[{"href":"https:\/\/agora.xtec.cat\/escolasantjulia\/wp-json\/wp\/v2\/posts"}],"about":[{"href":"https:\/\/agora.xtec.cat\/escolasantjulia\/wp-json\/wp\/v2\/types\/post"}],"author":[{"embeddable":true,"href":"https:\/\/agora.xtec.cat\/escolasantjulia\/wp-json\/wp\/v2\/users\/1"}],"replies":[{"embeddable":true,"href":"https:\/\/agora.xtec.cat\/escolasantjulia\/wp-json\/wp\/v2\/comments?post=314"}],"version-history":[{"count":0,"href":"https:\/\/agora.xtec.cat\/escolasantjulia\/wp-json\/wp\/v2\/posts\/314\/revisions"}],"wp:attachment":[{"href":"https:\/\/agora.xtec.cat\/escolasantjulia\/wp-json\/wp\/v2\/media?parent=314"}],"wp:term":[{"taxonomy":"category","embeddable":true,"href":"https:\/\/agora.xtec.cat\/escolasantjulia\/wp-json\/wp\/v2\/categories?post=314"},{"taxonomy":"post_tag","embeddable":true,"href":"https:\/\/agora.xtec.cat\/escolasantjulia\/wp-json\/wp\/v2\/tags?post=314"}],"curies":[{"name":"wp","href":"https:\/\/api.w.org\/{rel}","templated":true}]}}