{"id":3006,"date":"2017-12-20T16:54:14","date_gmt":"2017-12-20T15:54:14","guid":{"rendered":"http:\/\/agora.xtec.cat\/escolasantjulia\/?p=3006"},"modified":"2018-01-08T12:58:15","modified_gmt":"2018-01-08T11:58:15","slug":"convidats-especials-a-la-classe-de-la-lluna-2nb","status":"publish","type":"post","link":"https:\/\/agora.xtec.cat\/escolasantjulia\/general\/convidats-especials-a-la-classe-de-la-lluna-2nb\/","title":{"rendered":"Convidats especials a la classe de la Lluna (2nB)"},"content":{"rendered":"<p>La classe de la Lluna, de 2n B aquesta setmana ha tingut dos convidats especials:<br \/>\nEl dimarts ens ha vingut a visitar el tiet del Mart\u00ed, en Jordi. Ell \u00e9s f\u00edsic i ens ha explicat moooltes coses interessants sobre la Lluna.<br \/>\nEl dimecres ha vingut el pare de la Mar, l\u2019\u00d3scar.<br \/>\nEns ha explicat un conte i tots hem estat, com sempre, respectuosos i atents!!!<br \/>\nAqu\u00ed us deixem unes fotos i un petit v\u00eddeo sobre el conta-contes \u201c\u00d3scar\u201d.<br \/>\nEstem molt contents i us volem donar les gr\u00e0cies a tots dos!!<\/p>\n<p><a href=\"http:\/\/agora.xtec.cat\/escolasantjulia\/general\/convidats-especials-a-la-classe-de-la-lluna-2nb\/attachment\/olympus-digital-camera-7\/\" rel=\"attachment wp-att-3007\"><img loading=\"lazy\" decoding=\"async\" class=\" wp-image-3007\" src=\"http:\/\/agora.xtec.cat\/escolasantjulia\/wp-content\/uploads\/usu423\/2017\/12\/El-tiet-del-Mart\u00ed-ens-visita-i-explica-moltes-coses-sobre-la-lluna..jpg\" alt=\"\" width=\"294\" height=\"220\" srcset=\"https:\/\/agora.xtec.cat\/escolasantjulia\/wp-content\/uploads\/usu423\/2017\/12\/El-tiet-del-Mart\u00ed-ens-visita-i-explica-moltes-coses-sobre-la-lluna..jpg 307w, https:\/\/agora.xtec.cat\/escolasantjulia\/wp-content\/uploads\/usu423\/2017\/12\/El-tiet-del-Mart\u00ed-ens-visita-i-explica-moltes-coses-sobre-la-lluna.-300x225.jpg 300w, https:\/\/agora.xtec.cat\/escolasantjulia\/wp-content\/uploads\/usu423\/2017\/12\/El-tiet-del-Mart\u00ed-ens-visita-i-explica-moltes-coses-sobre-la-lluna.-200x150.jpg 200w\" sizes=\"auto, (max-width: 294px) 100vw, 294px\" \/><\/a><\/p>\n<p><iframe loading=\"lazy\" src=\"http:\/\/s58.photobucket.com\/user\/santjuliaarbos3\/embed\/slideshow\/2017_18\/ILEC\/2nB_Lectura%20families%20desembre\" width=\"360\" height=\"270\"><\/iframe><\/p>\n<p><iframe loading=\"lazy\" src=\"https:\/\/www.youtube.com\/embed\/-bfzyN0TXkI\" width=\"420\" height=\"235\" frameborder=\"0\" allowfullscreen=\"allowfullscreen\"><\/iframe><\/p>\n","protected":false},"excerpt":{"rendered":"<p>La classe de la Lluna, de 2n B aquesta setmana ha tingut dos convidats especials: El dimarts ens ha vingut a visitar el tiet del Mart\u00ed, en Jordi. Ell \u00e9s f\u00edsic i ens ha explicat moooltes coses interessants sobre la Lluna. El dimecres ha vingut el pare de la Mar, l\u2019\u00d3scar. Ens ha explicat un [&hellip;]<\/p>\n","protected":false},"author":1,"featured_media":3007,"comment_status":"open","ping_status":"closed","sticky":false,"template":"","format":"standard","meta":{"_bbp_topic_count":0,"_bbp_reply_count":0,"_bbp_total_topic_count":0,"_bbp_total_reply_count":0,"_bbp_voice_count":0,"_bbp_anonymous_reply_count":0,"_bbp_topic_count_hidden":0,"_bbp_reply_count_hidden":0,"_bbp_forum_subforum_count":0,"site-sidebar-layout":"default","site-content-layout":"","ast-site-content-layout":"","site-content-style":"default","site-sidebar-style":"default","ast-global-header-display":"","ast-banner-title-visibility":"","ast-main-header-display":"","ast-hfb-above-header-display":"","ast-hfb-below-header-display":"","ast-hfb-mobile-header-display":"","site-post-title":"","ast-breadcrumbs-content":"","ast-featured-img":"","footer-sml-layout":"","theme-transparent-header-meta":"","adv-header-id-meta":"","stick-header-meta":"","header-above-stick-meta":"","header-main-stick-meta":"","header-below-stick-meta":"","astra-migrate-meta-layouts":"default","ast-page-background-enabled":"default","ast-page-background-meta":{"desktop":{"background-color":"var(--ast-global-color-4)","background-image":"","background-repeat":"repeat","background-position":"center center","background-size":"auto","background-attachment":"scroll","background-type":"","background-media":"","overlay-type":"","overlay-color":"","overlay-opacity":"","overlay-gradient":""},"tablet":{"background-color":"","background-image":"","background-repeat":"repeat","background-position":"center center","background-size":"auto","background-attachment":"scroll","background-type":"","background-media":"","overlay-type":"","overlay-color":"","overlay-opacity":"","overlay-gradient":""},"mobile":{"background-color":"","background-image":"","background-repeat":"repeat","background-position":"center center","background-size":"auto","background-attachment":"scroll","background-type":"","background-media":"","overlay-type":"","overlay-color":"","overlay-opacity":"","overlay-gradient":""}},"ast-content-background-meta":{"desktop":{"background-color":"var(--ast-global-color-5)","background-image":"","background-repeat":"repeat","background-position":"center center","background-size":"auto","background-attachment":"scroll","background-type":"","background-media":"","overlay-type":"","overlay-color":"","overlay-opacity":"","overlay-gradient":""},"tablet":{"background-color":"var(--ast-global-color-5)","background-image":"","background-repeat":"repeat","background-position":"center center","background-size":"auto","background-attachment":"scroll","background-type":"","background-media":"","overlay-type":"","overlay-color":"","overlay-opacity":"","overlay-gradient":""},"mobile":{"background-color":"var(--ast-global-color-5)","background-image":"","background-repeat":"repeat","background-position":"center center","background-size":"auto","background-attachment":"scroll","background-type":"","background-media":"","overlay-type":"","overlay-color":"","overlay-opacity":"","overlay-gradient":""}},"footnotes":""},"categories":[35,317,1,22,11],"tags":[46,319,120,137,154,328],"class_list":["post-3006","post","type-post","status-publish","format-standard","has-post-thumbnail","hentry","category-activitats-a-laula","category-curs-2017-18","category-general","category-ilec","category-2n","tag-activitats-aula","tag-ilec","tag-lectura","tag-pares-i-mares","tag-projecte","tag-sistema-solar"],"post_mailing_queue_ids":[],"_links":{"self":[{"href":"https:\/\/agora.xtec.cat\/escolasantjulia\/wp-json\/wp\/v2\/posts\/3006","targetHints":{"allow":["GET"]}}],"collection":[{"href":"https:\/\/agora.xtec.cat\/escolasantjulia\/wp-json\/wp\/v2\/posts"}],"about":[{"href":"https:\/\/agora.xtec.cat\/escolasantjulia\/wp-json\/wp\/v2\/types\/post"}],"author":[{"embeddable":true,"href":"https:\/\/agora.xtec.cat\/escolasantjulia\/wp-json\/wp\/v2\/users\/1"}],"replies":[{"embeddable":true,"href":"https:\/\/agora.xtec.cat\/escolasantjulia\/wp-json\/wp\/v2\/comments?post=3006"}],"version-history":[{"count":3,"href":"https:\/\/agora.xtec.cat\/escolasantjulia\/wp-json\/wp\/v2\/posts\/3006\/revisions"}],"predecessor-version":[{"id":3017,"href":"https:\/\/agora.xtec.cat\/escolasantjulia\/wp-json\/wp\/v2\/posts\/3006\/revisions\/3017"}],"wp:featuredmedia":[{"embeddable":true,"href":"https:\/\/agora.xtec.cat\/escolasantjulia\/wp-json\/wp\/v2\/media\/3007"}],"wp:attachment":[{"href":"https:\/\/agora.xtec.cat\/escolasantjulia\/wp-json\/wp\/v2\/media?parent=3006"}],"wp:term":[{"taxonomy":"category","embeddable":true,"href":"https:\/\/agora.xtec.cat\/escolasantjulia\/wp-json\/wp\/v2\/categories?post=3006"},{"taxonomy":"post_tag","embeddable":true,"href":"https:\/\/agora.xtec.cat\/escolasantjulia\/wp-json\/wp\/v2\/tags?post=3006"}],"curies":[{"name":"wp","href":"https:\/\/api.w.org\/{rel}","templated":true}]}}