{"id":2811,"date":"2017-03-24T13:04:47","date_gmt":"2017-03-24T12:04:47","guid":{"rendered":"http:\/\/agora.xtec.cat\/escolasantjulia\/?p=2811"},"modified":"2017-03-24T13:18:08","modified_gmt":"2017-03-24T12:18:08","slug":"p3a-el-monstre-de-colors-i-sortida-a-la-biblioteca","status":"publish","type":"post","link":"https:\/\/agora.xtec.cat\/escolasantjulia\/general\/p3a-el-monstre-de-colors-i-sortida-a-la-biblioteca\/","title":{"rendered":"P3A El monstre de colors i sortida a la biblioteca"},"content":{"rendered":"<p><a href=\"http:\/\/s58.photobucket.com\/user\/santjuliaarbos3\/media\/2016_17\/ACTIVITATS%20AULA\/P3\/MONSTRE%20COLORS%20I%20BIBLIOTECA\/Carta-monstre-de-colors_zpssrd2nnnl.jpg.html\" target=\"_blank\"><img loading=\"lazy\" decoding=\"async\" class=\"alignleft\" src=\"http:\/\/i58.photobucket.com\/albums\/g273\/santjuliaarbos3\/2016_17\/ACTIVITATS%20AULA\/P3\/MONSTRE%20COLORS%20I%20BIBLIOTECA\/Carta-monstre-de-colors_zpssrd2nnnl.jpg\" alt=\" photo Carta-monstre-de-colors_zpssrd2nnnl.jpg\" width=\"402\" height=\"568\" border=\"0\" \/><\/a> A la classe de P3 A, Els conillets, hem treballat les <strong><span style=\"color: #ff6600;\">emocions<\/span><\/strong> amb el <strong><span style=\"color: #008000;\">monstre de colors.<\/span><\/strong><\/p>\n<p>Pobret, s&#8217;havia fet un embolic tan gran amb els fils de colors, que es va perdre per l&#8217;escola i no sabia tornar a la classe.<\/p>\n<p>Gr\u00e0cies a la carta que ens vam trobar, vam pensar en la pista que ens donava&#8230; nom\u00e9s veia sorra i m\u00e9s sorra. On podia estar? Despr\u00e9s de pensar i pensar vam esbrinar on es trobava, aix\u00ed que vam anar a buscar-lo per l&#8217;escola, primer al pati dels grans, despr\u00e9s al pati dels petits i&#8230; all\u00e0 estava! Assegut i espantant, esperant tot sol a qu\u00e8 alg\u00fa el vagi a buscar.<\/p>\n<p>Es va posar tan content quan ens va veure, que ens va regalar un conte. Amb aquest, vam descobrir la seva historia.<br \/>\nAmb l&#8217;ajuda de la Ver\u00f2nica, el monstre de colors va poder desfer el seu embolic gr\u00e0cies als conillets, que van col\u00b7locar cada fil de color al pot de l&#8217;emoci\u00f3 que pertanyia. L&#8217;alegria, la tristesa, la calma, la por i la r\u00e0bia, ja estaven desembolicades. Separades, funcionen molt millor.<br \/>\nMoltes gr\u00e0cies Monstre de colors, ens tornarem a veure!<\/p>\n<p><iframe loading=\"lazy\" src=\"https:\/\/www.youtube.com\/embed\/NNpMnzGtGWQ\" width=\"350\" height=\"197\" frameborder=\"0\" allowfullscreen=\"allowfullscreen\"><\/iframe><\/p>\n<p><a href=\"http:\/\/s58.photobucket.com\/user\/santjuliaarbos3\/media\/2016_17\/ACTIVITATS%20AULA\/P3\/MONSTRE%20COLORS%20I%20BIBLIOTECA\/IMG_2343_zpsl6nb9z4q.jpg.html\" target=\"_blank\"><img loading=\"lazy\" decoding=\"async\" class=\"\" src=\"http:\/\/i58.photobucket.com\/albums\/g273\/santjuliaarbos3\/2016_17\/ACTIVITATS%20AULA\/P3\/MONSTRE%20COLORS%20I%20BIBLIOTECA\/IMG_2343_zpsl6nb9z4q.jpg\" alt=\" photo IMG_2343_zpsl6nb9z4q.jpg\" width=\"263\" height=\"197\" border=\"0\" \/><\/a> <a href=\"http:\/\/s58.photobucket.com\/user\/santjuliaarbos3\/media\/2016_17\/ACTIVITATS%20AULA\/P3\/MONSTRE%20COLORS%20I%20BIBLIOTECA\/IMG_2347_zpsyu2ghcyb.jpg.html\" target=\"_blank\"><img loading=\"lazy\" decoding=\"async\" class=\"\" src=\"http:\/\/i58.photobucket.com\/albums\/g273\/santjuliaarbos3\/2016_17\/ACTIVITATS%20AULA\/P3\/MONSTRE%20COLORS%20I%20BIBLIOTECA\/IMG_2347_zpsyu2ghcyb.jpg\" alt=\" photo IMG_2347_zpsyu2ghcyb.jpg\" width=\"264\" height=\"198\" border=\"0\" \/><\/a> <a href=\"http:\/\/s58.photobucket.com\/user\/santjuliaarbos3\/media\/2016_17\/ACTIVITATS%20AULA\/P3\/MONSTRE%20COLORS%20I%20BIBLIOTECA\/IMG_20170320_151501_zpshxi32cjo.jpg.html\" target=\"_blank\"><img loading=\"lazy\" decoding=\"async\" class=\"alignnone\" src=\"http:\/\/i58.photobucket.com\/albums\/g273\/santjuliaarbos3\/2016_17\/ACTIVITATS%20AULA\/P3\/MONSTRE%20COLORS%20I%20BIBLIOTECA\/IMG_20170320_151501_zpshxi32cjo.jpg\" alt=\" photo IMG_20170320_151501_zpshxi32cjo.jpg\" width=\"149\" height=\"198\" border=\"0\" \/><\/a><\/p>\n<p>El dimarts dia 21 de mar\u00e7, la classe de P3 A, Els conillets, v\u00e0rem fer una<strong><span style=\"color: #ff6600;\"> sortida a la Biblioteca Municipal<\/span><\/strong> del municipi de l&#8217;Arbo\u00e7.<\/p>\n<p>Abans d&#8217;entrar, vam posar-nos les botes del silenci per no fer soroll. Shhhht! No podem cridar!<\/p>\n<p>Ens va rebre el Blai, el director de la biblioteca, que gr\u00e0cies a ell vam poder con\u00e8ixer diferents tipus de contes. Hi havia de diversos colors, formes i materials. Fins i tot, hi havia un per llegir-lo dins la banyera!<\/p>\n<p>Despr\u00e9s ens va explicar el conte de Les set cabretes, va estar molt emocionant! I&#8230; Si fos poc, la M\u00aa Jos\u00e9 es va animar i ens va explicar el conte del Capit\u00e0 Pirata! Que b\u00e9 ens ho vam passar!<\/p>\n<p>Al final, vam poder mirar els contes de prop. Vam veure que alguns tamb\u00e9 sonaven i, d&#8217;altres, que servien de m\u00e0scara!<\/p>\n<p>Va ser tan divertit que segur que tornarem! Moltes gr\u00e0cies Blai per ensenyar-nos tant!<\/p>\n<p><a href=\"http:\/\/s58.photobucket.com\/user\/santjuliaarbos3\/media\/2016_17\/ACTIVITATS%20AULA\/P3\/MONSTRE%20COLORS%20I%20BIBLIOTECA\/IMG_2355_zpsydkxtyvm.jpg.html\" target=\"_blank\"><img loading=\"lazy\" decoding=\"async\" class=\"\" src=\"http:\/\/i58.photobucket.com\/albums\/g273\/santjuliaarbos3\/2016_17\/ACTIVITATS%20AULA\/P3\/MONSTRE%20COLORS%20I%20BIBLIOTECA\/IMG_2355_zpsydkxtyvm.jpg\" alt=\" photo IMG_2355_zpsydkxtyvm.jpg\" width=\"243\" height=\"182\" border=\"0\" \/><\/a> <a href=\"http:\/\/s58.photobucket.com\/user\/santjuliaarbos3\/media\/2016_17\/ACTIVITATS%20AULA\/P3\/MONSTRE%20COLORS%20I%20BIBLIOTECA\/IMG_2362_zpsrmggnttx.jpg.html\" target=\"_blank\"><img loading=\"lazy\" decoding=\"async\" class=\"\" src=\"http:\/\/i58.photobucket.com\/albums\/g273\/santjuliaarbos3\/2016_17\/ACTIVITATS%20AULA\/P3\/MONSTRE%20COLORS%20I%20BIBLIOTECA\/IMG_2362_zpsrmggnttx.jpg\" alt=\" photo IMG_2362_zpsrmggnttx.jpg\" width=\"242\" height=\"182\" border=\"0\" \/><\/a> <a href=\"http:\/\/s58.photobucket.com\/user\/santjuliaarbos3\/media\/2016_17\/ACTIVITATS%20AULA\/P3\/MONSTRE%20COLORS%20I%20BIBLIOTECA\/IMG_2370_zpsf9ajrhmz.jpg.html\" target=\"_blank\"><img loading=\"lazy\" decoding=\"async\" class=\"\" src=\"http:\/\/i58.photobucket.com\/albums\/g273\/santjuliaarbos3\/2016_17\/ACTIVITATS%20AULA\/P3\/MONSTRE%20COLORS%20I%20BIBLIOTECA\/IMG_2370_zpsf9ajrhmz.jpg\" alt=\" photo IMG_2370_zpsf9ajrhmz.jpg\" width=\"241\" height=\"181\" border=\"0\" \/><\/a><\/p>\n","protected":false},"excerpt":{"rendered":"<p>A la classe de P3 A, Els conillets, hem treballat les emocions amb el monstre de colors. Pobret, s&#8217;havia fet un embolic tan gran amb els fils de colors, que es va perdre per l&#8217;escola i no sabia tornar a la classe. Gr\u00e0cies a la carta que ens vam trobar, vam pensar en la pista [&hellip;]<\/p>\n","protected":false},"author":1,"featured_media":2812,"comment_status":"open","ping_status":"open","sticky":false,"template":"","format":"standard","meta":{"_bbp_topic_count":0,"_bbp_reply_count":0,"_bbp_total_topic_count":0,"_bbp_total_reply_count":0,"_bbp_voice_count":0,"_bbp_anonymous_reply_count":0,"_bbp_topic_count_hidden":0,"_bbp_reply_count_hidden":0,"_bbp_forum_subforum_count":0,"site-sidebar-layout":"default","site-content-layout":"","ast-site-content-layout":"","site-content-style":"default","site-sidebar-style":"default","ast-global-header-display":"","ast-banner-title-visibility":"","ast-main-header-display":"","ast-hfb-above-header-display":"","ast-hfb-below-header-display":"","ast-hfb-mobile-header-display":"","site-post-title":"","ast-breadcrumbs-content":"","ast-featured-img":"","footer-sml-layout":"","theme-transparent-header-meta":"","adv-header-id-meta":"","stick-header-meta":"","header-above-stick-meta":"","header-main-stick-meta":"","header-below-stick-meta":"","astra-migrate-meta-layouts":"default","ast-page-background-enabled":"default","ast-page-background-meta":{"desktop":{"background-color":"var(--ast-global-color-4)","background-image":"","background-repeat":"repeat","background-position":"center center","background-size":"auto","background-attachment":"scroll","background-type":"","background-media":"","overlay-type":"","overlay-color":"","overlay-opacity":"","overlay-gradient":""},"tablet":{"background-color":"","background-image":"","background-repeat":"repeat","background-position":"center center","background-size":"auto","background-attachment":"scroll","background-type":"","background-media":"","overlay-type":"","overlay-color":"","overlay-opacity":"","overlay-gradient":""},"mobile":{"background-color":"","background-image":"","background-repeat":"repeat","background-position":"center center","background-size":"auto","background-attachment":"scroll","background-type":"","background-media":"","overlay-type":"","overlay-color":"","overlay-opacity":"","overlay-gradient":""}},"ast-content-background-meta":{"desktop":{"background-color":"var(--ast-global-color-5)","background-image":"","background-repeat":"repeat","background-position":"center center","background-size":"auto","background-attachment":"scroll","background-type":"","background-media":"","overlay-type":"","overlay-color":"","overlay-opacity":"","overlay-gradient":""},"tablet":{"background-color":"var(--ast-global-color-5)","background-image":"","background-repeat":"repeat","background-position":"center center","background-size":"auto","background-attachment":"scroll","background-type":"","background-media":"","overlay-type":"","overlay-color":"","overlay-opacity":"","overlay-gradient":""},"mobile":{"background-color":"var(--ast-global-color-5)","background-image":"","background-repeat":"repeat","background-position":"center center","background-size":"auto","background-attachment":"scroll","background-type":"","background-media":"","overlay-type":"","overlay-color":"","overlay-opacity":"","overlay-gradient":""}},"footnotes":""},"categories":[35,288,1,3],"tags":[46,89],"class_list":["post-2811","post","type-post","status-publish","format-standard","has-post-thumbnail","hentry","category-activitats-a-laula","category-curs-2016-17","category-general","category-p3","tag-activitats-aula","tag-emocions"],"post_mailing_queue_ids":[],"_links":{"self":[{"href":"https:\/\/agora.xtec.cat\/escolasantjulia\/wp-json\/wp\/v2\/posts\/2811","targetHints":{"allow":["GET"]}}],"collection":[{"href":"https:\/\/agora.xtec.cat\/escolasantjulia\/wp-json\/wp\/v2\/posts"}],"about":[{"href":"https:\/\/agora.xtec.cat\/escolasantjulia\/wp-json\/wp\/v2\/types\/post"}],"author":[{"embeddable":true,"href":"https:\/\/agora.xtec.cat\/escolasantjulia\/wp-json\/wp\/v2\/users\/1"}],"replies":[{"embeddable":true,"href":"https:\/\/agora.xtec.cat\/escolasantjulia\/wp-json\/wp\/v2\/comments?post=2811"}],"version-history":[{"count":3,"href":"https:\/\/agora.xtec.cat\/escolasantjulia\/wp-json\/wp\/v2\/posts\/2811\/revisions"}],"predecessor-version":[{"id":2821,"href":"https:\/\/agora.xtec.cat\/escolasantjulia\/wp-json\/wp\/v2\/posts\/2811\/revisions\/2821"}],"wp:featuredmedia":[{"embeddable":true,"href":"https:\/\/agora.xtec.cat\/escolasantjulia\/wp-json\/wp\/v2\/media\/2812"}],"wp:attachment":[{"href":"https:\/\/agora.xtec.cat\/escolasantjulia\/wp-json\/wp\/v2\/media?parent=2811"}],"wp:term":[{"taxonomy":"category","embeddable":true,"href":"https:\/\/agora.xtec.cat\/escolasantjulia\/wp-json\/wp\/v2\/categories?post=2811"},{"taxonomy":"post_tag","embeddable":true,"href":"https:\/\/agora.xtec.cat\/escolasantjulia\/wp-json\/wp\/v2\/tags?post=2811"}],"curies":[{"name":"wp","href":"https:\/\/api.w.org\/{rel}","templated":true}]}}