{"id":2582,"date":"2016-06-22T09:48:56","date_gmt":"2016-06-22T08:48:56","guid":{"rendered":"http:\/\/agora.xtec.cat\/escolasantjulia\/?p=2582"},"modified":"2016-06-22T09:50:13","modified_gmt":"2016-06-22T08:50:13","slug":"concert-de-final-de-curs","status":"publish","type":"post","link":"https:\/\/agora.xtec.cat\/escolasantjulia\/general\/concert-de-final-de-curs\/","title":{"rendered":"Concert de final de curs"},"content":{"rendered":"<p>Fa dos anys que a l&#8217;escola hem iniciat a l&#8217;escola un <span style=\"color: #ff6600;\"><strong>projecte d&#8217;orquestra<\/strong><\/span>, on hi col\u00b7laboren l&#8217;<strong><span style=\"color: #008000;\">Ampa, l&#8217;Ajuntament, l&#8217;Escola de M\u00fasica Tradicional del Pened\u00e8s i la nostra pr\u00f2pia escola<\/span><\/strong>. En aquest projecte, els alumnes de 3r es familiaritzen amb instruments tradicionals de vent i de percussi\u00f3, flabiols, tamborins i tarotes, i els de 4t amb un instrument de corda, el viol\u00ed.<\/p>\n<p><strong><span style=\"color: #008000;\">L&#8217;objectiu<\/span><\/strong> principal d&#8217;aquest projecte \u00e9s <strong><span style=\"color: #ff6600;\">fer arribar la m\u00fasica<\/span><\/strong> a un gran nombre d&#8217;alumnes que possiblement no tindrien un acc\u00e8s tant f\u00e0cil. Tamb\u00e9 volem <strong><span style=\"color: #ff6600;\">refor\u00e7ar actituds positives<\/span><\/strong> com l&#8217;esfor\u00e7, l&#8217;escolta, la concentraci\u00f3, formar part d&#8217;un grup, i d&#8217;altres valors que ens ajuden a contribuir a una millor educaci\u00f3 emocional i a donar m\u00e9s seguretat i autonomia.<\/p>\n<p>I a m\u00e9s, aprenen a tocar un instrument.<\/p>\n<p>Per nosaltres \u00e9s el segon any d&#8217;experi\u00e8ncia, n&#8217;estem m\u00e9s que contents, i els alumnes tamb\u00e9 estan molt orgulllosos.<\/p>\n<p>Esperem que en propers cursos puguem ampliar el projecte a cicle superior.<\/p>\n<p>Us deixem uns videos del concert de l&#8217;altre dia!<\/p>\n<p><iframe loading=\"lazy\" src=\"https:\/\/www.youtube.com\/embed\/rKeP3OZxCRo?rel=0\" width=\"230\" height=\"230\" frameborder=\"0\" allowfullscreen=\"allowfullscreen\"><\/iframe> <iframe loading=\"lazy\" src=\"https:\/\/www.youtube.com\/embed\/DjmSqbdpjCU?rel=0\" width=\"230\" height=\"230\" frameborder=\"0\" allowfullscreen=\"allowfullscreen\"><\/iframe> <iframe loading=\"lazy\" src=\"https:\/\/www.youtube.com\/embed\/wXDKF-xwNWs?rel=0\" width=\"230\" height=\"230\" frameborder=\"0\" allowfullscreen=\"allowfullscreen\"><\/iframe><\/p>\n<p><iframe loading=\"lazy\" src=\"https:\/\/www.youtube.com\/embed\/M3u0EiD0klQ?rel=0\" width=\"230\" height=\"230\" frameborder=\"0\" allowfullscreen=\"allowfullscreen\"><\/iframe> <iframe loading=\"lazy\" src=\"https:\/\/www.youtube.com\/embed\/gsi_j-ok7FA?rel=0\" width=\"230\" height=\"230\" frameborder=\"0\" allowfullscreen=\"allowfullscreen\"><\/iframe> <iframe loading=\"lazy\" src=\"https:\/\/www.youtube.com\/embed\/qqAaQhG8s9I?rel=0\" width=\"230\" height=\"230\" frameborder=\"0\" allowfullscreen=\"allowfullscreen\"><\/iframe><\/p>\n<p><iframe loading=\"lazy\" src=\"https:\/\/www.youtube.com\/embed\/noK9eEFgsQU?rel=0\" width=\"230\" height=\"230\" frameborder=\"0\" allowfullscreen=\"allowfullscreen\"><\/iframe> <iframe loading=\"lazy\" src=\"https:\/\/www.youtube.com\/embed\/mHW_3qEAfdY?rel=0\" width=\"230\" height=\"230\" frameborder=\"0\" allowfullscreen=\"allowfullscreen\"><\/iframe><\/p>\n","protected":false},"excerpt":{"rendered":"<p>Fa dos anys que a l&#8217;escola hem iniciat a l&#8217;escola un projecte d&#8217;orquestra, on hi col\u00b7laboren l&#8217;Ampa, l&#8217;Ajuntament, l&#8217;Escola de M\u00fasica Tradicional del Pened\u00e8s i la nostra pr\u00f2pia escola. En aquest projecte, els alumnes de 3r es familiaritzen amb instruments tradicionals de vent i de percussi\u00f3, flabiols, tamborins i tarotes, i els de 4t amb [&hellip;]<\/p>\n","protected":false},"author":1,"featured_media":2588,"comment_status":"open","ping_status":"open","sticky":false,"template":"","format":"standard","meta":{"_bbp_topic_count":0,"_bbp_reply_count":0,"_bbp_total_topic_count":0,"_bbp_total_reply_count":0,"_bbp_voice_count":0,"_bbp_anonymous_reply_count":0,"_bbp_topic_count_hidden":0,"_bbp_reply_count_hidden":0,"_bbp_forum_subforum_count":0,"site-sidebar-layout":"default","site-content-layout":"","ast-site-content-layout":"","site-content-style":"default","site-sidebar-style":"default","ast-global-header-display":"","ast-banner-title-visibility":"","ast-main-header-display":"","ast-hfb-above-header-display":"","ast-hfb-below-header-display":"","ast-hfb-mobile-header-display":"","site-post-title":"","ast-breadcrumbs-content":"","ast-featured-img":"","footer-sml-layout":"","theme-transparent-header-meta":"","adv-header-id-meta":"","stick-header-meta":"","header-above-stick-meta":"","header-main-stick-meta":"","header-below-stick-meta":"","astra-migrate-meta-layouts":"default","ast-page-background-enabled":"default","ast-page-background-meta":{"desktop":{"background-color":"var(--ast-global-color-4)","background-image":"","background-repeat":"repeat","background-position":"center center","background-size":"auto","background-attachment":"scroll","background-type":"","background-media":"","overlay-type":"","overlay-color":"","overlay-opacity":"","overlay-gradient":""},"tablet":{"background-color":"","background-image":"","background-repeat":"repeat","background-position":"center center","background-size":"auto","background-attachment":"scroll","background-type":"","background-media":"","overlay-type":"","overlay-color":"","overlay-opacity":"","overlay-gradient":""},"mobile":{"background-color":"","background-image":"","background-repeat":"repeat","background-position":"center center","background-size":"auto","background-attachment":"scroll","background-type":"","background-media":"","overlay-type":"","overlay-color":"","overlay-opacity":"","overlay-gradient":""}},"ast-content-background-meta":{"desktop":{"background-color":"var(--ast-global-color-5)","background-image":"","background-repeat":"repeat","background-position":"center center","background-size":"auto","background-attachment":"scroll","background-type":"","background-media":"","overlay-type":"","overlay-color":"","overlay-opacity":"","overlay-gradient":""},"tablet":{"background-color":"var(--ast-global-color-5)","background-image":"","background-repeat":"repeat","background-position":"center center","background-size":"auto","background-attachment":"scroll","background-type":"","background-media":"","overlay-type":"","overlay-color":"","overlay-opacity":"","overlay-gradient":""},"mobile":{"background-color":"var(--ast-global-color-5)","background-image":"","background-repeat":"repeat","background-position":"center center","background-size":"auto","background-attachment":"scroll","background-type":"","background-media":"","overlay-type":"","overlay-color":"","overlay-opacity":"","overlay-gradient":""}},"footnotes":""},"categories":[190,1,13,12],"tags":[71,99,132,181],"class_list":["post-2582","post","type-post","status-publish","format-standard","has-post-thumbnail","hentry","category-curs-2015-16","category-general","category-4t","category-3r","tag-concert","tag-festa","tag-musica","tag-valors"],"post_mailing_queue_ids":[],"_links":{"self":[{"href":"https:\/\/agora.xtec.cat\/escolasantjulia\/wp-json\/wp\/v2\/posts\/2582","targetHints":{"allow":["GET"]}}],"collection":[{"href":"https:\/\/agora.xtec.cat\/escolasantjulia\/wp-json\/wp\/v2\/posts"}],"about":[{"href":"https:\/\/agora.xtec.cat\/escolasantjulia\/wp-json\/wp\/v2\/types\/post"}],"author":[{"embeddable":true,"href":"https:\/\/agora.xtec.cat\/escolasantjulia\/wp-json\/wp\/v2\/users\/1"}],"replies":[{"embeddable":true,"href":"https:\/\/agora.xtec.cat\/escolasantjulia\/wp-json\/wp\/v2\/comments?post=2582"}],"version-history":[{"count":3,"href":"https:\/\/agora.xtec.cat\/escolasantjulia\/wp-json\/wp\/v2\/posts\/2582\/revisions"}],"predecessor-version":[{"id":2587,"href":"https:\/\/agora.xtec.cat\/escolasantjulia\/wp-json\/wp\/v2\/posts\/2582\/revisions\/2587"}],"wp:featuredmedia":[{"embeddable":true,"href":"https:\/\/agora.xtec.cat\/escolasantjulia\/wp-json\/wp\/v2\/media\/2588"}],"wp:attachment":[{"href":"https:\/\/agora.xtec.cat\/escolasantjulia\/wp-json\/wp\/v2\/media?parent=2582"}],"wp:term":[{"taxonomy":"category","embeddable":true,"href":"https:\/\/agora.xtec.cat\/escolasantjulia\/wp-json\/wp\/v2\/categories?post=2582"},{"taxonomy":"post_tag","embeddable":true,"href":"https:\/\/agora.xtec.cat\/escolasantjulia\/wp-json\/wp\/v2\/tags?post=2582"}],"curies":[{"name":"wp","href":"https:\/\/api.w.org\/{rel}","templated":true}]}}