{"id":2551,"date":"2016-06-10T12:54:43","date_gmt":"2016-06-10T11:54:43","guid":{"rendered":"http:\/\/agora.xtec.cat\/escolasantjulia\/?p=2551"},"modified":"2016-06-10T12:56:26","modified_gmt":"2016-06-10T11:56:26","slug":"festa-descola-verda-2016","status":"publish","type":"post","link":"https:\/\/agora.xtec.cat\/escolasantjulia\/general\/festa-descola-verda-2016\/","title":{"rendered":"Festa d&#8217;Escola Verda 2016"},"content":{"rendered":"<p>Avui hem celebrat la festa d&#8217;<span style=\"color: #008000;\"><strong>Escola Verda<\/strong><\/span> al nostre centre. Cada cicle ha dut a terme una activitat dedicada a la sostenibilitat: els d&#8217;infantil han pintat el mur de la seva entrada a partir de la frase &#8220;<em>Les llavors dormen en el secret de la terra fins que a una d&#8217;elles se li ocorre la fantasia de despertar<\/em>&#8220;; els de cicle inicial han anat a la llar d&#8217;infants de l&#8217;Arbo\u00e7 a recitar uns poemes sobre la natura i el reciclatge, els de cicle mitj\u00e0 han fet una sortida pel poble per cercar imatges referents a la sostenibilitat en el nostre poble, i cicle superior s&#8217;han dividit en dos grups, sis\u00e8 han visualitzat un experiment sobre el CO2 que ells mateixos varen treballar (<a href=\"http:\/\/agora.xtec.cat\/escolasantjulia\/general\/experiments-sobre-co2-a-6eb\/\">penjat al bloc de l&#8217;escola<\/a>), i cinqu\u00e8 ha anat a R\u00e0dio l&#8217;Arbo\u00e7 per parlar del projecte d&#8217;Escola Verda del nostre centre.<br \/>\nCom a cloenda, hem ballat la can\u00e7\u00f3 &#8220;Pluja de sons&#8221;, de la qual hem fet un v\u00eddeo que properament us penjarem.<br \/>\nAgra\u00efm molt la col\u00b7laboraci\u00f3 dels pares i mares que ens heu ajudat, personal de la Llar d&#8217;Infants, l&#8217;equip de R\u00e0dio L&#8217;Arbo\u00e7 i el personal del projecte APQUA.<br \/>\nUs deixem el tall de r\u00e0dio de l&#8217;activitat dels alumnes de 5\u00e8. Properament m\u00e9s articles relacionats.<\/p>\n<p><iframe id='audio_11851653' frameborder='0' allowfullscreen='' scrolling='no' height='200' style='border:1px solid #EEE; box-sizing:border-box; width:100%;' src=\"https:\/\/www.ivoox.com\/player_ej_11851653_4_1.html?c1=ff6600\"><\/iframe><\/p>\n","protected":false},"excerpt":{"rendered":"<p>Avui hem celebrat la festa d&#8217;Escola Verda al nostre centre. Cada cicle ha dut a terme una activitat dedicada a la sostenibilitat: els d&#8217;infantil han pintat el mur de la seva entrada a partir de la frase &#8220;Les llavors dormen en el secret de la terra fins que a una d&#8217;elles se li ocorre la [&hellip;]<\/p>\n","protected":false},"author":1,"featured_media":2552,"comment_status":"open","ping_status":"open","sticky":false,"template":"","format":"standard","meta":{"_bbp_topic_count":0,"_bbp_reply_count":0,"_bbp_total_topic_count":0,"_bbp_total_reply_count":0,"_bbp_voice_count":0,"_bbp_anonymous_reply_count":0,"_bbp_topic_count_hidden":0,"_bbp_reply_count_hidden":0,"_bbp_forum_subforum_count":0,"site-sidebar-layout":"default","site-content-layout":"","ast-site-content-layout":"","site-content-style":"default","site-sidebar-style":"default","ast-global-header-display":"","ast-banner-title-visibility":"","ast-main-header-display":"","ast-hfb-above-header-display":"","ast-hfb-below-header-display":"","ast-hfb-mobile-header-display":"","site-post-title":"","ast-breadcrumbs-content":"","ast-featured-img":"","footer-sml-layout":"","theme-transparent-header-meta":"","adv-header-id-meta":"","stick-header-meta":"","header-above-stick-meta":"","header-main-stick-meta":"","header-below-stick-meta":"","astra-migrate-meta-layouts":"default","ast-page-background-enabled":"default","ast-page-background-meta":{"desktop":{"background-color":"var(--ast-global-color-4)","background-image":"","background-repeat":"repeat","background-position":"center center","background-size":"auto","background-attachment":"scroll","background-type":"","background-media":"","overlay-type":"","overlay-color":"","overlay-opacity":"","overlay-gradient":""},"tablet":{"background-color":"","background-image":"","background-repeat":"repeat","background-position":"center center","background-size":"auto","background-attachment":"scroll","background-type":"","background-media":"","overlay-type":"","overlay-color":"","overlay-opacity":"","overlay-gradient":""},"mobile":{"background-color":"","background-image":"","background-repeat":"repeat","background-position":"center center","background-size":"auto","background-attachment":"scroll","background-type":"","background-media":"","overlay-type":"","overlay-color":"","overlay-opacity":"","overlay-gradient":""}},"ast-content-background-meta":{"desktop":{"background-color":"var(--ast-global-color-5)","background-image":"","background-repeat":"repeat","background-position":"center center","background-size":"auto","background-attachment":"scroll","background-type":"","background-media":"","overlay-type":"","overlay-color":"","overlay-opacity":"","overlay-gradient":""},"tablet":{"background-color":"var(--ast-global-color-5)","background-image":"","background-repeat":"repeat","background-position":"center center","background-size":"auto","background-attachment":"scroll","background-type":"","background-media":"","overlay-type":"","overlay-color":"","overlay-opacity":"","overlay-gradient":""},"mobile":{"background-color":"var(--ast-global-color-5)","background-image":"","background-repeat":"repeat","background-position":"center center","background-size":"auto","background-attachment":"scroll","background-type":"","background-media":"","overlay-type":"","overlay-color":"","overlay-opacity":"","overlay-gradient":""}},"footnotes":""},"categories":[21,190,26,28,1,3,8,9,15,14,13,12,11,10],"tags":[92,99,132,137,16,181],"class_list":["post-2551","post","type-post","status-publish","format-standard","has-post-thumbnail","hentry","category-activitats-escola","category-curs-2015-16","category-escola-verda","category-festes","category-general","category-p3","category-p4","category-p5","category-6e","category-5e","category-4t","category-3r","category-2n","category-1r","tag-escola-verda","tag-festa","tag-musica","tag-pares-i-mares","tag-sortides","tag-valors"],"post_mailing_queue_ids":[],"_links":{"self":[{"href":"https:\/\/agora.xtec.cat\/escolasantjulia\/wp-json\/wp\/v2\/posts\/2551","targetHints":{"allow":["GET"]}}],"collection":[{"href":"https:\/\/agora.xtec.cat\/escolasantjulia\/wp-json\/wp\/v2\/posts"}],"about":[{"href":"https:\/\/agora.xtec.cat\/escolasantjulia\/wp-json\/wp\/v2\/types\/post"}],"author":[{"embeddable":true,"href":"https:\/\/agora.xtec.cat\/escolasantjulia\/wp-json\/wp\/v2\/users\/1"}],"replies":[{"embeddable":true,"href":"https:\/\/agora.xtec.cat\/escolasantjulia\/wp-json\/wp\/v2\/comments?post=2551"}],"version-history":[{"count":1,"href":"https:\/\/agora.xtec.cat\/escolasantjulia\/wp-json\/wp\/v2\/posts\/2551\/revisions"}],"predecessor-version":[{"id":2553,"href":"https:\/\/agora.xtec.cat\/escolasantjulia\/wp-json\/wp\/v2\/posts\/2551\/revisions\/2553"}],"wp:featuredmedia":[{"embeddable":true,"href":"https:\/\/agora.xtec.cat\/escolasantjulia\/wp-json\/wp\/v2\/media\/2552"}],"wp:attachment":[{"href":"https:\/\/agora.xtec.cat\/escolasantjulia\/wp-json\/wp\/v2\/media?parent=2551"}],"wp:term":[{"taxonomy":"category","embeddable":true,"href":"https:\/\/agora.xtec.cat\/escolasantjulia\/wp-json\/wp\/v2\/categories?post=2551"},{"taxonomy":"post_tag","embeddable":true,"href":"https:\/\/agora.xtec.cat\/escolasantjulia\/wp-json\/wp\/v2\/tags?post=2551"}],"curies":[{"name":"wp","href":"https:\/\/api.w.org\/{rel}","templated":true}]}}