{"id":2527,"date":"2016-06-01T11:55:54","date_gmt":"2016-06-01T10:55:54","guid":{"rendered":"http:\/\/agora.xtec.cat\/escolasantjulia\/?p=2527"},"modified":"2016-06-01T11:59:02","modified_gmt":"2016-06-01T10:59:02","slug":"lescola-participa-en-el-projecte-pluja-de-sons","status":"publish","type":"post","link":"https:\/\/agora.xtec.cat\/escolasantjulia\/general\/lescola-participa-en-el-projecte-pluja-de-sons\/","title":{"rendered":"L&#8217;escola participa en el projecte Pluja de sons"},"content":{"rendered":"<p>El proper<span style=\"color: #008000;\"><strong> 10 de\u00a0 juny<\/strong><\/span>, la nostra escola junta amb molt altres centres educatius de Catalunya que creiem que la m\u00fasica \u00e9s un element important\u00edssim i b\u00e0sic per a l\u2019educaci\u00f3 dels\u00a0 nostres alumnes, participarem en un gran projecte.\u00a0 Omplirem els patis cantant i ballant la nova can\u00e7\u00f3 editada pel Cda Pau Casals, \u201c<span style=\"color: #ff6600;\"><strong>Pluja de sons\u201d<\/strong><\/span>.<\/p>\n<p><a href=\"http:\/\/www.cdapaucasals.com\/donalanota2016\">http:\/\/www.cdapaucasals.com\/donalanota2016<\/a><\/p>\n<p><iframe loading=\"lazy\" src=\"https:\/\/www.youtube.com\/embed\/gp95IEUIFSE?rel=0\" width=\"560\" height=\"315\" frameborder=\"0\" allowfullscreen=\"allowfullscreen\"><\/iframe><\/p>\n<p>La nostra intenci\u00f3 \u00e9s explicar novament al m\u00f3n, que estimem la m\u00fasica, que \u00e9s indispensable pel nostre dia a dia, que ens acompanya en molts moments importants de la vida i volem que\u00a0continu\u00ef sent indispensable en l\u2019educaci\u00f3 dels nostres infants.<\/p>\n<p>Estudieu b\u00e9 la<span style=\"color: #008000;\"><strong> lletra<\/strong><\/span> (<a href=\"http:\/\/www.cdapaucasals.com\/wp-content\/uploads\/2016\/04\/PLUJA-DE-SONS-lletra.pdf\">http:\/\/www.cdapaucasals.com\/wp-content\/uploads\/2016\/04\/PLUJA-DE-SONS-lletra.pdf<\/a>) i assageu molt la <strong><span style=\"color: #008000;\">coreografia<\/span><\/strong> (<a href=\"http:\/\/www.cdapaucasals.com\/flash-mob-pluja-de-sons\">http:\/\/www.cdapaucasals.com\/flash-mob-pluja-de-sons<\/a>).\u00a0 Ens ha de quedar molt i molt b\u00e9.<\/p>\n","protected":false},"excerpt":{"rendered":"<p>El proper 10 de\u00a0 juny, la nostra escola junta amb molt altres centres educatius de Catalunya que creiem que la m\u00fasica \u00e9s un element important\u00edssim i b\u00e0sic per a l\u2019educaci\u00f3 dels\u00a0 nostres alumnes, participarem en un gran projecte.\u00a0 Omplirem els patis cantant i ballant la nova can\u00e7\u00f3 editada pel Cda Pau Casals, \u201cPluja de sons\u201d. [&hellip;]<\/p>\n","protected":false},"author":1,"featured_media":2529,"comment_status":"open","ping_status":"open","sticky":false,"template":"","format":"standard","meta":{"_bbp_topic_count":0,"_bbp_reply_count":0,"_bbp_total_topic_count":0,"_bbp_total_reply_count":0,"_bbp_voice_count":0,"_bbp_anonymous_reply_count":0,"_bbp_topic_count_hidden":0,"_bbp_reply_count_hidden":0,"_bbp_forum_subforum_count":0,"site-sidebar-layout":"default","site-content-layout":"","ast-site-content-layout":"","site-content-style":"default","site-sidebar-style":"default","ast-global-header-display":"","ast-banner-title-visibility":"","ast-main-header-display":"","ast-hfb-above-header-display":"","ast-hfb-below-header-display":"","ast-hfb-mobile-header-display":"","site-post-title":"","ast-breadcrumbs-content":"","ast-featured-img":"","footer-sml-layout":"","theme-transparent-header-meta":"","adv-header-id-meta":"","stick-header-meta":"","header-above-stick-meta":"","header-main-stick-meta":"","header-below-stick-meta":"","astra-migrate-meta-layouts":"default","ast-page-background-enabled":"default","ast-page-background-meta":{"desktop":{"background-color":"var(--ast-global-color-4)","background-image":"","background-repeat":"repeat","background-position":"center center","background-size":"auto","background-attachment":"scroll","background-type":"","background-media":"","overlay-type":"","overlay-color":"","overlay-opacity":"","overlay-gradient":""},"tablet":{"background-color":"","background-image":"","background-repeat":"repeat","background-position":"center center","background-size":"auto","background-attachment":"scroll","background-type":"","background-media":"","overlay-type":"","overlay-color":"","overlay-opacity":"","overlay-gradient":""},"mobile":{"background-color":"","background-image":"","background-repeat":"repeat","background-position":"center center","background-size":"auto","background-attachment":"scroll","background-type":"","background-media":"","overlay-type":"","overlay-color":"","overlay-opacity":"","overlay-gradient":""}},"ast-content-background-meta":{"desktop":{"background-color":"var(--ast-global-color-5)","background-image":"","background-repeat":"repeat","background-position":"center center","background-size":"auto","background-attachment":"scroll","background-type":"","background-media":"","overlay-type":"","overlay-color":"","overlay-opacity":"","overlay-gradient":""},"tablet":{"background-color":"var(--ast-global-color-5)","background-image":"","background-repeat":"repeat","background-position":"center center","background-size":"auto","background-attachment":"scroll","background-type":"","background-media":"","overlay-type":"","overlay-color":"","overlay-opacity":"","overlay-gradient":""},"mobile":{"background-color":"var(--ast-global-color-5)","background-image":"","background-repeat":"repeat","background-position":"center center","background-size":"auto","background-attachment":"scroll","background-type":"","background-media":"","overlay-type":"","overlay-color":"","overlay-opacity":"","overlay-gradient":""}},"footnotes":""},"categories":[21,190,1,2,5],"tags":[265,264,132],"class_list":["post-2527","post","type-post","status-publish","format-standard","has-post-thumbnail","hentry","category-activitats-escola","category-curs-2015-16","category-general","category-infantil","category-primaria","tag-ballar","tag-cantar","tag-musica"],"post_mailing_queue_ids":[],"_links":{"self":[{"href":"https:\/\/agora.xtec.cat\/escolasantjulia\/wp-json\/wp\/v2\/posts\/2527","targetHints":{"allow":["GET"]}}],"collection":[{"href":"https:\/\/agora.xtec.cat\/escolasantjulia\/wp-json\/wp\/v2\/posts"}],"about":[{"href":"https:\/\/agora.xtec.cat\/escolasantjulia\/wp-json\/wp\/v2\/types\/post"}],"author":[{"embeddable":true,"href":"https:\/\/agora.xtec.cat\/escolasantjulia\/wp-json\/wp\/v2\/users\/1"}],"replies":[{"embeddable":true,"href":"https:\/\/agora.xtec.cat\/escolasantjulia\/wp-json\/wp\/v2\/comments?post=2527"}],"version-history":[{"count":3,"href":"https:\/\/agora.xtec.cat\/escolasantjulia\/wp-json\/wp\/v2\/posts\/2527\/revisions"}],"predecessor-version":[{"id":2531,"href":"https:\/\/agora.xtec.cat\/escolasantjulia\/wp-json\/wp\/v2\/posts\/2527\/revisions\/2531"}],"wp:featuredmedia":[{"embeddable":true,"href":"https:\/\/agora.xtec.cat\/escolasantjulia\/wp-json\/wp\/v2\/media\/2529"}],"wp:attachment":[{"href":"https:\/\/agora.xtec.cat\/escolasantjulia\/wp-json\/wp\/v2\/media?parent=2527"}],"wp:term":[{"taxonomy":"category","embeddable":true,"href":"https:\/\/agora.xtec.cat\/escolasantjulia\/wp-json\/wp\/v2\/categories?post=2527"},{"taxonomy":"post_tag","embeddable":true,"href":"https:\/\/agora.xtec.cat\/escolasantjulia\/wp-json\/wp\/v2\/tags?post=2527"}],"curies":[{"name":"wp","href":"https:\/\/api.w.org\/{rel}","templated":true}]}}