{"id":2445,"date":"2016-04-27T15:36:53","date_gmt":"2016-04-27T14:36:53","guid":{"rendered":"http:\/\/agora.xtec.cat\/escolasantjulia\/?p=2445"},"modified":"2016-04-28T11:47:02","modified_gmt":"2016-04-28T10:47:02","slug":"sant-jordi-2016","status":"publish","type":"post","link":"https:\/\/agora.xtec.cat\/escolasantjulia\/general\/sant-jordi-2016\/","title":{"rendered":"Sant Jordi 2016"},"content":{"rendered":"<p>El passat divendres, dia 22 d&#8217;abril, v\u00e0rem celebrar la festa de Sant Jordi. Pel mat\u00ed v\u00e0rem fer un circuit de conta-contes, on els alumnes es distribu\u00efen en diferents espais i el professorat i pares i mares col\u00b7laboradors els llegien un conte. Donem les gr\u00e0cies als pares i mares que hi van participar!<\/p>\n<p><iframe loading=\"lazy\" src=\"http:\/\/s879.photobucket.com\/user\/EscolaSantJulia\/embed\/slideshow\/2015-16\/FESTES\/Sant%20Jordi%202016\/CONTES%20MATI\" width=\"480\" height=\"360\"><\/iframe><\/p>\n<p>M\u00e9s tard, alguns mestres varen representar la llegenda de Sant Jordi. Va ser for\u00e7a divertida i v\u00e0rem riure una estona.\u00a0Tamb\u00e9 varen participar el Quim i la Sandra de 2n i ho varen fer molt b\u00e9.<\/p>\n<p><iframe loading=\"lazy\" src=\"http:\/\/s1361.photobucket.com\/user\/santjuliaarbos2\/embed\/slideshow\/2015-16\/FESTES\/SANT%20JORDI%202016\/TEATRE%20LLEGENDA\" width=\"480\" height=\"360\"><\/iframe><\/p>\n<p><iframe loading=\"lazy\" src=\"https:\/\/player.vimeo.com\/video\/164239417\" width=\"640\" height=\"480\" frameborder=\"0\" allowfullscreen=\"allowfullscreen\"><\/iframe><\/p>\n<p><a href=\"https:\/\/vimeo.com\/164239417\">LLegenda pels mestres<\/a><\/p>\n<p>Per la tarda v\u00e0rem fer intercanvi de manualitats. Els\u00a0alumnes varen recitar i dir els poemes, endevinalles,&#8230; que pr\u00e8viament s&#8217;havien treballat a la classe.<\/p>\n<p><iframe loading=\"lazy\" src=\"http:\/\/s1361.photobucket.com\/user\/santjuliaarbos2\/embed\/slideshow\/2015-16\/FESTES\/SANT%20JORDI%202016\/INTERCANVI%20TARDA\" width=\"480\" height=\"360\"><\/iframe><\/p>\n<p><iframe loading=\"lazy\" src=\"http:\/\/s1361.photobucket.com\/user\/santjuliaarbos2\/embed\/slideshow\/2015-16\/FESTES\/SANT%20JORDI%202016\/Intercanvi%20tarda%20P3-1r\" width=\"480\" height=\"360\"><\/iframe><\/p>\n<p><iframe loading=\"lazy\" src=\"https:\/\/player.vimeo.com\/video\/164239413\" width=\"640\" height=\"360\" frameborder=\"0\" allowfullscreen=\"allowfullscreen\"><\/iframe><\/p>\n<p><iframe loading=\"lazy\" src=\"https:\/\/player.vimeo.com\/video\/164239414\" width=\"640\" height=\"360\" frameborder=\"0\" allowfullscreen=\"allowfullscreen\"><\/iframe><\/p>\n<p><iframe loading=\"lazy\" src=\"https:\/\/player.vimeo.com\/video\/164239416\" width=\"640\" height=\"360\" frameborder=\"0\" allowfullscreen=\"allowfullscreen\"><\/iframe><\/p>\n<p><iframe loading=\"lazy\" src=\"https:\/\/player.vimeo.com\/video\/164422091\" width=\"640\" height=\"480\" frameborder=\"0\" allowfullscreen=\"allowfullscreen\"><\/iframe><\/p>\n","protected":false},"excerpt":{"rendered":"<p>El passat divendres, dia 22 d&#8217;abril, v\u00e0rem celebrar la festa de Sant Jordi. Pel mat\u00ed v\u00e0rem fer un circuit de conta-contes, on els alumnes es distribu\u00efen en diferents espais i el professorat i pares i mares col\u00b7laboradors els llegien un conte. Donem les gr\u00e0cies als pares i mares que hi van participar! M\u00e9s tard, alguns [&hellip;]<\/p>\n","protected":false},"author":1,"featured_media":2448,"comment_status":"open","ping_status":"open","sticky":false,"template":"","format":"standard","meta":{"_bbp_topic_count":0,"_bbp_reply_count":0,"_bbp_total_topic_count":0,"_bbp_total_reply_count":0,"_bbp_voice_count":0,"_bbp_anonymous_reply_count":0,"_bbp_topic_count_hidden":0,"_bbp_reply_count_hidden":0,"_bbp_forum_subforum_count":0,"site-sidebar-layout":"default","site-content-layout":"","ast-site-content-layout":"","site-content-style":"default","site-sidebar-style":"default","ast-global-header-display":"","ast-banner-title-visibility":"","ast-main-header-display":"","ast-hfb-above-header-display":"","ast-hfb-below-header-display":"","ast-hfb-mobile-header-display":"","site-post-title":"","ast-breadcrumbs-content":"","ast-featured-img":"","footer-sml-layout":"","theme-transparent-header-meta":"","adv-header-id-meta":"","stick-header-meta":"","header-above-stick-meta":"","header-main-stick-meta":"","header-below-stick-meta":"","astra-migrate-meta-layouts":"default","ast-page-background-enabled":"default","ast-page-background-meta":{"desktop":{"background-color":"var(--ast-global-color-4)","background-image":"","background-repeat":"repeat","background-position":"center center","background-size":"auto","background-attachment":"scroll","background-type":"","background-media":"","overlay-type":"","overlay-color":"","overlay-opacity":"","overlay-gradient":""},"tablet":{"background-color":"","background-image":"","background-repeat":"repeat","background-position":"center center","background-size":"auto","background-attachment":"scroll","background-type":"","background-media":"","overlay-type":"","overlay-color":"","overlay-opacity":"","overlay-gradient":""},"mobile":{"background-color":"","background-image":"","background-repeat":"repeat","background-position":"center center","background-size":"auto","background-attachment":"scroll","background-type":"","background-media":"","overlay-type":"","overlay-color":"","overlay-opacity":"","overlay-gradient":""}},"ast-content-background-meta":{"desktop":{"background-color":"var(--ast-global-color-5)","background-image":"","background-repeat":"repeat","background-position":"center center","background-size":"auto","background-attachment":"scroll","background-type":"","background-media":"","overlay-type":"","overlay-color":"","overlay-opacity":"","overlay-gradient":""},"tablet":{"background-color":"var(--ast-global-color-5)","background-image":"","background-repeat":"repeat","background-position":"center center","background-size":"auto","background-attachment":"scroll","background-type":"","background-media":"","overlay-type":"","overlay-color":"","overlay-opacity":"","overlay-gradient":""},"mobile":{"background-color":"var(--ast-global-color-5)","background-image":"","background-repeat":"repeat","background-position":"center center","background-size":"auto","background-attachment":"scroll","background-type":"","background-media":"","overlay-type":"","overlay-color":"","overlay-opacity":"","overlay-gradient":""}},"footnotes":""},"categories":[190,28,1,3,8,9,15,14,13,12,11,10],"tags":[99,137,166,174,177],"class_list":["post-2445","post","type-post","status-publish","format-standard","has-post-thumbnail","hentry","category-curs-2015-16","category-festes","category-general","category-p3","category-p4","category-p5","category-6e","category-5e","category-4t","category-3r","category-2n","category-1r","tag-festa","tag-pares-i-mares","tag-sant-jordi","tag-tallers","tag-teatre"],"post_mailing_queue_ids":[],"_links":{"self":[{"href":"https:\/\/agora.xtec.cat\/escolasantjulia\/wp-json\/wp\/v2\/posts\/2445","targetHints":{"allow":["GET"]}}],"collection":[{"href":"https:\/\/agora.xtec.cat\/escolasantjulia\/wp-json\/wp\/v2\/posts"}],"about":[{"href":"https:\/\/agora.xtec.cat\/escolasantjulia\/wp-json\/wp\/v2\/types\/post"}],"author":[{"embeddable":true,"href":"https:\/\/agora.xtec.cat\/escolasantjulia\/wp-json\/wp\/v2\/users\/1"}],"replies":[{"embeddable":true,"href":"https:\/\/agora.xtec.cat\/escolasantjulia\/wp-json\/wp\/v2\/comments?post=2445"}],"version-history":[{"count":3,"href":"https:\/\/agora.xtec.cat\/escolasantjulia\/wp-json\/wp\/v2\/posts\/2445\/revisions"}],"predecessor-version":[{"id":2457,"href":"https:\/\/agora.xtec.cat\/escolasantjulia\/wp-json\/wp\/v2\/posts\/2445\/revisions\/2457"}],"wp:featuredmedia":[{"embeddable":true,"href":"https:\/\/agora.xtec.cat\/escolasantjulia\/wp-json\/wp\/v2\/media\/2448"}],"wp:attachment":[{"href":"https:\/\/agora.xtec.cat\/escolasantjulia\/wp-json\/wp\/v2\/media?parent=2445"}],"wp:term":[{"taxonomy":"category","embeddable":true,"href":"https:\/\/agora.xtec.cat\/escolasantjulia\/wp-json\/wp\/v2\/categories?post=2445"},{"taxonomy":"post_tag","embeddable":true,"href":"https:\/\/agora.xtec.cat\/escolasantjulia\/wp-json\/wp\/v2\/tags?post=2445"}],"curies":[{"name":"wp","href":"https:\/\/api.w.org\/{rel}","templated":true}]}}