{"id":2440,"date":"2016-04-18T20:43:48","date_gmt":"2016-04-18T19:43:48","guid":{"rendered":"http:\/\/agora.xtec.cat\/escolasantjulia\/?p=2440"},"modified":"2016-04-18T20:43:48","modified_gmt":"2016-04-18T19:43:48","slug":"convocatoria-dajut-individual-de-menjador","status":"publish","type":"post","link":"https:\/\/agora.xtec.cat\/escolasantjulia\/general\/convocatoria-dajut-individual-de-menjador\/","title":{"rendered":"Convocat\u00f2ria d&#8217;Ajut Individual de Menjador"},"content":{"rendered":"<p><a href=\"http:\/\/agora.xtec.cat\/escolasantjulia\/wp-content\/uploads\/usu423\/2016\/04\/menjador.png\"><img loading=\"lazy\" decoding=\"async\" class=\"  wp-image-2442 alignleft\" src=\"http:\/\/agora.xtec.cat\/escolasantjulia\/wp-content\/uploads\/usu423\/2016\/04\/menjador.png\" alt=\"menjador\" width=\"168\" height=\"139\" \/><\/a>Des de el Consell Comarcal del Baix Pened\u00e8s ens han enviat la informaci\u00f3 referent als ajuts de menjador per al proper curs 2016-17.<\/p>\n<p>Les fam\u00edlies podran presentar als centres escolars respectius de la comarca del Baix Penedes les sol\u00b7licituds i la documentaci\u00f3 corresponent, dins del per\u00edode compr\u00e8s entre els dies 2 i 6 de maig de 2016, ambd\u00f3s inclosos. Tamb\u00e9 es podran presentar a l&#8217;oficina del Registre General del Consell Comarcal del Baix Pened\u00e8s, del 2 al 13 de maig de 2016 (pla\u00e7a del Centre, 5, del Vendrell) en horari de 9 a 14 hores.<\/p>\n<ul>\n<li class=\"recurstext1\"><a href=\"http:\/\/www.ccbp.cat\/images\/pdf\/educacio\/Bases_AIM_Socioeconomiques_2016-17.pdf\" target=\"_blank\">Bases AIM curs 2016-2017<\/a><\/li>\n<li class=\"recurstext1\"><a href=\"http:\/\/www.ccbp.cat\/images\/pdf\/educacio\/MODEL_23_Nota_Informativa_Centres_Escolars_tramitacio_AIM_16-17.pdf\" target=\"_blank\">Model 23 &#8211; Nota informativa tramitaci\u00f3 beques AIM curs 2016-2017<\/a><\/li>\n<li class=\"recurstext1\"><a href=\"http:\/\/www.ccbp.cat\/images\/pdf\/educacio\/MODEL_1_Sollicitud_AIM_16-17.doc\" target=\"_blank\">Model 1 &#8211; Sol\u00b7licitud AIM curs 2016-2017<\/a><\/li>\n<\/ul>\n","protected":false},"excerpt":{"rendered":"<p>Des de el Consell Comarcal del Baix Pened\u00e8s ens han enviat la informaci\u00f3 referent als ajuts de menjador per al proper curs 2016-17. Les fam\u00edlies podran presentar als centres escolars respectius de la comarca del Baix Penedes les sol\u00b7licituds i la documentaci\u00f3 corresponent, dins del per\u00edode compr\u00e8s entre els dies 2 i 6 de maig [&hellip;]<\/p>\n","protected":false},"author":1,"featured_media":0,"comment_status":"open","ping_status":"open","sticky":false,"template":"","format":"standard","meta":{"_bbp_topic_count":0,"_bbp_reply_count":0,"_bbp_total_topic_count":0,"_bbp_total_reply_count":0,"_bbp_voice_count":0,"_bbp_anonymous_reply_count":0,"_bbp_topic_count_hidden":0,"_bbp_reply_count_hidden":0,"_bbp_forum_subforum_count":0,"site-sidebar-layout":"default","site-content-layout":"","ast-site-content-layout":"","site-content-style":"default","site-sidebar-style":"default","ast-global-header-display":"","ast-banner-title-visibility":"","ast-main-header-display":"","ast-hfb-above-header-display":"","ast-hfb-below-header-display":"","ast-hfb-mobile-header-display":"","site-post-title":"","ast-breadcrumbs-content":"","ast-featured-img":"","footer-sml-layout":"","theme-transparent-header-meta":"","adv-header-id-meta":"","stick-header-meta":"","header-above-stick-meta":"","header-main-stick-meta":"","header-below-stick-meta":"","astra-migrate-meta-layouts":"default","ast-page-background-enabled":"default","ast-page-background-meta":{"desktop":{"background-color":"var(--ast-global-color-4)","background-image":"","background-repeat":"repeat","background-position":"center center","background-size":"auto","background-attachment":"scroll","background-type":"","background-media":"","overlay-type":"","overlay-color":"","overlay-opacity":"","overlay-gradient":""},"tablet":{"background-color":"","background-image":"","background-repeat":"repeat","background-position":"center center","background-size":"auto","background-attachment":"scroll","background-type":"","background-media":"","overlay-type":"","overlay-color":"","overlay-opacity":"","overlay-gradient":""},"mobile":{"background-color":"","background-image":"","background-repeat":"repeat","background-position":"center center","background-size":"auto","background-attachment":"scroll","background-type":"","background-media":"","overlay-type":"","overlay-color":"","overlay-opacity":"","overlay-gradient":""}},"ast-content-background-meta":{"desktop":{"background-color":"var(--ast-global-color-5)","background-image":"","background-repeat":"repeat","background-position":"center center","background-size":"auto","background-attachment":"scroll","background-type":"","background-media":"","overlay-type":"","overlay-color":"","overlay-opacity":"","overlay-gradient":""},"tablet":{"background-color":"var(--ast-global-color-5)","background-image":"","background-repeat":"repeat","background-position":"center center","background-size":"auto","background-attachment":"scroll","background-type":"","background-media":"","overlay-type":"","overlay-color":"","overlay-opacity":"","overlay-gradient":""},"mobile":{"background-color":"var(--ast-global-color-5)","background-image":"","background-repeat":"repeat","background-position":"center center","background-size":"auto","background-attachment":"scroll","background-type":"","background-media":"","overlay-type":"","overlay-color":"","overlay-opacity":"","overlay-gradient":""}},"footnotes":""},"categories":[190,1],"tags":[257,259,258],"class_list":["post-2440","post","type-post","status-publish","format-standard","hentry","category-curs-2015-16","category-general","tag-ajuts","tag-consell-comarcal","tag-menjador"],"post_mailing_queue_ids":[],"_links":{"self":[{"href":"https:\/\/agora.xtec.cat\/escolasantjulia\/wp-json\/wp\/v2\/posts\/2440","targetHints":{"allow":["GET"]}}],"collection":[{"href":"https:\/\/agora.xtec.cat\/escolasantjulia\/wp-json\/wp\/v2\/posts"}],"about":[{"href":"https:\/\/agora.xtec.cat\/escolasantjulia\/wp-json\/wp\/v2\/types\/post"}],"author":[{"embeddable":true,"href":"https:\/\/agora.xtec.cat\/escolasantjulia\/wp-json\/wp\/v2\/users\/1"}],"replies":[{"embeddable":true,"href":"https:\/\/agora.xtec.cat\/escolasantjulia\/wp-json\/wp\/v2\/comments?post=2440"}],"version-history":[{"count":2,"href":"https:\/\/agora.xtec.cat\/escolasantjulia\/wp-json\/wp\/v2\/posts\/2440\/revisions"}],"predecessor-version":[{"id":2443,"href":"https:\/\/agora.xtec.cat\/escolasantjulia\/wp-json\/wp\/v2\/posts\/2440\/revisions\/2443"}],"wp:attachment":[{"href":"https:\/\/agora.xtec.cat\/escolasantjulia\/wp-json\/wp\/v2\/media?parent=2440"}],"wp:term":[{"taxonomy":"category","embeddable":true,"href":"https:\/\/agora.xtec.cat\/escolasantjulia\/wp-json\/wp\/v2\/categories?post=2440"},{"taxonomy":"post_tag","embeddable":true,"href":"https:\/\/agora.xtec.cat\/escolasantjulia\/wp-json\/wp\/v2\/tags?post=2440"}],"curies":[{"name":"wp","href":"https:\/\/api.w.org\/{rel}","templated":true}]}}