{"id":2400,"date":"2016-03-16T17:23:52","date_gmt":"2016-03-16T16:23:52","guid":{"rendered":"http:\/\/agora.xtec.cat\/escolasantjulia\/?p=2400"},"modified":"2016-03-30T20:14:21","modified_gmt":"2016-03-30T19:14:21","slug":"calendari-de-preinscripcio-2016-2017","status":"publish","type":"post","link":"https:\/\/agora.xtec.cat\/escolasantjulia\/general\/calendari-de-preinscripcio-2016-2017\/","title":{"rendered":"Calendari de Preinscripci\u00f3 2016-2017"},"content":{"rendered":"<p style=\"text-align: center;\"><span style=\"color: #008000;\"><strong>Calendari de preinscripci\u00f3 2016-2017<\/strong><\/span><br \/>\n<span style=\"color: #008000;\"><strong> Segon cicle d&#8217;educaci\u00f3 infantil i ensenyament obligatori<\/strong><\/span><\/p>\n<table class=\" aligncenter\" style=\"height: 357px; border-color: #ffffff; background-color: #ffffff;\" width=\"626\">\n<tbody>\n<tr>\n<td style=\"background-color: #f7f5be; text-align: left;\"><strong>Presentaci\u00f3 de Sol\u00b7licituds<\/strong><\/td>\n<td style=\"background-color: #f7f5be; text-align: left;\"><strong>30 de mar\u00e7 al 7 d&#8217;abril<\/strong><\/td>\n<\/tr>\n<tr>\n<td style=\"background-color: #f7f5be; text-align: left;\"><strong>La tramesa de sol\u00b7licituds per internet<\/strong><\/td>\n<td style=\"background-color: #f7f5be; text-align: left;\"><strong>fins a les 24h. del dia 6 d&#8217;abril<\/strong><\/td>\n<\/tr>\n<tr>\n<td style=\"background-color: #f7f5be; text-align: left;\"><strong>Llistes amb barem provisional<\/strong><\/td>\n<td style=\"background-color: #f7f5be; text-align: left;\"><strong>15 d&#8217;abril<\/strong><\/td>\n<\/tr>\n<tr>\n<td style=\"background-color: #f7f5be; text-align: left;\"><strong>Sorteig n\u00famero de desempat<\/strong><\/td>\n<td style=\"background-color: #f7f5be; text-align: left;\"><strong>18 d&#8217;abril <\/strong><\/td>\n<\/tr>\n<tr>\n<td style=\"background-color: #f7f5be; text-align: left;\"><strong>Reclamacions<\/strong><\/td>\n<td style=\"background-color: #f7f5be; text-align: left;\"><strong>15 al 20 d&#8217;abril <\/strong><\/td>\n<\/tr>\n<tr>\n<td style=\"background-color: #f7f5be; text-align: left;\"><strong>Llistes amb barem definitiu un cop resoltes les reclamacions<\/strong><\/td>\n<td style=\"background-color: #f7f5be; text-align: left;\"><strong>25 abril <\/strong><\/td>\n<\/tr>\n<tr>\n<td style=\"background-color: #f7f5be; text-align: left;\"><strong>Publicaci\u00f3 oferta definitiva<\/strong><\/td>\n<td style=\"background-color: #f7f5be; text-align: left;\"><strong>17 maig <\/strong><\/td>\n<\/tr>\n<tr>\n<td style=\"background-color: #f7f5be; text-align: left;\"><strong>Publicaci\u00f3 llistes d&#8217;admesos<\/strong><\/td>\n<td style=\"background-color: #f7f5be; text-align: left;\"><strong>20 maig <\/strong><\/td>\n<\/tr>\n<tr>\n<td style=\"background-color: #f7f5be; text-align: left;\"><strong>Per\u00edode de matriculaci\u00f3 (infantil i prim\u00e0ria)<\/strong><\/td>\n<td style=\"background-color: #f7f5be; text-align: left;\"><strong>13 al 17 juny<\/strong><\/td>\n<\/tr>\n<\/tbody>\n<\/table>\n<p>&nbsp;<\/p>\n","protected":false},"excerpt":{"rendered":"<p>Calendari de preinscripci\u00f3 2016-2017 Segon cicle d&#8217;educaci\u00f3 infantil i ensenyament obligatori Presentaci\u00f3 de Sol\u00b7licituds 30 de mar\u00e7 al 7 d&#8217;abril La tramesa de sol\u00b7licituds per internet fins a les 24h. del dia 6 d&#8217;abril Llistes amb barem provisional 15 d&#8217;abril Sorteig n\u00famero de desempat 18 d&#8217;abril Reclamacions 15 al 20 d&#8217;abril Llistes amb barem definitiu [&hellip;]<\/p>\n","protected":false},"author":1,"featured_media":0,"comment_status":"open","ping_status":"open","sticky":false,"template":"","format":"standard","meta":{"_bbp_topic_count":0,"_bbp_reply_count":0,"_bbp_total_topic_count":0,"_bbp_total_reply_count":0,"_bbp_voice_count":0,"_bbp_anonymous_reply_count":0,"_bbp_topic_count_hidden":0,"_bbp_reply_count_hidden":0,"_bbp_forum_subforum_count":0,"site-sidebar-layout":"default","site-content-layout":"","ast-site-content-layout":"","site-content-style":"default","site-sidebar-style":"default","ast-global-header-display":"","ast-banner-title-visibility":"","ast-main-header-display":"","ast-hfb-above-header-display":"","ast-hfb-below-header-display":"","ast-hfb-mobile-header-display":"","site-post-title":"","ast-breadcrumbs-content":"","ast-featured-img":"","footer-sml-layout":"","theme-transparent-header-meta":"","adv-header-id-meta":"","stick-header-meta":"","header-above-stick-meta":"","header-main-stick-meta":"","header-below-stick-meta":"","astra-migrate-meta-layouts":"default","ast-page-background-enabled":"default","ast-page-background-meta":{"desktop":{"background-color":"var(--ast-global-color-4)","background-image":"","background-repeat":"repeat","background-position":"center center","background-size":"auto","background-attachment":"scroll","background-type":"","background-media":"","overlay-type":"","overlay-color":"","overlay-opacity":"","overlay-gradient":""},"tablet":{"background-color":"","background-image":"","background-repeat":"repeat","background-position":"center center","background-size":"auto","background-attachment":"scroll","background-type":"","background-media":"","overlay-type":"","overlay-color":"","overlay-opacity":"","overlay-gradient":""},"mobile":{"background-color":"","background-image":"","background-repeat":"repeat","background-position":"center center","background-size":"auto","background-attachment":"scroll","background-type":"","background-media":"","overlay-type":"","overlay-color":"","overlay-opacity":"","overlay-gradient":""}},"ast-content-background-meta":{"desktop":{"background-color":"var(--ast-global-color-5)","background-image":"","background-repeat":"repeat","background-position":"center center","background-size":"auto","background-attachment":"scroll","background-type":"","background-media":"","overlay-type":"","overlay-color":"","overlay-opacity":"","overlay-gradient":""},"tablet":{"background-color":"var(--ast-global-color-5)","background-image":"","background-repeat":"repeat","background-position":"center center","background-size":"auto","background-attachment":"scroll","background-type":"","background-media":"","overlay-type":"","overlay-color":"","overlay-opacity":"","overlay-gradient":""},"mobile":{"background-color":"var(--ast-global-color-5)","background-image":"","background-repeat":"repeat","background-position":"center center","background-size":"auto","background-attachment":"scroll","background-type":"","background-media":"","overlay-type":"","overlay-color":"","overlay-opacity":"","overlay-gradient":""}},"footnotes":""},"categories":[190,1,251],"tags":[253,150],"class_list":["post-2400","post","type-post","status-publish","format-standard","hentry","category-curs-2015-16","category-general","category-preins16_17","tag-calendari","tag-preinscripcio"],"post_mailing_queue_ids":[],"_links":{"self":[{"href":"https:\/\/agora.xtec.cat\/escolasantjulia\/wp-json\/wp\/v2\/posts\/2400","targetHints":{"allow":["GET"]}}],"collection":[{"href":"https:\/\/agora.xtec.cat\/escolasantjulia\/wp-json\/wp\/v2\/posts"}],"about":[{"href":"https:\/\/agora.xtec.cat\/escolasantjulia\/wp-json\/wp\/v2\/types\/post"}],"author":[{"embeddable":true,"href":"https:\/\/agora.xtec.cat\/escolasantjulia\/wp-json\/wp\/v2\/users\/1"}],"replies":[{"embeddable":true,"href":"https:\/\/agora.xtec.cat\/escolasantjulia\/wp-json\/wp\/v2\/comments?post=2400"}],"version-history":[{"count":3,"href":"https:\/\/agora.xtec.cat\/escolasantjulia\/wp-json\/wp\/v2\/posts\/2400\/revisions"}],"predecessor-version":[{"id":2411,"href":"https:\/\/agora.xtec.cat\/escolasantjulia\/wp-json\/wp\/v2\/posts\/2400\/revisions\/2411"}],"wp:attachment":[{"href":"https:\/\/agora.xtec.cat\/escolasantjulia\/wp-json\/wp\/v2\/media?parent=2400"}],"wp:term":[{"taxonomy":"category","embeddable":true,"href":"https:\/\/agora.xtec.cat\/escolasantjulia\/wp-json\/wp\/v2\/categories?post=2400"},{"taxonomy":"post_tag","embeddable":true,"href":"https:\/\/agora.xtec.cat\/escolasantjulia\/wp-json\/wp\/v2\/tags?post=2400"}],"curies":[{"name":"wp","href":"https:\/\/api.w.org\/{rel}","templated":true}]}}