{"id":2388,"date":"2016-03-16T16:38:35","date_gmt":"2016-03-16T15:38:35","guid":{"rendered":"http:\/\/agora.xtec.cat\/escolasantjulia\/?p=2388"},"modified":"2016-03-16T16:42:05","modified_gmt":"2016-03-16T15:42:05","slug":"sortida-de-cicle-inicial-al-museu-pau-casals","status":"publish","type":"post","link":"https:\/\/agora.xtec.cat\/escolasantjulia\/general\/sortida-de-cicle-inicial-al-museu-pau-casals\/","title":{"rendered":"Sortida de Cicle Inicial al Museu Pau Casals"},"content":{"rendered":"<p>Els nens i nenes de cicle inicial varen anar a l&#8217;auditori i al <span style=\"color: #ff6600;\"><strong><a style=\"color: #ff6600;\" href=\"http:\/\/www.paucasals.org\/ca\/MUSEU-historia-i-missio\/\" target=\"_blank\">Museu Pau Casals<\/a><\/strong><\/span>, a Sant Salvador.<\/p>\n<p>A l&#8217;auditori, una orquestra ens present\u00e0 peces claus de la hist\u00f2ria del violoncel, instrument del qu\u00e8 Pau Casals deia:<\/p>\n<blockquote><p>El meu violoncel \u00e9s el meu amic,<br \/>\nel m\u00e9s estimat amic<\/p><\/blockquote>\n<p>Des de Bach, Vivaldi, Saint-Sa\u00ebns, fins a Pau Casals, un recorregut pels segles d&#8217;or de la m\u00fasica cl\u00e0ssica.<\/p>\n<p><iframe loading=\"lazy\" src=\"https:\/\/player.vimeo.com\/video\/159199332\" width=\"500\" height=\"281\" frameborder=\"0\" allowfullscreen=\"allowfullscreen\"><\/iframe><\/p>\n<p><iframe loading=\"lazy\" width=\"480\" height=\"360\" src=\"http:\/\/s879.photobucket.com\/user\/EscolaSantJulia\/embed\/slideshow\/2015-16\/SORTIDES\/CI_MUSEU%20PAU%20CASALS\"><\/iframe><\/p>\n<p>Despr\u00e9s v\u00e0rem visitar la casa-museu de Pau Casals, un refugi pel m\u00fasic, a qui li agradava molt estar al costat de la platja. All\u00e0 v\u00e0rem descobrir cartes de m\u00fasics famosos, premis i reconeixements, els seus violoncels,&#8230;<\/p>\n<p>Finalment, v\u00e0rem dinar i jug\u00e0rem una estoneta a la platja.<\/p>\n","protected":false},"excerpt":{"rendered":"<p>Els nens i nenes de cicle inicial varen anar a l&#8217;auditori i al Museu Pau Casals, a Sant Salvador. A l&#8217;auditori, una orquestra ens present\u00e0 peces claus de la hist\u00f2ria del violoncel, instrument del qu\u00e8 Pau Casals deia: El meu violoncel \u00e9s el meu amic, el m\u00e9s estimat amic Des de Bach, Vivaldi, Saint-Sa\u00ebns, fins [&hellip;]<\/p>\n","protected":false},"author":1,"featured_media":2392,"comment_status":"open","ping_status":"open","sticky":false,"template":"","format":"standard","meta":{"_bbp_topic_count":0,"_bbp_reply_count":0,"_bbp_total_topic_count":0,"_bbp_total_reply_count":0,"_bbp_voice_count":0,"_bbp_anonymous_reply_count":0,"_bbp_topic_count_hidden":0,"_bbp_reply_count_hidden":0,"_bbp_forum_subforum_count":0,"site-sidebar-layout":"default","site-content-layout":"","ast-site-content-layout":"","site-content-style":"default","site-sidebar-style":"default","ast-global-header-display":"","ast-banner-title-visibility":"","ast-main-header-display":"","ast-hfb-above-header-display":"","ast-hfb-below-header-display":"","ast-hfb-mobile-header-display":"","site-post-title":"","ast-breadcrumbs-content":"","ast-featured-img":"","footer-sml-layout":"","theme-transparent-header-meta":"","adv-header-id-meta":"","stick-header-meta":"","header-above-stick-meta":"","header-main-stick-meta":"","header-below-stick-meta":"","astra-migrate-meta-layouts":"default","ast-page-background-enabled":"default","ast-page-background-meta":{"desktop":{"background-color":"var(--ast-global-color-4)","background-image":"","background-repeat":"repeat","background-position":"center center","background-size":"auto","background-attachment":"scroll","background-type":"","background-media":"","overlay-type":"","overlay-color":"","overlay-opacity":"","overlay-gradient":""},"tablet":{"background-color":"","background-image":"","background-repeat":"repeat","background-position":"center center","background-size":"auto","background-attachment":"scroll","background-type":"","background-media":"","overlay-type":"","overlay-color":"","overlay-opacity":"","overlay-gradient":""},"mobile":{"background-color":"","background-image":"","background-repeat":"repeat","background-position":"center center","background-size":"auto","background-attachment":"scroll","background-type":"","background-media":"","overlay-type":"","overlay-color":"","overlay-opacity":"","overlay-gradient":""}},"ast-content-background-meta":{"desktop":{"background-color":"var(--ast-global-color-5)","background-image":"","background-repeat":"repeat","background-position":"center center","background-size":"auto","background-attachment":"scroll","background-type":"","background-media":"","overlay-type":"","overlay-color":"","overlay-opacity":"","overlay-gradient":""},"tablet":{"background-color":"var(--ast-global-color-5)","background-image":"","background-repeat":"repeat","background-position":"center center","background-size":"auto","background-attachment":"scroll","background-type":"","background-media":"","overlay-type":"","overlay-color":"","overlay-opacity":"","overlay-gradient":""},"mobile":{"background-color":"var(--ast-global-color-5)","background-image":"","background-repeat":"repeat","background-position":"center center","background-size":"auto","background-attachment":"scroll","background-type":"","background-media":"","overlay-type":"","overlay-color":"","overlay-opacity":"","overlay-gradient":""}},"footnotes":""},"categories":[190,1,11,10,34],"tags":[50,131,132,16],"class_list":["post-2388","post","type-post","status-publish","format-standard","has-post-thumbnail","hentry","category-curs-2015-16","category-general","category-2n","category-1r","category-sortides","tag-auditori","tag-museu","tag-musica","tag-sortides"],"post_mailing_queue_ids":[],"_links":{"self":[{"href":"https:\/\/agora.xtec.cat\/escolasantjulia\/wp-json\/wp\/v2\/posts\/2388","targetHints":{"allow":["GET"]}}],"collection":[{"href":"https:\/\/agora.xtec.cat\/escolasantjulia\/wp-json\/wp\/v2\/posts"}],"about":[{"href":"https:\/\/agora.xtec.cat\/escolasantjulia\/wp-json\/wp\/v2\/types\/post"}],"author":[{"embeddable":true,"href":"https:\/\/agora.xtec.cat\/escolasantjulia\/wp-json\/wp\/v2\/users\/1"}],"replies":[{"embeddable":true,"href":"https:\/\/agora.xtec.cat\/escolasantjulia\/wp-json\/wp\/v2\/comments?post=2388"}],"version-history":[{"count":3,"href":"https:\/\/agora.xtec.cat\/escolasantjulia\/wp-json\/wp\/v2\/posts\/2388\/revisions"}],"predecessor-version":[{"id":2395,"href":"https:\/\/agora.xtec.cat\/escolasantjulia\/wp-json\/wp\/v2\/posts\/2388\/revisions\/2395"}],"wp:featuredmedia":[{"embeddable":true,"href":"https:\/\/agora.xtec.cat\/escolasantjulia\/wp-json\/wp\/v2\/media\/2392"}],"wp:attachment":[{"href":"https:\/\/agora.xtec.cat\/escolasantjulia\/wp-json\/wp\/v2\/media?parent=2388"}],"wp:term":[{"taxonomy":"category","embeddable":true,"href":"https:\/\/agora.xtec.cat\/escolasantjulia\/wp-json\/wp\/v2\/categories?post=2388"},{"taxonomy":"post_tag","embeddable":true,"href":"https:\/\/agora.xtec.cat\/escolasantjulia\/wp-json\/wp\/v2\/tags?post=2388"}],"curies":[{"name":"wp","href":"https:\/\/api.w.org\/{rel}","templated":true}]}}