{"id":2322,"date":"2016-02-29T13:04:01","date_gmt":"2016-02-29T12:04:01","guid":{"rendered":"http:\/\/agora.xtec.cat\/escolasantjulia\/?p=2322"},"modified":"2019-09-18T13:19:59","modified_gmt":"2019-09-18T11:19:59","slug":"projecte-educatiu","status":"publish","type":"post","link":"https:\/\/agora.xtec.cat\/escolasantjulia\/docs_centre\/projecte-educatiu\/","title":{"rendered":"Projecte Educatiu de Centre (PEC)"},"content":{"rendered":"<p>El projecte educatiu del nostre centre \u00e9s el marc de refer\u00e8ncia per a la comunitat ja que, de manera clara, defineix els nostres trets d&#8217;identitat, formula els objectius que perseguim i expressa l&#8217;estructura organitzativa que adopta.<\/p>\n<p>D\u2019acord amb la <a title=\"Article 91 LEC\" href=\"http:\/\/www20.gencat.cat\/portal\/site\/portaljuridic\/menuitem.d15a4e5dfb99396dc366ec10b0c0e1a0\/?vgnextoid=b85297b5a87d6210VgnVCM1000000b0c1e0aRCRD&amp;vgnextchannel=b85297b5a87d6210VgnVCM1000000b0c1e0aRCRD&amp;vgnextfmt=default&amp;action=fitxa&amp;portalId=1&amp;documentId=480169&amp;newLang=ca_ES#fragment-1182442\" target=\"_blank\" rel=\"noopener noreferrer\">Llei d\u2019Educaci\u00f3 de Catalunya<\/a>, el projecte educatiu incorpora el car\u00e0cter propi del centre i ha de contenir com a m\u00ednim els elements seg\u00fcents:<\/p>\n<ul>\n<li>Criteris d\u2019ordenaci\u00f3 pedag\u00f2gica, prioritats i plantejaments educatius, procediments d\u2019inclusi\u00f3 i altres actuacions que caracteritzen el centre.<\/li>\n<li>Indicadors de progr\u00e9s.<\/li>\n<li>Concreci\u00f3 i desenvolupament dels curr\u00edculums.<\/li>\n<li>Criteris que defineixen l\u2019estructura organitzativa.<\/li>\n<li>Projecte ling\u00fc\u00edstic.<\/li>\n<li>Car\u00e0cter propi del centre.<\/li>\n<\/ul>\n<p><a href=\"https:\/\/drive.google.com\/file\/d\/1jFLqUNY2Vt7qeB59fSW4Wbk1F_iBGdEl\/view?usp=sharing\">Projecte Educatiu de centre<\/a><\/p>\n<p><iframe loading=\"lazy\" src=\"https:\/\/agora.xtec.cat\/escolasantjulia\/wp-content\/uploads\/usu423\/2016\/02\/PEC-ESCOLA-SANT-JULI\u00c0.pdf\" width=\"600\" height=\"500\"><span style=\"display: inline-block; width: 0px; overflow: hidden; line-height: 0;\" data-mce-type=\"bookmark\" class=\"mce_SELRES_start\">\ufeff<\/span><\/iframe><\/p>\n","protected":false},"excerpt":{"rendered":"<p>El projecte educatiu del nostre centre \u00e9s el marc de refer\u00e8ncia per a la comunitat ja que, de manera clara, defineix els nostres trets d&#8217;identitat, formula els objectius que perseguim i expressa l&#8217;estructura organitzativa que adopta. D\u2019acord amb la Llei d\u2019Educaci\u00f3 de Catalunya, el projecte educatiu incorpora el car\u00e0cter propi del centre i ha de [&hellip;]<\/p>\n","protected":false},"author":1,"featured_media":2323,"comment_status":"open","ping_status":"closed","sticky":true,"template":"","format":"standard","meta":{"_bbp_topic_count":0,"_bbp_reply_count":0,"_bbp_total_topic_count":0,"_bbp_total_reply_count":0,"_bbp_voice_count":0,"_bbp_anonymous_reply_count":0,"_bbp_topic_count_hidden":0,"_bbp_reply_count_hidden":0,"_bbp_forum_subforum_count":0,"site-sidebar-layout":"default","site-content-layout":"","ast-site-content-layout":"","site-content-style":"default","site-sidebar-style":"default","ast-global-header-display":"","ast-banner-title-visibility":"","ast-main-header-display":"","ast-hfb-above-header-display":"","ast-hfb-below-header-display":"","ast-hfb-mobile-header-display":"","site-post-title":"","ast-breadcrumbs-content":"","ast-featured-img":"","footer-sml-layout":"","theme-transparent-header-meta":"","adv-header-id-meta":"","stick-header-meta":"","header-above-stick-meta":"","header-main-stick-meta":"","header-below-stick-meta":"","astra-migrate-meta-layouts":"default","ast-page-background-enabled":"default","ast-page-background-meta":{"desktop":{"background-color":"var(--ast-global-color-4)","background-image":"","background-repeat":"repeat","background-position":"center center","background-size":"auto","background-attachment":"scroll","background-type":"","background-media":"","overlay-type":"","overlay-color":"","overlay-opacity":"","overlay-gradient":""},"tablet":{"background-color":"","background-image":"","background-repeat":"repeat","background-position":"center center","background-size":"auto","background-attachment":"scroll","background-type":"","background-media":"","overlay-type":"","overlay-color":"","overlay-opacity":"","overlay-gradient":""},"mobile":{"background-color":"","background-image":"","background-repeat":"repeat","background-position":"center center","background-size":"auto","background-attachment":"scroll","background-type":"","background-media":"","overlay-type":"","overlay-color":"","overlay-opacity":"","overlay-gradient":""}},"ast-content-background-meta":{"desktop":{"background-color":"var(--ast-global-color-5)","background-image":"","background-repeat":"repeat","background-position":"center center","background-size":"auto","background-attachment":"scroll","background-type":"","background-media":"","overlay-type":"","overlay-color":"","overlay-opacity":"","overlay-gradient":""},"tablet":{"background-color":"var(--ast-global-color-5)","background-image":"","background-repeat":"repeat","background-position":"center center","background-size":"auto","background-attachment":"scroll","background-type":"","background-media":"","overlay-type":"","overlay-color":"","overlay-opacity":"","overlay-gradient":""},"mobile":{"background-color":"var(--ast-global-color-5)","background-image":"","background-repeat":"repeat","background-position":"center center","background-size":"auto","background-attachment":"scroll","background-type":"","background-media":"","overlay-type":"","overlay-color":"","overlay-opacity":"","overlay-gradient":""}},"footnotes":""},"categories":[248],"tags":[249],"class_list":["post-2322","post","type-post","status-publish","format-standard","has-post-thumbnail","hentry","category-docs_centre","tag-documents"],"post_mailing_queue_ids":[],"_links":{"self":[{"href":"https:\/\/agora.xtec.cat\/escolasantjulia\/wp-json\/wp\/v2\/posts\/2322","targetHints":{"allow":["GET"]}}],"collection":[{"href":"https:\/\/agora.xtec.cat\/escolasantjulia\/wp-json\/wp\/v2\/posts"}],"about":[{"href":"https:\/\/agora.xtec.cat\/escolasantjulia\/wp-json\/wp\/v2\/types\/post"}],"author":[{"embeddable":true,"href":"https:\/\/agora.xtec.cat\/escolasantjulia\/wp-json\/wp\/v2\/users\/1"}],"replies":[{"embeddable":true,"href":"https:\/\/agora.xtec.cat\/escolasantjulia\/wp-json\/wp\/v2\/comments?post=2322"}],"version-history":[{"count":3,"href":"https:\/\/agora.xtec.cat\/escolasantjulia\/wp-json\/wp\/v2\/posts\/2322\/revisions"}],"predecessor-version":[{"id":3377,"href":"https:\/\/agora.xtec.cat\/escolasantjulia\/wp-json\/wp\/v2\/posts\/2322\/revisions\/3377"}],"wp:featuredmedia":[{"embeddable":true,"href":"https:\/\/agora.xtec.cat\/escolasantjulia\/wp-json\/wp\/v2\/media\/2323"}],"wp:attachment":[{"href":"https:\/\/agora.xtec.cat\/escolasantjulia\/wp-json\/wp\/v2\/media?parent=2322"}],"wp:term":[{"taxonomy":"category","embeddable":true,"href":"https:\/\/agora.xtec.cat\/escolasantjulia\/wp-json\/wp\/v2\/categories?post=2322"},{"taxonomy":"post_tag","embeddable":true,"href":"https:\/\/agora.xtec.cat\/escolasantjulia\/wp-json\/wp\/v2\/tags?post=2322"}],"curies":[{"name":"wp","href":"https:\/\/api.w.org\/{rel}","templated":true}]}}