{"id":2300,"date":"2016-02-25T12:49:35","date_gmt":"2016-02-25T11:49:35","guid":{"rendered":"http:\/\/agora.xtec.cat\/escolasantjulia\/?p=2300"},"modified":"2016-02-25T12:51:10","modified_gmt":"2016-02-25T11:51:10","slug":"carnaval-2016-a-p3","status":"publish","type":"post","link":"https:\/\/agora.xtec.cat\/escolasantjulia\/general\/carnaval-2016-a-p3\/","title":{"rendered":"Carnaval 2016 a P3"},"content":{"rendered":"<p>Els nens i nenes de P3 tamb\u00e9 v\u00e0rem celebrar mooolt el Carnaval! Mireu, mireu, qu\u00e8 b\u00e9 ens ho passem!!<\/p>\n<p><span style=\"color: #008000;\"><strong>DIJOUS GRAS<\/strong><\/span><br \/>\n<iframe loading=\"lazy\" src=\"http:\/\/s879.photobucket.com\/user\/EscolaSantJulia\/embed\/slideshow\/2015-16\/FESTES\/CARNAVAL%202016\/INFANTIL\/DIJOUS%20GRAS\" width=\"310\" height=\"310\"><\/iframe><\/p>\n<p><span style=\"color: #ff6600;\"><strong>DIVENDRES RUA MAT\u00cd<\/strong><\/span><br \/>\n<iframe loading=\"lazy\" src=\"http:\/\/s879.photobucket.com\/user\/EscolaSantJulia\/embed\/slideshow\/2015-16\/FESTES\/CARNAVAL%202016\/INFANTIL\/PREGO%20I%20RUA%20DIVENDRES\" width=\"310\" height=\"310\"><\/iframe><\/p>\n<p><iframe loading=\"lazy\" src=\"https:\/\/player.vimeo.com\/video\/155000246\" width=\"325\" height=\"325\" frameborder=\"0\" allowfullscreen=\"allowfullscreen\"><\/iframe> <iframe loading=\"lazy\" src=\"https:\/\/player.vimeo.com\/video\/155000245\" width=\"325\" height=\"325\" frameborder=\"0\" allowfullscreen=\"allowfullscreen\"><\/iframe><\/p>\n<p><strong><span style=\"color: #ff0000;\">DIVENDRES FESTA TARDA<\/span><\/strong><br \/>\n<iframe loading=\"lazy\" src=\"http:\/\/s879.photobucket.com\/user\/EscolaSantJulia\/embed\/slideshow\/2015-16\/FESTES\/CARNAVAL%202016\/INFANTIL\/FESTA%20TARDA%20DIVENDRES\" width=\"310\" height=\"310\"><\/iframe><\/p>\n<p><iframe loading=\"lazy\" src=\"https:\/\/player.vimeo.com\/video\/155000321\" width=\"325\" height=\"325\" frameborder=\"0\" allowfullscreen=\"allowfullscreen\"><\/iframe> <iframe loading=\"lazy\" src=\"https:\/\/player.vimeo.com\/video\/155000320\" width=\"325\" height=\"325\" frameborder=\"0\" allowfullscreen=\"allowfullscreen\"><\/iframe> <iframe loading=\"lazy\" src=\"https:\/\/player.vimeo.com\/video\/155000323\" width=\"325\" height=\"325\" frameborder=\"0\" allowfullscreen=\"allowfullscreen\"><\/iframe><\/p>\n","protected":false},"excerpt":{"rendered":"<p>Imatges i v\u00eddeos del Carnaval a P3<\/p>\n","protected":false},"author":1,"featured_media":2299,"comment_status":"open","ping_status":"open","sticky":false,"template":"","format":"standard","meta":{"_bbp_topic_count":0,"_bbp_reply_count":0,"_bbp_total_topic_count":0,"_bbp_total_reply_count":0,"_bbp_voice_count":0,"_bbp_anonymous_reply_count":0,"_bbp_topic_count_hidden":0,"_bbp_reply_count_hidden":0,"_bbp_forum_subforum_count":0,"site-sidebar-layout":"default","site-content-layout":"","ast-site-content-layout":"","site-content-style":"default","site-sidebar-style":"default","ast-global-header-display":"","ast-banner-title-visibility":"","ast-main-header-display":"","ast-hfb-above-header-display":"","ast-hfb-below-header-display":"","ast-hfb-mobile-header-display":"","site-post-title":"","ast-breadcrumbs-content":"","ast-featured-img":"","footer-sml-layout":"","theme-transparent-header-meta":"","adv-header-id-meta":"","stick-header-meta":"","header-above-stick-meta":"","header-main-stick-meta":"","header-below-stick-meta":"","astra-migrate-meta-layouts":"default","ast-page-background-enabled":"default","ast-page-background-meta":{"desktop":{"background-color":"var(--ast-global-color-4)","background-image":"","background-repeat":"repeat","background-position":"center center","background-size":"auto","background-attachment":"scroll","background-type":"","background-media":"","overlay-type":"","overlay-color":"","overlay-opacity":"","overlay-gradient":""},"tablet":{"background-color":"","background-image":"","background-repeat":"repeat","background-position":"center center","background-size":"auto","background-attachment":"scroll","background-type":"","background-media":"","overlay-type":"","overlay-color":"","overlay-opacity":"","overlay-gradient":""},"mobile":{"background-color":"","background-image":"","background-repeat":"repeat","background-position":"center center","background-size":"auto","background-attachment":"scroll","background-type":"","background-media":"","overlay-type":"","overlay-color":"","overlay-opacity":"","overlay-gradient":""}},"ast-content-background-meta":{"desktop":{"background-color":"var(--ast-global-color-5)","background-image":"","background-repeat":"repeat","background-position":"center center","background-size":"auto","background-attachment":"scroll","background-type":"","background-media":"","overlay-type":"","overlay-color":"","overlay-opacity":"","overlay-gradient":""},"tablet":{"background-color":"var(--ast-global-color-5)","background-image":"","background-repeat":"repeat","background-position":"center center","background-size":"auto","background-attachment":"scroll","background-type":"","background-media":"","overlay-type":"","overlay-color":"","overlay-opacity":"","overlay-gradient":""},"mobile":{"background-color":"var(--ast-global-color-5)","background-image":"","background-repeat":"repeat","background-position":"center center","background-size":"auto","background-attachment":"scroll","background-type":"","background-media":"","overlay-type":"","overlay-color":"","overlay-opacity":"","overlay-gradient":""}},"footnotes":""},"categories":[190,28,1,2,3],"tags":[58,99,132],"class_list":["post-2300","post","type-post","status-publish","format-standard","has-post-thumbnail","hentry","category-curs-2015-16","category-festes","category-general","category-infantil","category-p3","tag-carnaval","tag-festa","tag-musica"],"post_mailing_queue_ids":[],"_links":{"self":[{"href":"https:\/\/agora.xtec.cat\/escolasantjulia\/wp-json\/wp\/v2\/posts\/2300","targetHints":{"allow":["GET"]}}],"collection":[{"href":"https:\/\/agora.xtec.cat\/escolasantjulia\/wp-json\/wp\/v2\/posts"}],"about":[{"href":"https:\/\/agora.xtec.cat\/escolasantjulia\/wp-json\/wp\/v2\/types\/post"}],"author":[{"embeddable":true,"href":"https:\/\/agora.xtec.cat\/escolasantjulia\/wp-json\/wp\/v2\/users\/1"}],"replies":[{"embeddable":true,"href":"https:\/\/agora.xtec.cat\/escolasantjulia\/wp-json\/wp\/v2\/comments?post=2300"}],"version-history":[{"count":4,"href":"https:\/\/agora.xtec.cat\/escolasantjulia\/wp-json\/wp\/v2\/posts\/2300\/revisions"}],"predecessor-version":[{"id":2316,"href":"https:\/\/agora.xtec.cat\/escolasantjulia\/wp-json\/wp\/v2\/posts\/2300\/revisions\/2316"}],"wp:featuredmedia":[{"embeddable":true,"href":"https:\/\/agora.xtec.cat\/escolasantjulia\/wp-json\/wp\/v2\/media\/2299"}],"wp:attachment":[{"href":"https:\/\/agora.xtec.cat\/escolasantjulia\/wp-json\/wp\/v2\/media?parent=2300"}],"wp:term":[{"taxonomy":"category","embeddable":true,"href":"https:\/\/agora.xtec.cat\/escolasantjulia\/wp-json\/wp\/v2\/categories?post=2300"},{"taxonomy":"post_tag","embeddable":true,"href":"https:\/\/agora.xtec.cat\/escolasantjulia\/wp-json\/wp\/v2\/tags?post=2300"}],"curies":[{"name":"wp","href":"https:\/\/api.w.org\/{rel}","templated":true}]}}