{"id":2287,"date":"2016-02-02T23:52:00","date_gmt":"2016-02-02T22:52:00","guid":{"rendered":"http:\/\/agora.xtec.cat\/escolasantjulia\/?p=2287"},"modified":"2016-02-19T13:10:45","modified_gmt":"2016-02-19T12:10:45","slug":"festa-de-la-pau","status":"publish","type":"post","link":"https:\/\/agora.xtec.cat\/escolasantjulia\/general\/festa-de-la-pau\/","title":{"rendered":"Festa de la Pau"},"content":{"rendered":"<p>Com cada any, els alumnes i mestres de la nostra escola han sortit a celebrar el <strong><span style=\"color: #ff6600;\">Dia Internacional de la Pau<\/span>. <\/strong><\/p>\n<p>Durant la setmana han escrit uns missatges de Pau que han penjat a l\u2019entrada de l\u2019escola per tal de recordar-nos-en dia a dia. Cada cop que hi passem ens servir\u00e0 de lectura i recordatori que, com va dir<strong><span style=\"color: #008000;\"> Gandhi, \u201cNo hi ha cam\u00ed per la Pau, la Pau \u00e9s el cam\u00ed\u201d<\/span>.<\/strong><\/p>\n<p>A la tarda, tots junts vam cantar la can\u00e7\u00f3 <strong><span style=\"color: #ff0000;\">Somnis d\u2019Infant d\u2019en Tom\u00e0s Gonz\u00e1lez<\/span>. <\/strong>La vam cantar en cadena, cada grup feia una part. Finalment, vam enganxar en els arbres la lletra de la can\u00e7\u00f3 i missatges de Pau i No Guerra com a cloenda de festa.<\/p>\n<p>Aqu\u00ed en teniu una mostra, esperem que us agradi.<\/p>\n<p><iframe loading=\"lazy\" src=\"https:\/\/player.vimeo.com\/video\/153977648\" width=\"500\" height=\"281\" frameborder=\"0\" allowfullscreen=\"allowfullscreen\"><\/iframe><\/p>\n<p>Link de la can\u00e7\u00f3:<\/p>\n<p><a href=\"https:\/\/www.youtube.com\/watch?v=07LrMpHNq1o\">https:\/\/www.youtube.com\/watch?v=07LrMpHNq1o<\/a><\/p>\n<p>Link de la can\u00e7\u00f3 amb la lletra per si la voleu cantar<\/p>\n<p><a href=\"https:\/\/www.youtube.com\/watch?v=OWp_PJkzaMU\">https:\/\/www.youtube.com\/watch?v=OWp_PJkzaMU<\/a><\/p>\n","protected":false},"excerpt":{"rendered":"<p>Com cada any, els alumnes i mestres de la nostra escola han sortit a celebrar el Dia Internacional de la Pau. Durant la setmana han escrit uns missatges de Pau que han penjat a l\u2019entrada de l\u2019escola per tal de recordar-nos-en dia a dia. Cada cop que hi passem ens servir\u00e0 de lectura i recordatori [&hellip;]<\/p>\n","protected":false},"author":1,"featured_media":0,"comment_status":"open","ping_status":"open","sticky":false,"template":"","format":"standard","meta":{"_bbp_topic_count":0,"_bbp_reply_count":0,"_bbp_total_topic_count":0,"_bbp_total_reply_count":0,"_bbp_voice_count":0,"_bbp_anonymous_reply_count":0,"_bbp_topic_count_hidden":0,"_bbp_reply_count_hidden":0,"_bbp_forum_subforum_count":0,"site-sidebar-layout":"default","site-content-layout":"","ast-site-content-layout":"","site-content-style":"default","site-sidebar-style":"default","ast-global-header-display":"","ast-banner-title-visibility":"","ast-main-header-display":"","ast-hfb-above-header-display":"","ast-hfb-below-header-display":"","ast-hfb-mobile-header-display":"","site-post-title":"","ast-breadcrumbs-content":"","ast-featured-img":"","footer-sml-layout":"","theme-transparent-header-meta":"","adv-header-id-meta":"","stick-header-meta":"","header-above-stick-meta":"","header-main-stick-meta":"","header-below-stick-meta":"","astra-migrate-meta-layouts":"default","ast-page-background-enabled":"default","ast-page-background-meta":{"desktop":{"background-color":"var(--ast-global-color-4)","background-image":"","background-repeat":"repeat","background-position":"center center","background-size":"auto","background-attachment":"scroll","background-type":"","background-media":"","overlay-type":"","overlay-color":"","overlay-opacity":"","overlay-gradient":""},"tablet":{"background-color":"","background-image":"","background-repeat":"repeat","background-position":"center center","background-size":"auto","background-attachment":"scroll","background-type":"","background-media":"","overlay-type":"","overlay-color":"","overlay-opacity":"","overlay-gradient":""},"mobile":{"background-color":"","background-image":"","background-repeat":"repeat","background-position":"center center","background-size":"auto","background-attachment":"scroll","background-type":"","background-media":"","overlay-type":"","overlay-color":"","overlay-opacity":"","overlay-gradient":""}},"ast-content-background-meta":{"desktop":{"background-color":"var(--ast-global-color-5)","background-image":"","background-repeat":"repeat","background-position":"center center","background-size":"auto","background-attachment":"scroll","background-type":"","background-media":"","overlay-type":"","overlay-color":"","overlay-opacity":"","overlay-gradient":""},"tablet":{"background-color":"var(--ast-global-color-5)","background-image":"","background-repeat":"repeat","background-position":"center center","background-size":"auto","background-attachment":"scroll","background-type":"","background-media":"","overlay-type":"","overlay-color":"","overlay-opacity":"","overlay-gradient":""},"mobile":{"background-color":"var(--ast-global-color-5)","background-image":"","background-repeat":"repeat","background-position":"center center","background-size":"auto","background-attachment":"scroll","background-type":"","background-media":"","overlay-type":"","overlay-color":"","overlay-opacity":"","overlay-gradient":""}},"footnotes":""},"categories":[190,28,1,3,8,9,15,14,13,12,11,10],"tags":[55,99,141,181],"class_list":["post-2287","post","type-post","status-publish","format-standard","hentry","category-curs-2015-16","category-festes","category-general","category-p3","category-p4","category-p5","category-6e","category-5e","category-4t","category-3r","category-2n","category-1r","tag-canco","tag-festa","tag-pau","tag-valors"],"post_mailing_queue_ids":[],"_links":{"self":[{"href":"https:\/\/agora.xtec.cat\/escolasantjulia\/wp-json\/wp\/v2\/posts\/2287","targetHints":{"allow":["GET"]}}],"collection":[{"href":"https:\/\/agora.xtec.cat\/escolasantjulia\/wp-json\/wp\/v2\/posts"}],"about":[{"href":"https:\/\/agora.xtec.cat\/escolasantjulia\/wp-json\/wp\/v2\/types\/post"}],"author":[{"embeddable":true,"href":"https:\/\/agora.xtec.cat\/escolasantjulia\/wp-json\/wp\/v2\/users\/1"}],"replies":[{"embeddable":true,"href":"https:\/\/agora.xtec.cat\/escolasantjulia\/wp-json\/wp\/v2\/comments?post=2287"}],"version-history":[{"count":3,"href":"https:\/\/agora.xtec.cat\/escolasantjulia\/wp-json\/wp\/v2\/posts\/2287\/revisions"}],"predecessor-version":[{"id":2310,"href":"https:\/\/agora.xtec.cat\/escolasantjulia\/wp-json\/wp\/v2\/posts\/2287\/revisions\/2310"}],"wp:attachment":[{"href":"https:\/\/agora.xtec.cat\/escolasantjulia\/wp-json\/wp\/v2\/media?parent=2287"}],"wp:term":[{"taxonomy":"category","embeddable":true,"href":"https:\/\/agora.xtec.cat\/escolasantjulia\/wp-json\/wp\/v2\/categories?post=2287"},{"taxonomy":"post_tag","embeddable":true,"href":"https:\/\/agora.xtec.cat\/escolasantjulia\/wp-json\/wp\/v2\/tags?post=2287"}],"curies":[{"name":"wp","href":"https:\/\/api.w.org\/{rel}","templated":true}]}}