{"id":2200,"date":"2015-12-10T19:50:46","date_gmt":"2015-12-10T18:50:46","guid":{"rendered":"http:\/\/agora.xtec.cat\/escolasantjulia\/?p=2200"},"modified":"2016-02-25T12:56:24","modified_gmt":"2016-02-25T11:56:24","slug":"mes-castanyada","status":"publish","type":"post","link":"https:\/\/agora.xtec.cat\/escolasantjulia\/general\/mes-castanyada\/","title":{"rendered":"M\u00e9s Castanyada"},"content":{"rendered":"<p>Us mostrem m\u00e9s imatges de la celebraci\u00f3 de la Castanyada d&#8217;enguany. S\u00f3n fotografies i v\u00eddeos d&#8217;infantil i de 3rA de Prim\u00e0ria i\u00a0tamb\u00e9 hi ha fotos de l&#8217;esmorzar conjunt amb els nens i nenes de Prim\u00e0ria.<\/p>\n<p><strong><span style=\"color: #ff0000;\">INFANTIL<\/span><\/strong><\/p>\n<p><strong><span style=\"color: #ff6600;\">L&#8217;ASSAIG DE LES DANSES<\/span><\/strong><br \/>\n<a href=\"http:\/\/s879.photobucket.com\/user\/EscolaSantJulia\/media\/2015-16\/FESTES\/CASTANYADA\/CASTANYADA_P5\/Dansa\/DSC02471_zpsn9jqptp3.jpg.html\" target=\"_blank\"><img loading=\"lazy\" decoding=\"async\" class=\"alignleft\" src=\"http:\/\/i879.photobucket.com\/albums\/ab352\/EscolaSantJulia\/2015-16\/FESTES\/CASTANYADA\/CASTANYADA_P5\/Dansa\/DSC02471_zpsn9jqptp3.jpg\" alt=\" photo DSC02471_zpsn9jqptp3.jpg\" width=\"204\" height=\"153\" border=\"0\" \/><\/a> <a href=\"http:\/\/s879.photobucket.com\/user\/EscolaSantJulia\/media\/2015-16\/FESTES\/CASTANYADA\/CASTANYADA_P5\/Dansa\/DSC02472_zpsxk32qagr.jpg.html\" target=\"_blank\"><img loading=\"lazy\" decoding=\"async\" class=\"\" src=\"http:\/\/i879.photobucket.com\/albums\/ab352\/EscolaSantJulia\/2015-16\/FESTES\/CASTANYADA\/CASTANYADA_P5\/Dansa\/DSC02472_zpsxk32qagr.jpg\" alt=\" photo DSC02472_zpsxk32qagr.jpg\" width=\"203\" height=\"152\" border=\"0\" \/><\/a> <a href=\"http:\/\/s879.photobucket.com\/user\/EscolaSantJulia\/media\/2015-16\/FESTES\/CASTANYADA\/CASTANYADA_P5\/Dansa\/DSC02473_zpsdvtawzdx.jpg.html\" target=\"_blank\"><img loading=\"lazy\" decoding=\"async\" class=\"\" src=\"http:\/\/i879.photobucket.com\/albums\/ab352\/EscolaSantJulia\/2015-16\/FESTES\/CASTANYADA\/CASTANYADA_P5\/Dansa\/DSC02473_zpsdvtawzdx.jpg\" alt=\" photo DSC02473_zpsdvtawzdx.jpg\" width=\"202\" height=\"151\" border=\"0\" \/><\/a> <a href=\"http:\/\/s879.photobucket.com\/user\/EscolaSantJulia\/media\/2015-16\/FESTES\/CASTANYADA\/CASTANYADA_P5\/Dansa\/DSC02474_zpsmahknrro.jpg.html\" target=\"_blank\"><img loading=\"lazy\" decoding=\"async\" class=\"\" src=\"http:\/\/i879.photobucket.com\/albums\/ab352\/EscolaSantJulia\/2015-16\/FESTES\/CASTANYADA\/CASTANYADA_P5\/Dansa\/DSC02474_zpsmahknrro.jpg\" alt=\" photo DSC02474_zpsmahknrro.jpg\" width=\"200\" height=\"150\" border=\"0\" \/><\/a><\/p>\n<p><iframe loading=\"lazy\" src=\"https:\/\/www.youtube.com\/embed\/kDfEWbkNlrI\" width=\"302\" height=\"302\" frameborder=\"0\" allowfullscreen=\"allowfullscreen\"><\/iframe> <iframe loading=\"lazy\" src=\"https:\/\/www.youtube.com\/embed\/u5UM4JEHfGk\" width=\"302\" height=\"302\" frameborder=\"0\" allowfullscreen=\"allowfullscreen\"><\/iframe><\/p>\n<p><strong><span style=\"color: #ff6600;\">L&#8217;ESMORZAR<\/span><\/strong>\u00a0 \u00a0 \u00a0 \u00a0 \u00a0 \u00a0 \u00a0 \u00a0 \u00a0 \u00a0 \u00a0 \u00a0 \u00a0 \u00a0 \u00a0 \u00a0 \u00a0 \u00a0 \u00a0 \u00a0 \u00a0 \u00a0 \u00a0 \u00a0 \u00a0 \u00a0 \u00a0 \u00a0 \u00a0 \u00a0 \u00a0<strong><span style=\"color: #ff6600;\">CASTANYADA DE P5<\/span><\/strong><br \/>\n<iframe loading=\"lazy\" src=\"http:\/\/s879.photobucket.com\/user\/EscolaSantJulia\/embed\/slideshow\/2015-16\/FESTES\/CASTANYADA\/CASTANYADA_P5\/Esmorzar\" width=\"312\" height=\"312\"><\/iframe> <iframe loading=\"lazy\" src=\"http:\/\/s879.photobucket.com\/user\/EscolaSantJulia\/embed\/slideshow\/2015-16\/FESTES\/CASTANYADA\/CASTANYADA_P5\/Castanyada%20P5\" width=\"311\" height=\"311\"><\/iframe><\/p>\n<p><strong><span style=\"color: #ff0000;\">PRIM\u00c0RIA<\/span><\/strong><\/p>\n<p>La classe de 3r A ha participat en l\u2019esmorzar col\u00b7lectiu elaborant a l\u2019aula unes torrades de crema de xocolata amb ametlles trossejades. Estaven una mica nerviosos per si es trencaven moltes torrades, per\u00f2 &#8230; ha anat molt b\u00e9!<br \/>\nEstaven mooolt bones!!<br \/>\nQuan hem baixat al pati les altres torrades, han tingut molt d\u2019\u00e8xit i en un moment han desaparegut.<\/p>\n<p><iframe loading=\"lazy\" src=\"http:\/\/s879.photobucket.com\/user\/EscolaSantJulia\/embed\/slideshow\/2015-16\/FESTES\/CASTANYADA\/3rA_Castanyada\" width=\"313\" height=\"313\"><\/iframe><\/p>\n","protected":false},"excerpt":{"rendered":"<p>Us mostrem m\u00e9s imatges de la celebraci\u00f3 de la Castanyada d&#8217;enguany. S\u00f3n fotografies i v\u00eddeos d&#8217;infantil i de 3rA de Prim\u00e0ria i\u00a0tamb\u00e9 hi ha fotos de l&#8217;esmorzar conjunt amb els nens i nenes de Prim\u00e0ria. INFANTIL L&#8217;ASSAIG DE LES DANSES L&#8217;ESMORZAR\u00a0 \u00a0 \u00a0 \u00a0 \u00a0 \u00a0 \u00a0 \u00a0 \u00a0 \u00a0 \u00a0 \u00a0 \u00a0 \u00a0 \u00a0 [&hellip;]<\/p>\n","protected":false},"author":1,"featured_media":0,"comment_status":"open","ping_status":"open","sticky":false,"template":"","format":"standard","meta":{"_bbp_topic_count":0,"_bbp_reply_count":0,"_bbp_total_topic_count":0,"_bbp_total_reply_count":0,"_bbp_voice_count":0,"_bbp_anonymous_reply_count":0,"_bbp_topic_count_hidden":0,"_bbp_reply_count_hidden":0,"_bbp_forum_subforum_count":0,"site-sidebar-layout":"default","site-content-layout":"","ast-site-content-layout":"","site-content-style":"default","site-sidebar-style":"default","ast-global-header-display":"","ast-banner-title-visibility":"","ast-main-header-display":"","ast-hfb-above-header-display":"","ast-hfb-below-header-display":"","ast-hfb-mobile-header-display":"","site-post-title":"","ast-breadcrumbs-content":"","ast-featured-img":"","footer-sml-layout":"","theme-transparent-header-meta":"","adv-header-id-meta":"","stick-header-meta":"","header-above-stick-meta":"","header-main-stick-meta":"","header-below-stick-meta":"","astra-migrate-meta-layouts":"default","ast-page-background-enabled":"default","ast-page-background-meta":{"desktop":{"background-color":"var(--ast-global-color-4)","background-image":"","background-repeat":"repeat","background-position":"center center","background-size":"auto","background-attachment":"scroll","background-type":"","background-media":"","overlay-type":"","overlay-color":"","overlay-opacity":"","overlay-gradient":""},"tablet":{"background-color":"","background-image":"","background-repeat":"repeat","background-position":"center center","background-size":"auto","background-attachment":"scroll","background-type":"","background-media":"","overlay-type":"","overlay-color":"","overlay-opacity":"","overlay-gradient":""},"mobile":{"background-color":"","background-image":"","background-repeat":"repeat","background-position":"center center","background-size":"auto","background-attachment":"scroll","background-type":"","background-media":"","overlay-type":"","overlay-color":"","overlay-opacity":"","overlay-gradient":""}},"ast-content-background-meta":{"desktop":{"background-color":"var(--ast-global-color-5)","background-image":"","background-repeat":"repeat","background-position":"center center","background-size":"auto","background-attachment":"scroll","background-type":"","background-media":"","overlay-type":"","overlay-color":"","overlay-opacity":"","overlay-gradient":""},"tablet":{"background-color":"var(--ast-global-color-5)","background-image":"","background-repeat":"repeat","background-position":"center center","background-size":"auto","background-attachment":"scroll","background-type":"","background-media":"","overlay-type":"","overlay-color":"","overlay-opacity":"","overlay-gradient":""},"mobile":{"background-color":"var(--ast-global-color-5)","background-image":"","background-repeat":"repeat","background-position":"center center","background-size":"auto","background-attachment":"scroll","background-type":"","background-media":"","overlay-type":"","overlay-color":"","overlay-opacity":"","overlay-gradient":""}},"footnotes":""},"categories":[28,1,2,3,8,9,5,12],"tags":[55,59,79,99,132],"class_list":["post-2200","post","type-post","status-publish","format-standard","hentry","category-festes","category-general","category-infantil","category-p3","category-p4","category-p5","category-primaria","category-3r","tag-canco","tag-castanyada","tag-dansa","tag-festa","tag-musica"],"post_mailing_queue_ids":[],"_links":{"self":[{"href":"https:\/\/agora.xtec.cat\/escolasantjulia\/wp-json\/wp\/v2\/posts\/2200","targetHints":{"allow":["GET"]}}],"collection":[{"href":"https:\/\/agora.xtec.cat\/escolasantjulia\/wp-json\/wp\/v2\/posts"}],"about":[{"href":"https:\/\/agora.xtec.cat\/escolasantjulia\/wp-json\/wp\/v2\/types\/post"}],"author":[{"embeddable":true,"href":"https:\/\/agora.xtec.cat\/escolasantjulia\/wp-json\/wp\/v2\/users\/1"}],"replies":[{"embeddable":true,"href":"https:\/\/agora.xtec.cat\/escolasantjulia\/wp-json\/wp\/v2\/comments?post=2200"}],"version-history":[{"count":4,"href":"https:\/\/agora.xtec.cat\/escolasantjulia\/wp-json\/wp\/v2\/posts\/2200\/revisions"}],"predecessor-version":[{"id":2214,"href":"https:\/\/agora.xtec.cat\/escolasantjulia\/wp-json\/wp\/v2\/posts\/2200\/revisions\/2214"}],"wp:attachment":[{"href":"https:\/\/agora.xtec.cat\/escolasantjulia\/wp-json\/wp\/v2\/media?parent=2200"}],"wp:term":[{"taxonomy":"category","embeddable":true,"href":"https:\/\/agora.xtec.cat\/escolasantjulia\/wp-json\/wp\/v2\/categories?post=2200"},{"taxonomy":"post_tag","embeddable":true,"href":"https:\/\/agora.xtec.cat\/escolasantjulia\/wp-json\/wp\/v2\/tags?post=2200"}],"curies":[{"name":"wp","href":"https:\/\/api.w.org\/{rel}","templated":true}]}}