{"id":2180,"date":"2015-12-02T16:34:35","date_gmt":"2015-12-02T15:34:35","guid":{"rendered":"http:\/\/agora.xtec.cat\/escolasantjulia\/?p=2180"},"modified":"2015-12-03T17:14:12","modified_gmt":"2015-12-03T16:14:12","slug":"els-ambients-deducacio-infantil","status":"publish","type":"post","link":"https:\/\/agora.xtec.cat\/escolasantjulia\/general\/els-ambients-deducacio-infantil\/","title":{"rendered":"Els ambients d&#8217;educaci\u00f3 infantil"},"content":{"rendered":"<p>Com b\u00e9 ja sabeu, l&#8217;any passat vam iniciar-nos en el treball per ambients. Estem conven\u00e7uts de fer aquest treball, ja que creiem que amb els ambients afavorim l&#8217;inclusi\u00f3.<br \/>\n<strong>Per\u00f2, qu\u00e8 s\u00f3n exactament els ambients?<\/strong><br \/>\nEls ambients s\u00f3n espais preparats pels mestres, amb gran quantitat de materials i amb un entorn acollidor que permet que els infants puguin construir els seus propis aprenentatges a trav\u00e9s del joc, l\u2019experimentaci\u00f3, el treball cooperatiu, la construcci\u00f3 i la socioconstrucci\u00f3.<br \/>\nEls ambients s\u00f3n entorns estimulants on els infants es poden moure lliurement, escollir i desenvolupar-se d\u2019una forma natural en relaci\u00f3 als seus interessos i motivacions. S\u00f3n espais que respecten la diversitat i que tenen en compte en tot moment el ritme individual de cada infant.<br \/>\n<strong>Qu\u00e8 ens permeten els ambients?<\/strong><br \/>\nD\u2019aquesta manera permetem el respecte envers l\u2019Infant, l\u2019autonomia que necessiten per satisfer les seves aut\u00e8ntiques necessitats i tamb\u00e9 prendre decisions sense la directivitat de l\u2019adult.<br \/>\nPropicien la construcci\u00f3 del coneixement individual i compartit, de les habilitats i les capacitats pr\u00f2pies de l\u2019edat a l\u2019entorn dels seg\u00fcents eixos:<br \/>\n&#8211; Aprendre a ser i actuar d\u2019una manera m\u00e9s aut\u00f2noma.<br \/>\n&#8211; Aprendre a pensar i comunicar<br \/>\n&#8211; Aprendre a descobrir i tenir iniciativa<br \/>\n&#8211; Aprendre a conviure i habitar el m\u00f3n.<br \/>\nPoden experimentar els diferents usos i funcions dels llenguatges en un ambient favorable i acollidor; on observar, escoltar, parlar, expressar, comunicar, interpretar, representar i crear.<br \/>\n<strong>Com organitzem els ambients?<\/strong><br \/>\nCreem diferents ambients d\u2019aprenentatge on el contingut de cadascun d\u2019ells est\u00e0 en relaci\u00f3 a cercar la motivaci\u00f3 i l\u2019experimentaci\u00f3 dels nostres alumnes. Les activitats contemplen que el professorat i l\u2019alumnat gaudeixin, comparteixin, experimentin, observin, treballin, creixin&#8230;.. Els grups de treball son heterogenis, barrejant alumnes de diferents nivells (P3, P4 i P5) i la flexibilitat, davant dels ritmes d&#8217;aprenentatge entre d&#8217;altres factors, ser\u00e0 la base principal de l\u2019organitzaci\u00f3 escolar pel que fa a espais , recursos personals i materials.<br \/>\n<strong>Quins ambients tenim?<\/strong><br \/>\n&#8211; <strong>Tot sona<\/strong> (llenguatge musical i expressi\u00f3 corporal)<br \/>\n&#8211; <strong>Experimentaci\u00f3<\/strong> (pensament cient\u00edfic)<br \/>\n&#8211; <strong>Raonem<\/strong> (llenguatge matem\u00e0tic)<br \/>\n&#8211; <strong>Petits artistes<\/strong> (creaci\u00f3 a partir de les arts pl\u00e0stiques)<br \/>\n&#8211; <strong>Obrador<\/strong> (creaci\u00f3 art\u00edstica a partir del volum)<br \/>\n&#8211; <strong>Expressi\u00f3<\/strong> (llenguatge verbal)<br \/>\n&#8211; <strong>Arquitecte<\/strong> (construccions)<br \/>\n&#8211; <strong>Joc simb\u00f2lic<\/strong> (imitaci\u00f3 de rols del nostre entorn proper)<br \/>\nM\u00e9s endavant farem explicaci\u00f3 m\u00e9s concreta de cadascun dels ambients. Per\u00f2 de moment us deixem un tastet d&#8217;imatges de com treballem als diferents ambients.<\/p>\n<p><iframe loading=\"lazy\" src=\"http:\/\/s1030.photobucket.com\/user\/Laiueta\/embed\/slideshow\/Els%20ambients\" width=\"480\" height=\"360\"><\/iframe><\/p>\n","protected":false},"excerpt":{"rendered":"<p>Com b\u00e9 ja sabeu, l&#8217;any passat vam iniciar-nos en el treball per ambients. Estem conven\u00e7uts de fer aquest treball, ja que creiem que amb els ambients afavorim l&#8217;inclusi\u00f3. Per\u00f2, qu\u00e8 s\u00f3n exactament els ambients? Els ambients s\u00f3n espais preparats pels mestres, amb gran quantitat de materials i amb un entorn acollidor que permet que els [&hellip;]<\/p>\n","protected":false},"author":1,"featured_media":2193,"comment_status":"open","ping_status":"open","sticky":false,"template":"","format":"standard","meta":{"_bbp_topic_count":0,"_bbp_reply_count":0,"_bbp_total_topic_count":0,"_bbp_total_reply_count":0,"_bbp_voice_count":0,"_bbp_anonymous_reply_count":0,"_bbp_topic_count_hidden":0,"_bbp_reply_count_hidden":0,"_bbp_forum_subforum_count":0,"site-sidebar-layout":"default","site-content-layout":"","ast-site-content-layout":"","site-content-style":"default","site-sidebar-style":"default","ast-global-header-display":"","ast-banner-title-visibility":"","ast-main-header-display":"","ast-hfb-above-header-display":"","ast-hfb-below-header-display":"","ast-hfb-mobile-header-display":"","site-post-title":"","ast-breadcrumbs-content":"","ast-featured-img":"","footer-sml-layout":"","theme-transparent-header-meta":"","adv-header-id-meta":"","stick-header-meta":"","header-above-stick-meta":"","header-main-stick-meta":"","header-below-stick-meta":"","astra-migrate-meta-layouts":"default","ast-page-background-enabled":"default","ast-page-background-meta":{"desktop":{"background-color":"var(--ast-global-color-4)","background-image":"","background-repeat":"repeat","background-position":"center center","background-size":"auto","background-attachment":"scroll","background-type":"","background-media":"","overlay-type":"","overlay-color":"","overlay-opacity":"","overlay-gradient":""},"tablet":{"background-color":"","background-image":"","background-repeat":"repeat","background-position":"center center","background-size":"auto","background-attachment":"scroll","background-type":"","background-media":"","overlay-type":"","overlay-color":"","overlay-opacity":"","overlay-gradient":""},"mobile":{"background-color":"","background-image":"","background-repeat":"repeat","background-position":"center center","background-size":"auto","background-attachment":"scroll","background-type":"","background-media":"","overlay-type":"","overlay-color":"","overlay-opacity":"","overlay-gradient":""}},"ast-content-background-meta":{"desktop":{"background-color":"var(--ast-global-color-5)","background-image":"","background-repeat":"repeat","background-position":"center center","background-size":"auto","background-attachment":"scroll","background-type":"","background-media":"","overlay-type":"","overlay-color":"","overlay-opacity":"","overlay-gradient":""},"tablet":{"background-color":"var(--ast-global-color-5)","background-image":"","background-repeat":"repeat","background-position":"center center","background-size":"auto","background-attachment":"scroll","background-type":"","background-media":"","overlay-type":"","overlay-color":"","overlay-opacity":"","overlay-gradient":""},"mobile":{"background-color":"var(--ast-global-color-5)","background-image":"","background-repeat":"repeat","background-position":"center center","background-size":"auto","background-attachment":"scroll","background-type":"","background-media":"","overlay-type":"","overlay-color":"","overlay-opacity":"","overlay-gradient":""}},"footnotes":""},"categories":[35,21,1,2,3,8,9],"tags":[237],"class_list":["post-2180","post","type-post","status-publish","format-standard","has-post-thumbnail","hentry","category-activitats-a-laula","category-activitats-escola","category-general","category-infantil","category-p3","category-p4","category-p5","tag-ambients"],"post_mailing_queue_ids":[],"_links":{"self":[{"href":"https:\/\/agora.xtec.cat\/escolasantjulia\/wp-json\/wp\/v2\/posts\/2180","targetHints":{"allow":["GET"]}}],"collection":[{"href":"https:\/\/agora.xtec.cat\/escolasantjulia\/wp-json\/wp\/v2\/posts"}],"about":[{"href":"https:\/\/agora.xtec.cat\/escolasantjulia\/wp-json\/wp\/v2\/types\/post"}],"author":[{"embeddable":true,"href":"https:\/\/agora.xtec.cat\/escolasantjulia\/wp-json\/wp\/v2\/users\/1"}],"replies":[{"embeddable":true,"href":"https:\/\/agora.xtec.cat\/escolasantjulia\/wp-json\/wp\/v2\/comments?post=2180"}],"version-history":[{"count":5,"href":"https:\/\/agora.xtec.cat\/escolasantjulia\/wp-json\/wp\/v2\/posts\/2180\/revisions"}],"predecessor-version":[{"id":2197,"href":"https:\/\/agora.xtec.cat\/escolasantjulia\/wp-json\/wp\/v2\/posts\/2180\/revisions\/2197"}],"wp:featuredmedia":[{"embeddable":true,"href":"https:\/\/agora.xtec.cat\/escolasantjulia\/wp-json\/wp\/v2\/media\/2193"}],"wp:attachment":[{"href":"https:\/\/agora.xtec.cat\/escolasantjulia\/wp-json\/wp\/v2\/media?parent=2180"}],"wp:term":[{"taxonomy":"category","embeddable":true,"href":"https:\/\/agora.xtec.cat\/escolasantjulia\/wp-json\/wp\/v2\/categories?post=2180"},{"taxonomy":"post_tag","embeddable":true,"href":"https:\/\/agora.xtec.cat\/escolasantjulia\/wp-json\/wp\/v2\/tags?post=2180"}],"curies":[{"name":"wp","href":"https:\/\/api.w.org\/{rel}","templated":true}]}}