{"id":1648,"date":"2011-04-26T13:23:12","date_gmt":"2011-04-26T11:23:12","guid":{"rendered":"http:\/\/blocs.xtec.cat\/ceipstjulia\/?p=148"},"modified":"2011-04-26T13:23:12","modified_gmt":"2011-04-26T11:23:12","slug":"avancem-cap-al-residu-0","status":"publish","type":"post","link":"https:\/\/agora.xtec.cat\/escolasantjulia\/general\/avancem-cap-al-residu-0\/","title":{"rendered":"Avancem cap al residu 0"},"content":{"rendered":"<p>ES PRESENTA A L\u2019ARBO\u00c7 L\u2019ESTRAT\u00c8GIA CATALANA \u201cRESIDU ZERO\u201d<\/p>\n<p>En el marc dels actes organitzats per commemorar els dos anys de la<br \/>\nimplantaci\u00f3 del sistema de recollida \u201cporta a porta\u201d a l\u2019Arbo\u00e7, es va presentar<br \/>\nl\u2019Estrat\u00e8gia Catalana \u201cResidu Zero\u201d per part de Merc\u00e8 Girona, presidenta de la<br \/>\nFundaci\u00f3 Catalana Prevenci\u00f3 de Residus i Consum Responsable.<\/p>\n<p>Merc\u00e8 Girona va manifestar que \u201cl\u2019Estrat\u00e8gia \u201cResidu Zero\u201d va m\u00e9s enll\u00e0<br \/>\nde la recollida selectiva i el reciclatge dons, en un mon amb recursos finits i<br \/>\ndemanada creixent, fins hi tot una economia basada totalment en el reciclatge<br \/>\nno podr\u00e0 ser sostenible; \u00e9s necessari treballar en la prevenci\u00f3 de residus<br \/>\nmunicipals\u201d<\/p>\n<p>En aquest sentit va valorar l\u2019esfor\u00e7 que des de l\u2019Arbo\u00e7 s\u2019ha fet per part dels<br \/>\nve\u00efns i de les ve\u00efnes per assolir uns molt bons resultats amb el sistema<br \/>\nde \u201crecollida porta a porta\u201d que son homologables als objectius definits per<br \/>\nl\u2019estrat\u00e8gia Catalana \u201cResidu Zero\u201d que va presentar.<\/p>\n<p>Tamb\u00e9 es va parlar de les propostes de futur i es van donar a con\u00e8ixer una<br \/>\nseria la d\u2019implantaci\u00f3 d\u2019una web on hi haur\u00e0 tota la informaci\u00f3 del sistema<br \/>\nde recollida \u201cporta a porta\u201d, com ara estad\u00edstiques, ordenances, controls que<br \/>\nfan a l\u2019Ajuntament des de l\u2019Agencia de Residus de Catalunya, ECOEMBES, i<br \/>\nqualsevol altre informaci\u00f3 relaciona amb el servei de recollida.<\/p>\n<p>http:\/\/mediambient.arbocenc.org\/<\/p>\n","protected":false},"excerpt":{"rendered":"<p>ES PRESENTA A L\u2019ARBO\u00c7 L\u2019ESTRAT\u00c8GIA CATALANA \u201cRESIDU ZERO\u201d En el marc dels actes organitzats per commemorar els dos anys de la implantaci\u00f3 del sistema de recollida \u201cporta a porta\u201d a l\u2019Arbo\u00e7, es va presentar l\u2019Estrat\u00e8gia Catalana \u201cResidu Zero\u201d per part de Merc\u00e8 Girona, presidenta de la Fundaci\u00f3 Catalana Prevenci\u00f3 de Residus i Consum Responsable. Merc\u00e8 [&hellip;]<\/p>\n","protected":false},"author":1,"featured_media":0,"comment_status":"open","ping_status":"open","sticky":false,"template":"","format":"standard","meta":{"_bbp_topic_count":0,"_bbp_reply_count":0,"_bbp_total_topic_count":0,"_bbp_total_reply_count":0,"_bbp_voice_count":0,"_bbp_anonymous_reply_count":0,"_bbp_topic_count_hidden":0,"_bbp_reply_count_hidden":0,"_bbp_forum_subforum_count":0,"site-sidebar-layout":"default","site-content-layout":"","ast-site-content-layout":"","site-content-style":"default","site-sidebar-style":"default","ast-global-header-display":"","ast-banner-title-visibility":"","ast-main-header-display":"","ast-hfb-above-header-display":"","ast-hfb-below-header-display":"","ast-hfb-mobile-header-display":"","site-post-title":"","ast-breadcrumbs-content":"","ast-featured-img":"","footer-sml-layout":"","theme-transparent-header-meta":"","adv-header-id-meta":"","stick-header-meta":"","header-above-stick-meta":"","header-main-stick-meta":"","header-below-stick-meta":"","astra-migrate-meta-layouts":"default","ast-page-background-enabled":"default","ast-page-background-meta":{"desktop":{"background-color":"var(--ast-global-color-4)","background-image":"","background-repeat":"repeat","background-position":"center center","background-size":"auto","background-attachment":"scroll","background-type":"","background-media":"","overlay-type":"","overlay-color":"","overlay-opacity":"","overlay-gradient":""},"tablet":{"background-color":"","background-image":"","background-repeat":"repeat","background-position":"center center","background-size":"auto","background-attachment":"scroll","background-type":"","background-media":"","overlay-type":"","overlay-color":"","overlay-opacity":"","overlay-gradient":""},"mobile":{"background-color":"","background-image":"","background-repeat":"repeat","background-position":"center center","background-size":"auto","background-attachment":"scroll","background-type":"","background-media":"","overlay-type":"","overlay-color":"","overlay-opacity":"","overlay-gradient":""}},"ast-content-background-meta":{"desktop":{"background-color":"var(--ast-global-color-5)","background-image":"","background-repeat":"repeat","background-position":"center center","background-size":"auto","background-attachment":"scroll","background-type":"","background-media":"","overlay-type":"","overlay-color":"","overlay-opacity":"","overlay-gradient":""},"tablet":{"background-color":"var(--ast-global-color-5)","background-image":"","background-repeat":"repeat","background-position":"center center","background-size":"auto","background-attachment":"scroll","background-type":"","background-media":"","overlay-type":"","overlay-color":"","overlay-opacity":"","overlay-gradient":""},"mobile":{"background-color":"var(--ast-global-color-5)","background-image":"","background-repeat":"repeat","background-position":"center center","background-size":"auto","background-attachment":"scroll","background-type":"","background-media":"","overlay-type":"","overlay-color":"","overlay-opacity":"","overlay-gradient":""}},"footnotes":""},"categories":[1],"tags":[],"class_list":["post-1648","post","type-post","status-publish","format-standard","hentry","category-general"],"post_mailing_queue_ids":[],"_links":{"self":[{"href":"https:\/\/agora.xtec.cat\/escolasantjulia\/wp-json\/wp\/v2\/posts\/1648","targetHints":{"allow":["GET"]}}],"collection":[{"href":"https:\/\/agora.xtec.cat\/escolasantjulia\/wp-json\/wp\/v2\/posts"}],"about":[{"href":"https:\/\/agora.xtec.cat\/escolasantjulia\/wp-json\/wp\/v2\/types\/post"}],"author":[{"embeddable":true,"href":"https:\/\/agora.xtec.cat\/escolasantjulia\/wp-json\/wp\/v2\/users\/1"}],"replies":[{"embeddable":true,"href":"https:\/\/agora.xtec.cat\/escolasantjulia\/wp-json\/wp\/v2\/comments?post=1648"}],"version-history":[{"count":0,"href":"https:\/\/agora.xtec.cat\/escolasantjulia\/wp-json\/wp\/v2\/posts\/1648\/revisions"}],"wp:attachment":[{"href":"https:\/\/agora.xtec.cat\/escolasantjulia\/wp-json\/wp\/v2\/media?parent=1648"}],"wp:term":[{"taxonomy":"category","embeddable":true,"href":"https:\/\/agora.xtec.cat\/escolasantjulia\/wp-json\/wp\/v2\/categories?post=1648"},{"taxonomy":"post_tag","embeddable":true,"href":"https:\/\/agora.xtec.cat\/escolasantjulia\/wp-json\/wp\/v2\/tags?post=1648"}],"curies":[{"name":"wp","href":"https:\/\/api.w.org\/{rel}","templated":true}]}}