{"id":1640,"date":"2011-01-18T13:43:26","date_gmt":"2011-01-18T11:43:26","guid":{"rendered":"http:\/\/blocs.xtec.cat\/ceipstjulia\/?p=76"},"modified":"2011-01-18T13:43:26","modified_gmt":"2011-01-18T11:43:26","slug":"76","status":"publish","type":"post","link":"https:\/\/agora.xtec.cat\/escolasantjulia\/general\/76\/","title":{"rendered":""},"content":{"rendered":"<h2>El 19\u00e8 cros infantil de l\u00b4Arbo\u00e7 recapta 200 euros per a la Marat\u00f3 de TV3<\/h2>\n<p>L\u2019Arbo\u00e7, 22 Desembre de 2010<\/p>\n<p>\u00a0<\/p>\n<p><img loading=\"lazy\" decoding=\"async\" class=\"alignleft size-full wp-image-96\" src=\"http:\/\/blocs.xtec.cat\/ceipstjulia\/files\/2011\/01\/dkcamqjst3cati7byfca17els9caqml5khcam4808tcatjv0zica1o2zxjcanzji6qca1tsqpkcaezaqgkca7qvffuca53uyf3caphs14lcamxjkw0caafzyu0canezz8eca3msqeecagdvjpi1.jpg\" alt=\"Cross de l'Arbo\u00e7\" width=\"124\" height=\"110\" \/><\/p>\n<p>Diumenge 22 de desembre, es va celebrar a l\u00b4Arbo\u00e7 la tercera cursa de cros comarcal dels Jocs Esportius de Catalunya d\u00b4aquesta temporada, que organitza el Consell Esportiu del Baix Pened\u00e8s.<\/p>\n<p>Hi van participar uns 330 nens i nenes entre les categories des de prebenjam\u00ed fins a cadet i al finalitzar la cursa dels m\u00e9s menuts, es va celebrar la ja tradicional cursa de pares i mares.<br \/>\nAprofitant que coincidia amb La Marat\u00f3 de TV3, el Consell Esportiu va fer dues paneres en les que es sortejava material esportiu. Els 200 euros recaptats s\u2019enviaran al programa per tal d\u2019engrandir la recaptaci\u00f3 que aquest any anava destinat a les lesions medul\u00b7lars i cerebrals adquirides.<br \/>\nLa propera cursa ser\u00e0 el diumenge 16 de gener a Lloren\u00e7 del Pened\u00e8s. El Consell Esportiu del Baix Pened\u00e8s recorda als participants que han ser-hi al lloc de trobada 30 minuts abans de la seva cursa i amb els dorsals preparats.<\/p>\n","protected":false},"excerpt":{"rendered":"<p>El 19\u00e8 cros infantil de l\u00b4Arbo\u00e7 recapta 200 euros per a la Marat\u00f3 de TV3 L\u2019Arbo\u00e7, 22 Desembre de 2010 \u00a0 Diumenge 22 de desembre, es va celebrar a l\u00b4Arbo\u00e7 la tercera cursa de cros comarcal dels Jocs Esportius de Catalunya d\u00b4aquesta temporada, que organitza el Consell Esportiu del Baix Pened\u00e8s. Hi van participar uns [&hellip;]<\/p>\n","protected":false},"author":1,"featured_media":0,"comment_status":"open","ping_status":"open","sticky":false,"template":"","format":"standard","meta":{"_bbp_topic_count":0,"_bbp_reply_count":0,"_bbp_total_topic_count":0,"_bbp_total_reply_count":0,"_bbp_voice_count":0,"_bbp_anonymous_reply_count":0,"_bbp_topic_count_hidden":0,"_bbp_reply_count_hidden":0,"_bbp_forum_subforum_count":0,"site-sidebar-layout":"default","site-content-layout":"","ast-site-content-layout":"","site-content-style":"default","site-sidebar-style":"default","ast-global-header-display":"","ast-banner-title-visibility":"","ast-main-header-display":"","ast-hfb-above-header-display":"","ast-hfb-below-header-display":"","ast-hfb-mobile-header-display":"","site-post-title":"","ast-breadcrumbs-content":"","ast-featured-img":"","footer-sml-layout":"","theme-transparent-header-meta":"","adv-header-id-meta":"","stick-header-meta":"","header-above-stick-meta":"","header-main-stick-meta":"","header-below-stick-meta":"","astra-migrate-meta-layouts":"default","ast-page-background-enabled":"default","ast-page-background-meta":{"desktop":{"background-color":"var(--ast-global-color-4)","background-image":"","background-repeat":"repeat","background-position":"center center","background-size":"auto","background-attachment":"scroll","background-type":"","background-media":"","overlay-type":"","overlay-color":"","overlay-opacity":"","overlay-gradient":""},"tablet":{"background-color":"","background-image":"","background-repeat":"repeat","background-position":"center center","background-size":"auto","background-attachment":"scroll","background-type":"","background-media":"","overlay-type":"","overlay-color":"","overlay-opacity":"","overlay-gradient":""},"mobile":{"background-color":"","background-image":"","background-repeat":"repeat","background-position":"center center","background-size":"auto","background-attachment":"scroll","background-type":"","background-media":"","overlay-type":"","overlay-color":"","overlay-opacity":"","overlay-gradient":""}},"ast-content-background-meta":{"desktop":{"background-color":"var(--ast-global-color-5)","background-image":"","background-repeat":"repeat","background-position":"center center","background-size":"auto","background-attachment":"scroll","background-type":"","background-media":"","overlay-type":"","overlay-color":"","overlay-opacity":"","overlay-gradient":""},"tablet":{"background-color":"var(--ast-global-color-5)","background-image":"","background-repeat":"repeat","background-position":"center center","background-size":"auto","background-attachment":"scroll","background-type":"","background-media":"","overlay-type":"","overlay-color":"","overlay-opacity":"","overlay-gradient":""},"mobile":{"background-color":"var(--ast-global-color-5)","background-image":"","background-repeat":"repeat","background-position":"center center","background-size":"auto","background-attachment":"scroll","background-type":"","background-media":"","overlay-type":"","overlay-color":"","overlay-opacity":"","overlay-gradient":""}},"footnotes":""},"categories":[1],"tags":[],"class_list":["post-1640","post","type-post","status-publish","format-standard","hentry","category-general"],"post_mailing_queue_ids":[],"_links":{"self":[{"href":"https:\/\/agora.xtec.cat\/escolasantjulia\/wp-json\/wp\/v2\/posts\/1640","targetHints":{"allow":["GET"]}}],"collection":[{"href":"https:\/\/agora.xtec.cat\/escolasantjulia\/wp-json\/wp\/v2\/posts"}],"about":[{"href":"https:\/\/agora.xtec.cat\/escolasantjulia\/wp-json\/wp\/v2\/types\/post"}],"author":[{"embeddable":true,"href":"https:\/\/agora.xtec.cat\/escolasantjulia\/wp-json\/wp\/v2\/users\/1"}],"replies":[{"embeddable":true,"href":"https:\/\/agora.xtec.cat\/escolasantjulia\/wp-json\/wp\/v2\/comments?post=1640"}],"version-history":[{"count":0,"href":"https:\/\/agora.xtec.cat\/escolasantjulia\/wp-json\/wp\/v2\/posts\/1640\/revisions"}],"wp:attachment":[{"href":"https:\/\/agora.xtec.cat\/escolasantjulia\/wp-json\/wp\/v2\/media?parent=1640"}],"wp:term":[{"taxonomy":"category","embeddable":true,"href":"https:\/\/agora.xtec.cat\/escolasantjulia\/wp-json\/wp\/v2\/categories?post=1640"},{"taxonomy":"post_tag","embeddable":true,"href":"https:\/\/agora.xtec.cat\/escolasantjulia\/wp-json\/wp\/v2\/tags?post=1640"}],"curies":[{"name":"wp","href":"https:\/\/api.w.org\/{rel}","templated":true}]}}