{"id":1554,"date":"2015-06-18T13:52:12","date_gmt":"2015-06-18T12:52:12","guid":{"rendered":"http:\/\/blocs.xtec.cat\/ceipstjulia\/?p=1554"},"modified":"2015-11-16T23:16:58","modified_gmt":"2015-11-16T22:16:58","slug":"orquestra-a-lescola","status":"publish","type":"post","link":"https:\/\/agora.xtec.cat\/escolasantjulia\/general\/orquestra-a-lescola\/","title":{"rendered":"Orquestra a l&#8217;escola"},"content":{"rendered":"<p>Aquest curs hem iniciat un projecte de m\u00fasica per promocionar la pr\u00e0ctica instrumental dins de l&#8217;escola de prim\u00e0ria. Amb aquest projecte, l&#8217;alumnat de <strong>3r de prim\u00e0ria<\/strong> han apr\u00e8s a tocar<span style=\"color: #ff6600;\"><strong> la tarota<\/strong><\/span> i <strong><span style=\"color: #008000;\">el flabiol i el tambor\u00ed<\/span><\/strong>. Els nens i nenes de <strong>4t de prim\u00e0ria<\/strong> han apr\u00e9s a tocar <strong><span style=\"color: #ff0000;\">el viol\u00ed<\/span><\/strong>.<\/p>\n<p>Uns dels objectius principals \u00e9s fer arribar la m\u00fasica a un gran nombre d&#8217;alumnes que possiblement no tindrien un acc\u00e9s tant f\u00e0cil. Tamb\u00e9 s&#8217;han refor\u00e7at valors, formar part d&#8217;un grup, tenir cura de l&#8217;instrument&#8230;<\/p>\n<p>S&#8217;hi han implicat l&#8217;escola, l&#8217;AMPA, l&#8217;Escola Municipal de M\u00fasica Tradicional del Pened\u00e8s i l&#8217;Ajuntament de l&#8217;Arbo\u00e7.<\/p>\n<p>Avui hem realitzat el primer concert davant dels pares i les mares i la resta d&#8217;alumnat de prim\u00e0ria.<\/p>\n<p><iframe loading=\"lazy\" src=\"https:\/\/www.youtube.com\/embed\/IbVzB1nBv_0\" width=\"260\" height=\"154\" frameborder=\"0\" allowfullscreen=\"allowfullscreen\"><\/iframe> <iframe loading=\"lazy\" src=\"https:\/\/www.youtube.com\/embed\/dHSGSZPEkLQ\" width=\"259\" height=\"154\" frameborder=\"0\" allowfullscreen=\"allowfullscreen\"><\/iframe> <iframe loading=\"lazy\" src=\"https:\/\/www.youtube.com\/embed\/EU-mOYpCR2Y\" width=\"259\" height=\"148\" frameborder=\"0\" allowfullscreen=\"allowfullscreen\"><\/iframe> <iframe loading=\"lazy\" src=\"https:\/\/www.youtube.com\/embed\/qsXhD8v-QP4\" width=\"259\" height=\"148\" frameborder=\"0\" allowfullscreen=\"allowfullscreen\"><\/iframe> <iframe loading=\"lazy\" src=\"https:\/\/www.youtube.com\/embed\/UNTdhOSLmmo\" width=\"259\" height=\"148\" frameborder=\"0\" allowfullscreen=\"allowfullscreen\"><\/iframe> <iframe loading=\"lazy\" src=\"https:\/\/www.youtube.com\/embed\/RI64BQ8hMOU\" width=\"259\" height=\"148\" frameborder=\"0\" allowfullscreen=\"allowfullscreen\"><\/iframe> <iframe loading=\"lazy\" src=\"https:\/\/www.youtube.com\/embed\/6DGQ6VnbQ7g\" width=\"259\" height=\"148\" frameborder=\"0\" allowfullscreen=\"allowfullscreen\"><\/iframe> <iframe loading=\"lazy\" src=\"https:\/\/www.youtube.com\/embed\/qsxXSxwMduw\" width=\"257\" height=\"147\" frameborder=\"0\" allowfullscreen=\"allowfullscreen\"><\/iframe><\/p>\n","protected":false},"excerpt":{"rendered":"<p>Aquest curs hem iniciat un projecte de m\u00fasica per promocionar la pr\u00e0ctica instrumental dins de l&#8217;escola de prim\u00e0ria. Amb aquest projecte, l&#8217;alumnat de 3r de prim\u00e0ria han apr\u00e8s a tocar la tarota i el flabiol i el tambor\u00ed. Els nens i nenes de 4t de prim\u00e0ria han apr\u00e9s a tocar el viol\u00ed. Uns dels objectius [&hellip;]<\/p>\n","protected":false},"author":1,"featured_media":0,"comment_status":"open","ping_status":"open","sticky":false,"template":"","format":"standard","meta":{"_bbp_topic_count":0,"_bbp_reply_count":0,"_bbp_total_topic_count":0,"_bbp_total_reply_count":0,"_bbp_voice_count":0,"_bbp_anonymous_reply_count":0,"_bbp_topic_count_hidden":0,"_bbp_reply_count_hidden":0,"_bbp_forum_subforum_count":0,"site-sidebar-layout":"default","site-content-layout":"","ast-site-content-layout":"","site-content-style":"default","site-sidebar-style":"default","ast-global-header-display":"","ast-banner-title-visibility":"","ast-main-header-display":"","ast-hfb-above-header-display":"","ast-hfb-below-header-display":"","ast-hfb-mobile-header-display":"","site-post-title":"","ast-breadcrumbs-content":"","ast-featured-img":"","footer-sml-layout":"","theme-transparent-header-meta":"","adv-header-id-meta":"","stick-header-meta":"","header-above-stick-meta":"","header-main-stick-meta":"","header-below-stick-meta":"","astra-migrate-meta-layouts":"default","ast-page-background-enabled":"default","ast-page-background-meta":{"desktop":{"background-color":"var(--ast-global-color-4)","background-image":"","background-repeat":"repeat","background-position":"center center","background-size":"auto","background-attachment":"scroll","background-type":"","background-media":"","overlay-type":"","overlay-color":"","overlay-opacity":"","overlay-gradient":""},"tablet":{"background-color":"","background-image":"","background-repeat":"repeat","background-position":"center center","background-size":"auto","background-attachment":"scroll","background-type":"","background-media":"","overlay-type":"","overlay-color":"","overlay-opacity":"","overlay-gradient":""},"mobile":{"background-color":"","background-image":"","background-repeat":"repeat","background-position":"center center","background-size":"auto","background-attachment":"scroll","background-type":"","background-media":"","overlay-type":"","overlay-color":"","overlay-opacity":"","overlay-gradient":""}},"ast-content-background-meta":{"desktop":{"background-color":"var(--ast-global-color-5)","background-image":"","background-repeat":"repeat","background-position":"center center","background-size":"auto","background-attachment":"scroll","background-type":"","background-media":"","overlay-type":"","overlay-color":"","overlay-opacity":"","overlay-gradient":""},"tablet":{"background-color":"var(--ast-global-color-5)","background-image":"","background-repeat":"repeat","background-position":"center center","background-size":"auto","background-attachment":"scroll","background-type":"","background-media":"","overlay-type":"","overlay-color":"","overlay-opacity":"","overlay-gradient":""},"mobile":{"background-color":"var(--ast-global-color-5)","background-image":"","background-repeat":"repeat","background-position":"center center","background-size":"auto","background-attachment":"scroll","background-type":"","background-media":"","overlay-type":"","overlay-color":"","overlay-opacity":"","overlay-gradient":""}},"footnotes":""},"categories":[21,7,1,13,12],"tags":[49,71,109,132,181],"class_list":["post-1554","post","type-post","status-publish","format-standard","hentry","category-activitats-escola","category-ampa","category-general","category-4t","category-3r","tag-ampa","tag-concert","tag-instrument","tag-musica","tag-valors"],"post_mailing_queue_ids":[],"_links":{"self":[{"href":"https:\/\/agora.xtec.cat\/escolasantjulia\/wp-json\/wp\/v2\/posts\/1554","targetHints":{"allow":["GET"]}}],"collection":[{"href":"https:\/\/agora.xtec.cat\/escolasantjulia\/wp-json\/wp\/v2\/posts"}],"about":[{"href":"https:\/\/agora.xtec.cat\/escolasantjulia\/wp-json\/wp\/v2\/types\/post"}],"author":[{"embeddable":true,"href":"https:\/\/agora.xtec.cat\/escolasantjulia\/wp-json\/wp\/v2\/users\/1"}],"replies":[{"embeddable":true,"href":"https:\/\/agora.xtec.cat\/escolasantjulia\/wp-json\/wp\/v2\/comments?post=1554"}],"version-history":[{"count":1,"href":"https:\/\/agora.xtec.cat\/escolasantjulia\/wp-json\/wp\/v2\/posts\/1554\/revisions"}],"predecessor-version":[{"id":1789,"href":"https:\/\/agora.xtec.cat\/escolasantjulia\/wp-json\/wp\/v2\/posts\/1554\/revisions\/1789"}],"wp:attachment":[{"href":"https:\/\/agora.xtec.cat\/escolasantjulia\/wp-json\/wp\/v2\/media?parent=1554"}],"wp:term":[{"taxonomy":"category","embeddable":true,"href":"https:\/\/agora.xtec.cat\/escolasantjulia\/wp-json\/wp\/v2\/categories?post=1554"},{"taxonomy":"post_tag","embeddable":true,"href":"https:\/\/agora.xtec.cat\/escolasantjulia\/wp-json\/wp\/v2\/tags?post=1554"}],"curies":[{"name":"wp","href":"https:\/\/api.w.org\/{rel}","templated":true}]}}