{"id":1551,"date":"2015-06-05T12:38:34","date_gmt":"2015-06-05T11:38:34","guid":{"rendered":"http:\/\/blocs.xtec.cat\/ceipstjulia\/?p=1551"},"modified":"2015-11-16T23:17:07","modified_gmt":"2015-11-16T22:17:07","slug":"6e-parlament-verd","status":"publish","type":"post","link":"https:\/\/agora.xtec.cat\/escolasantjulia\/general\/6e-parlament-verd\/","title":{"rendered":"6\u00e8 Parlament Verd"},"content":{"rendered":"<p>El dijous 4 de juny es va celebrar l\u2019\u00faltim <strong><span style=\"color: #008000;\">Parlament Verd<\/span><\/strong> d\u2019aquest curs, motiu pel qual els parlamentaris han fet una valoraci\u00f3 d\u2019aquesta nova activitat dins del projecte d\u2019Escola verda.<br \/>\nLa valoraci\u00f3 ha estat molt positiva i els hi agradat molt\u00edssim participar en la presa de decisions de l\u2019escola, com les activitats a realitzar en el Dia d\u2019Escola Verda. Han sentit que eren escoltats i eren importants. Tamb\u00e9 ha valorat molt positivament que es fessin activitats molt creatives i col\u2022lectives on participa tota l\u2019escola<br \/>\nTot i aix\u00ed, han comentat que els hi agradaria participar m\u00e9s en la presa de decisions i no nom\u00e9s a nivell del projecte Verd sin\u00f3 tamb\u00e9 a nivell d\u2019escola.<br \/>\nTamb\u00e9 han fet propostes cara el curs vinent per poder millorar i ampliar el que ja s\u2019ha fet. Algunes s\u00f3n: plantar un arbre cada any, fer excursions pels boscos dels voltants, seguir amb el reciclatge, fer m\u00e9s concursos per promoure activitats&#8230;<br \/>\nEn definitiva creuen que \u00e9s un exercici molt enriquidor i democr\u00e0tic per a l\u2019escola.<\/p>\n<p><a href=\"http:\/\/s879.photobucket.com\/user\/EscolaSantJulia\/media\/2014-15\/ESCOLA%20VERDA\/DSC_0022_zpsqa2t9wyu.jpg.html\" target=\"_blank\"><img loading=\"lazy\" decoding=\"async\" class=\"\" src=\"http:\/\/i879.photobucket.com\/albums\/ab352\/EscolaSantJulia\/2014-15\/ESCOLA%20VERDA\/DSC_0022_zpsqa2t9wyu.jpg\" alt=\" photo DSC_0022_zpsqa2t9wyu.jpg\" width=\"560\" height=\"422\" border=\"0\" \/><\/a><\/p>\n","protected":false},"excerpt":{"rendered":"<p>El dijous 4 de juny es va celebrar l\u2019\u00faltim Parlament Verd d\u2019aquest curs, motiu pel qual els parlamentaris han fet una valoraci\u00f3 d\u2019aquesta nova activitat dins del projecte d\u2019Escola verda. La valoraci\u00f3 ha estat molt positiva i els hi agradat molt\u00edssim participar en la presa de decisions de l\u2019escola, com les activitats a realitzar en [&hellip;]<\/p>\n","protected":false},"author":1,"featured_media":0,"comment_status":"open","ping_status":"open","sticky":false,"template":"","format":"standard","meta":{"_bbp_topic_count":0,"_bbp_reply_count":0,"_bbp_total_topic_count":0,"_bbp_total_reply_count":0,"_bbp_voice_count":0,"_bbp_anonymous_reply_count":0,"_bbp_topic_count_hidden":0,"_bbp_reply_count_hidden":0,"_bbp_forum_subforum_count":0,"site-sidebar-layout":"default","site-content-layout":"","ast-site-content-layout":"","site-content-style":"default","site-sidebar-style":"default","ast-global-header-display":"","ast-banner-title-visibility":"","ast-main-header-display":"","ast-hfb-above-header-display":"","ast-hfb-below-header-display":"","ast-hfb-mobile-header-display":"","site-post-title":"","ast-breadcrumbs-content":"","ast-featured-img":"","footer-sml-layout":"","theme-transparent-header-meta":"","adv-header-id-meta":"","stick-header-meta":"","header-above-stick-meta":"","header-main-stick-meta":"","header-below-stick-meta":"","astra-migrate-meta-layouts":"default","ast-page-background-enabled":"default","ast-page-background-meta":{"desktop":{"background-color":"var(--ast-global-color-4)","background-image":"","background-repeat":"repeat","background-position":"center center","background-size":"auto","background-attachment":"scroll","background-type":"","background-media":"","overlay-type":"","overlay-color":"","overlay-opacity":"","overlay-gradient":""},"tablet":{"background-color":"","background-image":"","background-repeat":"repeat","background-position":"center center","background-size":"auto","background-attachment":"scroll","background-type":"","background-media":"","overlay-type":"","overlay-color":"","overlay-opacity":"","overlay-gradient":""},"mobile":{"background-color":"","background-image":"","background-repeat":"repeat","background-position":"center center","background-size":"auto","background-attachment":"scroll","background-type":"","background-media":"","overlay-type":"","overlay-color":"","overlay-opacity":"","overlay-gradient":""}},"ast-content-background-meta":{"desktop":{"background-color":"var(--ast-global-color-5)","background-image":"","background-repeat":"repeat","background-position":"center center","background-size":"auto","background-attachment":"scroll","background-type":"","background-media":"","overlay-type":"","overlay-color":"","overlay-opacity":"","overlay-gradient":""},"tablet":{"background-color":"var(--ast-global-color-5)","background-image":"","background-repeat":"repeat","background-position":"center center","background-size":"auto","background-attachment":"scroll","background-type":"","background-media":"","overlay-type":"","overlay-color":"","overlay-opacity":"","overlay-gradient":""},"mobile":{"background-color":"var(--ast-global-color-5)","background-image":"","background-repeat":"repeat","background-position":"center center","background-size":"auto","background-attachment":"scroll","background-type":"","background-media":"","overlay-type":"","overlay-color":"","overlay-opacity":"","overlay-gradient":""}},"footnotes":""},"categories":[21,26,1],"tags":[46,92,139,157],"class_list":["post-1551","post","type-post","status-publish","format-standard","hentry","category-activitats-escola","category-escola-verda","category-general","tag-activitats-aula","tag-escola-verda","tag-parlament-verd","tag-reciclar"],"post_mailing_queue_ids":[],"_links":{"self":[{"href":"https:\/\/agora.xtec.cat\/escolasantjulia\/wp-json\/wp\/v2\/posts\/1551","targetHints":{"allow":["GET"]}}],"collection":[{"href":"https:\/\/agora.xtec.cat\/escolasantjulia\/wp-json\/wp\/v2\/posts"}],"about":[{"href":"https:\/\/agora.xtec.cat\/escolasantjulia\/wp-json\/wp\/v2\/types\/post"}],"author":[{"embeddable":true,"href":"https:\/\/agora.xtec.cat\/escolasantjulia\/wp-json\/wp\/v2\/users\/1"}],"replies":[{"embeddable":true,"href":"https:\/\/agora.xtec.cat\/escolasantjulia\/wp-json\/wp\/v2\/comments?post=1551"}],"version-history":[{"count":1,"href":"https:\/\/agora.xtec.cat\/escolasantjulia\/wp-json\/wp\/v2\/posts\/1551\/revisions"}],"predecessor-version":[{"id":2066,"href":"https:\/\/agora.xtec.cat\/escolasantjulia\/wp-json\/wp\/v2\/posts\/1551\/revisions\/2066"}],"wp:attachment":[{"href":"https:\/\/agora.xtec.cat\/escolasantjulia\/wp-json\/wp\/v2\/media?parent=1551"}],"wp:term":[{"taxonomy":"category","embeddable":true,"href":"https:\/\/agora.xtec.cat\/escolasantjulia\/wp-json\/wp\/v2\/categories?post=1551"},{"taxonomy":"post_tag","embeddable":true,"href":"https:\/\/agora.xtec.cat\/escolasantjulia\/wp-json\/wp\/v2\/tags?post=1551"}],"curies":[{"name":"wp","href":"https:\/\/api.w.org\/{rel}","templated":true}]}}