{"id":1524,"date":"2015-05-19T13:05:07","date_gmt":"2015-05-19T12:05:07","guid":{"rendered":"http:\/\/blocs.xtec.cat\/ceipstjulia\/?p=1524"},"modified":"2015-11-16T23:17:27","modified_gmt":"2015-11-16T22:17:27","slug":"brikania-el-festival-de-lego","status":"publish","type":"post","link":"https:\/\/agora.xtec.cat\/escolasantjulia\/general\/brikania-el-festival-de-lego\/","title":{"rendered":"Brik\u00e0nia, el festival de Lego"},"content":{"rendered":"<p><a href=\"http:\/\/agora.xtec.cat\/escolasantjulia\/wp-content\/uploads\/usu423\/2015\/05\/foto-brickania1.jpg\"><img loading=\"lazy\" decoding=\"async\" class=\"alignleft size-full wp-image-1527\" src=\"http:\/\/agora.xtec.cat\/escolasantjulia\/wp-content\/uploads\/usu423\/2015\/05\/foto-brickania1.jpg\" alt=\"foto-brickania[1]\" width=\"730\" height=\"230\" srcset=\"https:\/\/agora.xtec.cat\/escolasantjulia\/wp-content\/uploads\/usu423\/2015\/05\/foto-brickania1.jpg 730w, https:\/\/agora.xtec.cat\/escolasantjulia\/wp-content\/uploads\/usu423\/2015\/05\/foto-brickania1-300x95.jpg 300w\" sizes=\"auto, (max-width: 730px) 100vw, 730px\" \/><\/a><\/p>\n<p style=\"text-align: justify;\">Per primer any Montblanc acollir\u00e0 la primera edici\u00f3 de Brick\u00e0nia, el Festival de Lego de Montblanc que tindr\u00e0 lloc els dies 20 i 21 de juny.<\/p>\n<p style=\"text-align: justify;\">Un esdeveniment adre\u00e7at al p\u00fablic familiar, aficionat, col\u00b7leccionistes i tamb\u00e9 a estudiants. A Brick\u00e0nia es trobar\u00e0 exposici\u00f3 de diorames de diferents tem\u00e0tiques, venta especialitzada, concurs de creativitat amb bricks i tamb\u00e9 hi haur\u00e0 un espai amb vessant educativa.<\/p>\n<p style=\"text-align: justify;\">Brick\u00e0nia compta amb col\u00b7laboraci\u00f3 de l&#8217;Escola T\u00e8cnica Superior d&#8217;Enginyeria de la URV per fer tallers, demostracions i exhibicions de rob\u00f2tica.<\/p>\n<p style=\"text-align: justify;\">Per m\u00e9s informaci\u00f3 podeu consultar <span style=\"color: #ff6600;\"><strong><a style=\"color: #ff6600;\" href=\"http:\/\/www.brickania.cat\" target=\"_blank\">www.brickania.cat<\/a><\/strong><\/span><\/p>\n","protected":false},"excerpt":{"rendered":"<p>Per primer any Montblanc acollir\u00e0 la primera edici\u00f3 de Brick\u00e0nia, el Festival de Lego de Montblanc que tindr\u00e0 lloc els dies 20 i 21 de juny. Un esdeveniment adre\u00e7at al p\u00fablic familiar, aficionat, col\u00b7leccionistes i tamb\u00e9 a estudiants. A Brick\u00e0nia es trobar\u00e0 exposici\u00f3 de diorames de diferents tem\u00e0tiques, venta especialitzada, concurs de creativitat amb bricks [&hellip;]<\/p>\n","protected":false},"author":1,"featured_media":0,"comment_status":"open","ping_status":"open","sticky":false,"template":"","format":"standard","meta":{"_bbp_topic_count":0,"_bbp_reply_count":0,"_bbp_total_topic_count":0,"_bbp_total_reply_count":0,"_bbp_voice_count":0,"_bbp_anonymous_reply_count":0,"_bbp_topic_count_hidden":0,"_bbp_reply_count_hidden":0,"_bbp_forum_subforum_count":0,"site-sidebar-layout":"default","site-content-layout":"","ast-site-content-layout":"","site-content-style":"default","site-sidebar-style":"default","ast-global-header-display":"","ast-banner-title-visibility":"","ast-main-header-display":"","ast-hfb-above-header-display":"","ast-hfb-below-header-display":"","ast-hfb-mobile-header-display":"","site-post-title":"","ast-breadcrumbs-content":"","ast-featured-img":"","footer-sml-layout":"","theme-transparent-header-meta":"","adv-header-id-meta":"","stick-header-meta":"","header-above-stick-meta":"","header-main-stick-meta":"","header-below-stick-meta":"","astra-migrate-meta-layouts":"default","ast-page-background-enabled":"default","ast-page-background-meta":{"desktop":{"background-color":"var(--ast-global-color-4)","background-image":"","background-repeat":"repeat","background-position":"center center","background-size":"auto","background-attachment":"scroll","background-type":"","background-media":"","overlay-type":"","overlay-color":"","overlay-opacity":"","overlay-gradient":""},"tablet":{"background-color":"","background-image":"","background-repeat":"repeat","background-position":"center center","background-size":"auto","background-attachment":"scroll","background-type":"","background-media":"","overlay-type":"","overlay-color":"","overlay-opacity":"","overlay-gradient":""},"mobile":{"background-color":"","background-image":"","background-repeat":"repeat","background-position":"center center","background-size":"auto","background-attachment":"scroll","background-type":"","background-media":"","overlay-type":"","overlay-color":"","overlay-opacity":"","overlay-gradient":""}},"ast-content-background-meta":{"desktop":{"background-color":"var(--ast-global-color-5)","background-image":"","background-repeat":"repeat","background-position":"center center","background-size":"auto","background-attachment":"scroll","background-type":"","background-media":"","overlay-type":"","overlay-color":"","overlay-opacity":"","overlay-gradient":""},"tablet":{"background-color":"var(--ast-global-color-5)","background-image":"","background-repeat":"repeat","background-position":"center center","background-size":"auto","background-attachment":"scroll","background-type":"","background-media":"","overlay-type":"","overlay-color":"","overlay-opacity":"","overlay-gradient":""},"mobile":{"background-color":"var(--ast-global-color-5)","background-image":"","background-repeat":"repeat","background-position":"center center","background-size":"auto","background-attachment":"scroll","background-type":"","background-media":"","overlay-type":"","overlay-color":"","overlay-opacity":"","overlay-gradient":""}},"footnotes":""},"categories":[25,1],"tags":[163,174],"class_list":["post-1524","post","type-post","status-publish","format-standard","hentry","category-el-mon-de-leducacio","category-general","tag-robotica","tag-tallers"],"post_mailing_queue_ids":[],"_links":{"self":[{"href":"https:\/\/agora.xtec.cat\/escolasantjulia\/wp-json\/wp\/v2\/posts\/1524","targetHints":{"allow":["GET"]}}],"collection":[{"href":"https:\/\/agora.xtec.cat\/escolasantjulia\/wp-json\/wp\/v2\/posts"}],"about":[{"href":"https:\/\/agora.xtec.cat\/escolasantjulia\/wp-json\/wp\/v2\/types\/post"}],"author":[{"embeddable":true,"href":"https:\/\/agora.xtec.cat\/escolasantjulia\/wp-json\/wp\/v2\/users\/1"}],"replies":[{"embeddable":true,"href":"https:\/\/agora.xtec.cat\/escolasantjulia\/wp-json\/wp\/v2\/comments?post=1524"}],"version-history":[{"count":1,"href":"https:\/\/agora.xtec.cat\/escolasantjulia\/wp-json\/wp\/v2\/posts\/1524\/revisions"}],"predecessor-version":[{"id":2067,"href":"https:\/\/agora.xtec.cat\/escolasantjulia\/wp-json\/wp\/v2\/posts\/1524\/revisions\/2067"}],"wp:attachment":[{"href":"https:\/\/agora.xtec.cat\/escolasantjulia\/wp-json\/wp\/v2\/media?parent=1524"}],"wp:term":[{"taxonomy":"category","embeddable":true,"href":"https:\/\/agora.xtec.cat\/escolasantjulia\/wp-json\/wp\/v2\/categories?post=1524"},{"taxonomy":"post_tag","embeddable":true,"href":"https:\/\/agora.xtec.cat\/escolasantjulia\/wp-json\/wp\/v2\/tags?post=1524"}],"curies":[{"name":"wp","href":"https:\/\/api.w.org\/{rel}","templated":true}]}}