{"id":1513,"date":"2015-05-07T12:52:30","date_gmt":"2015-05-07T11:52:30","guid":{"rendered":"http:\/\/blocs.xtec.cat\/ceipstjulia\/?p=1513"},"modified":"2015-11-16T23:19:41","modified_gmt":"2015-11-16T22:19:41","slug":"sant-jordi-a-2na","status":"publish","type":"post","link":"https:\/\/agora.xtec.cat\/escolasantjulia\/general\/sant-jordi-a-2na\/","title":{"rendered":"Sant Jordi a 2nA"},"content":{"rendered":"<p>La classe de 2n A ha inventat , amb molta il\u00b7lusi\u00f3, un pictograma a partir dels contes: \u201c Els tres porquets i el conte de les 7 cabretes i el llop\u201d.<br \/>\nEntre tots han inventat la hist\u00f2ria i s\u2019ha votat el t\u00edtol m\u00e9s adient. Tots han col\u00b7laborat fent els diferents dibuixos del pictograma i s\u2019han mostrat molt motivats.<br \/>\nAquest pictograma s\u2019ha llegit i s\u2019ha presentat quan han vingut a la classe els alumnes de 5\u00e8 A.<br \/>\nCada nen ha confeccionat un \u201cjard\u00ed \u201c amb unes quantes flors i aquest regal s\u2019ha donat a l\u2019alumnat de 5\u00e8 A, per la tarda. Ells tamb\u00e9 han rebut un regal fet per la classe de 5\u00e8A.<br \/>\nHan estat tots junts a la classe de 2n A i despr\u00e9s d\u2019intercanviar els regals, opinions per la nova experi\u00e8ncia, amb una mica de vergonya per cert, s\u2019han animat i els grans han ofert una can\u00e7\u00f3 molt bonica.<br \/>\nHa estat una tarda de St. Jordi molt diferent, interessant i bonica!!!<\/p>\n<div style=\"width: 480px; text-align: right;\"><embed width=\"480\" height=\"360\" src=\"http:\/\/pic2.pbsrc.com\/flash\/rss_slideshow.swf\" flashvars=\"rssFeed=http%3A%2F%2Ffeed879.photobucket.com%2Falbums%2Fab352%2FEscolaSantJulia%2F2014-15%2FFESTES%2FSANT%2520JORDI%25202015%2F2nA%2520SANT%2520JORDI%2Ffeed.rss\" type=\"application\/x-shockwave-flash\" wmode=\"transparent\"><\/embed><a target=\"_blank\"><img decoding=\"async\" style=\"border: none;\" src=\"http:\/\/pic.photobucket.com\/share\/icons\/embed\/btn_geturs.gif\" alt=\"\" \/><\/a><a href=\"http:\/\/s879.photobucket.com\/user\/EscolaSantJulia\/library\/2014-15\/FESTES\/SANT%20JORDI%202015\/2nA%20SANT%20JORDI\" target=\"_blank\"><img decoding=\"async\" style=\"border: none;\" src=\"http:\/\/pic.photobucket.com\/share\/icons\/embed\/btn_viewall.gif\" alt=\"EscolaSantJulia's 2nA SANT JORDI album on Photobucket\" \/><\/a><\/div>\n","protected":false},"excerpt":{"rendered":"<p>La classe de 2n A ha inventat , amb molta il\u00b7lusi\u00f3, un pictograma a partir dels contes: \u201c Els tres porquets i el conte de les 7 cabretes i el llop\u201d. Entre tots han inventat la hist\u00f2ria i s\u2019ha votat el t\u00edtol m\u00e9s adient. Tots han col\u00b7laborat fent els diferents dibuixos del pictograma i s\u2019han [&hellip;]<\/p>\n","protected":false},"author":1,"featured_media":0,"comment_status":"open","ping_status":"open","sticky":false,"template":"","format":"standard","meta":{"_bbp_topic_count":0,"_bbp_reply_count":0,"_bbp_total_topic_count":0,"_bbp_total_reply_count":0,"_bbp_voice_count":0,"_bbp_anonymous_reply_count":0,"_bbp_topic_count_hidden":0,"_bbp_reply_count_hidden":0,"_bbp_forum_subforum_count":0,"site-sidebar-layout":"default","site-content-layout":"","ast-site-content-layout":"","site-content-style":"default","site-sidebar-style":"default","ast-global-header-display":"","ast-banner-title-visibility":"","ast-main-header-display":"","ast-hfb-above-header-display":"","ast-hfb-below-header-display":"","ast-hfb-mobile-header-display":"","site-post-title":"","ast-breadcrumbs-content":"","ast-featured-img":"","footer-sml-layout":"","theme-transparent-header-meta":"","adv-header-id-meta":"","stick-header-meta":"","header-above-stick-meta":"","header-main-stick-meta":"","header-below-stick-meta":"","astra-migrate-meta-layouts":"default","ast-page-background-enabled":"default","ast-page-background-meta":{"desktop":{"background-color":"var(--ast-global-color-4)","background-image":"","background-repeat":"repeat","background-position":"center center","background-size":"auto","background-attachment":"scroll","background-type":"","background-media":"","overlay-type":"","overlay-color":"","overlay-opacity":"","overlay-gradient":""},"tablet":{"background-color":"","background-image":"","background-repeat":"repeat","background-position":"center center","background-size":"auto","background-attachment":"scroll","background-type":"","background-media":"","overlay-type":"","overlay-color":"","overlay-opacity":"","overlay-gradient":""},"mobile":{"background-color":"","background-image":"","background-repeat":"repeat","background-position":"center center","background-size":"auto","background-attachment":"scroll","background-type":"","background-media":"","overlay-type":"","overlay-color":"","overlay-opacity":"","overlay-gradient":""}},"ast-content-background-meta":{"desktop":{"background-color":"var(--ast-global-color-5)","background-image":"","background-repeat":"repeat","background-position":"center center","background-size":"auto","background-attachment":"scroll","background-type":"","background-media":"","overlay-type":"","overlay-color":"","overlay-opacity":"","overlay-gradient":""},"tablet":{"background-color":"var(--ast-global-color-5)","background-image":"","background-repeat":"repeat","background-position":"center center","background-size":"auto","background-attachment":"scroll","background-type":"","background-media":"","overlay-type":"","overlay-color":"","overlay-opacity":"","overlay-gradient":""},"mobile":{"background-color":"var(--ast-global-color-5)","background-image":"","background-repeat":"repeat","background-position":"center center","background-size":"auto","background-attachment":"scroll","background-type":"","background-media":"","overlay-type":"","overlay-color":"","overlay-opacity":"","overlay-gradient":""}},"footnotes":""},"categories":[35,21,28,1,11],"tags":[74,99,17,166],"class_list":["post-1513","post","type-post","status-publish","format-standard","hentry","category-activitats-a-laula","category-activitats-escola","category-festes","category-general","category-2n","tag-conte","tag-festa","tag-plastica","tag-sant-jordi"],"post_mailing_queue_ids":[],"_links":{"self":[{"href":"https:\/\/agora.xtec.cat\/escolasantjulia\/wp-json\/wp\/v2\/posts\/1513","targetHints":{"allow":["GET"]}}],"collection":[{"href":"https:\/\/agora.xtec.cat\/escolasantjulia\/wp-json\/wp\/v2\/posts"}],"about":[{"href":"https:\/\/agora.xtec.cat\/escolasantjulia\/wp-json\/wp\/v2\/types\/post"}],"author":[{"embeddable":true,"href":"https:\/\/agora.xtec.cat\/escolasantjulia\/wp-json\/wp\/v2\/users\/1"}],"replies":[{"embeddable":true,"href":"https:\/\/agora.xtec.cat\/escolasantjulia\/wp-json\/wp\/v2\/comments?post=1513"}],"version-history":[{"count":1,"href":"https:\/\/agora.xtec.cat\/escolasantjulia\/wp-json\/wp\/v2\/posts\/1513\/revisions"}],"predecessor-version":[{"id":1772,"href":"https:\/\/agora.xtec.cat\/escolasantjulia\/wp-json\/wp\/v2\/posts\/1513\/revisions\/1772"}],"wp:attachment":[{"href":"https:\/\/agora.xtec.cat\/escolasantjulia\/wp-json\/wp\/v2\/media?parent=1513"}],"wp:term":[{"taxonomy":"category","embeddable":true,"href":"https:\/\/agora.xtec.cat\/escolasantjulia\/wp-json\/wp\/v2\/categories?post=1513"},{"taxonomy":"post_tag","embeddable":true,"href":"https:\/\/agora.xtec.cat\/escolasantjulia\/wp-json\/wp\/v2\/tags?post=1513"}],"curies":[{"name":"wp","href":"https:\/\/api.w.org\/{rel}","templated":true}]}}