{"id":1491,"date":"2015-04-16T22:00:31","date_gmt":"2015-04-16T21:00:31","guid":{"rendered":"http:\/\/blocs.xtec.cat\/ceipstjulia\/?p=1491"},"modified":"2015-11-16T23:19:41","modified_gmt":"2015-11-16T22:19:41","slug":"4t-parlament-verd","status":"publish","type":"post","link":"https:\/\/agora.xtec.cat\/escolasantjulia\/general\/4t-parlament-verd\/","title":{"rendered":"4t Parlament Verd"},"content":{"rendered":"<p>El 14\/4\/15 hem celebrat el quart <span style=\"color: #008000;\"><strong>Parlament Verd<\/strong><\/span> de l\u2019escola Sant Juli\u00e0. Amb la incorporaci\u00f3 d\u2019alguns nous membres en representaci\u00f3 de les seves classes: la Sandra (1rA), l\u2019Ian ( 1rB), l\u2019 Elisabeth Oropesa ( 2nA), l\u2019 Elena Su\u00e1rez ( 2nB), El Ra\u00fal Contras ( 3rA), l\u2019Ainara Mesa (3rB), l\u2019 Abril Prieto ( 4rtA), L\u2019H\u00e9ctor Carretero ( 4rtB) , el Mourad Benayad (5\u00e8A), L\u2019Oriol Ribas ( 5\u00e9B), El Samuel Gal\u00e1n (6\u00e9A), l\u2019Iker Mej\u00edas ( 6\u00e9B) i el Nil Salanova (6\u00e9C).<br \/>\n\u2022 Hem parlat de que tot i haver fet un treball de conscienciaci\u00f3 d\u2019estalvi d\u2019energia ( concurs, xerrades \u2026) encara trobem moltes llums engegades a l\u2019escola, i que aix\u00f2 \u00e9s feina de tots, de mestres , per\u00f2 tamb\u00e9 d\u2019alumnes. Si veiem un llum engegat quan no cal, podem apagar-lo.<br \/>\n\u2022 Hem recordat que els anteriors parlamentaris van posar brides a les aixetes per estalviar el consum d\u2019aigua i amb aix\u00f2 estalviem uns set segons d\u2019aigua corrent.<br \/>\n\u2022 En quant a la festa de l\u2019escola Verda celebrada el passat 26\/03\/15 tots els parlamentaris en representaci\u00f3 de la seva classe, l\u2019han valorada for\u00e7a b\u00e9, els hi agrada dedicar un dia a cuidar el nostre entorn i esperen l\u2019any que ve tornar a celebrar-ho.<br \/>\n\u2022 Hem fet la valoraci\u00f3 del reciclatge del segon trimestre i les classes que millor han reciclat a la nostra escola han estat:<br \/>\n&#8211; P5 A i B &#8211; 6\u00e8C<br \/>\n&#8211; USEE &#8211; 4rtA<br \/>\n&#8211; 2nB<br \/>\nCom ha premi a la feina ben feta, els hi hem regalat unes plantes arom\u00e0tiques per decorar la seva classe.<br \/>\n<a href=\"http:\/\/s879.photobucket.com\/user\/EscolaSantJulia\/media\/2014-15\/ESCOLA%20VERDA\/PARLAMENT%20VERD%203T\/IMG_1743_zpsccli02yx.jpg.html\" target=\"_blank\"><img loading=\"lazy\" decoding=\"async\" class=\"\" src=\"http:\/\/i879.photobucket.com\/albums\/ab352\/EscolaSantJulia\/2014-15\/ESCOLA%20VERDA\/PARLAMENT%20VERD%203T\/IMG_1743_zpsccli02yx.jpg\" alt=\" photo IMG_1743_zpsccli02yx.jpg\" width=\"219\" height=\"175\" border=\"0\" \/><\/a> <a href=\"http:\/\/s879.photobucket.com\/user\/EscolaSantJulia\/media\/2014-15\/ESCOLA%20VERDA\/PARLAMENT%20VERD%203T\/IMG_1746_zpssxbufsbt.jpg.html\" target=\"_blank\"><img loading=\"lazy\" decoding=\"async\" class=\"\" src=\"http:\/\/i879.photobucket.com\/albums\/ab352\/EscolaSantJulia\/2014-15\/ESCOLA%20VERDA\/PARLAMENT%20VERD%203T\/IMG_1746_zpssxbufsbt.jpg\" alt=\" photo IMG_1746_zpssxbufsbt.jpg\" width=\"221\" height=\"173\" border=\"0\" \/><\/a> <a href=\"http:\/\/s879.photobucket.com\/user\/EscolaSantJulia\/media\/2014-15\/ESCOLA%20VERDA\/PARLAMENT%20VERD%203T\/IMG_1745_zpsngdzgwwz.jpg.html\" target=\"_blank\"><img loading=\"lazy\" decoding=\"async\" class=\"\" src=\"http:\/\/i879.photobucket.com\/albums\/ab352\/EscolaSantJulia\/2014-15\/ESCOLA%20VERDA\/PARLAMENT%20VERD%203T\/IMG_1745_zpsngdzgwwz.jpg\" alt=\" photo IMG_1745_zpsngdzgwwz.jpg\" width=\"218\" height=\"167\" border=\"0\" \/><\/a> <a href=\"http:\/\/s879.photobucket.com\/user\/EscolaSantJulia\/media\/2014-15\/ESCOLA%20VERDA\/PARLAMENT%20VERD%203T\/IMG_1747_zpspy9eet4g.jpg.html\" target=\"_blank\"><img loading=\"lazy\" decoding=\"async\" class=\"\" src=\"http:\/\/i879.photobucket.com\/albums\/ab352\/EscolaSantJulia\/2014-15\/ESCOLA%20VERDA\/PARLAMENT%20VERD%203T\/IMG_1747_zpspy9eet4g.jpg\" alt=\" photo IMG_1747_zpspy9eet4g.jpg\" width=\"218\" height=\"166\" border=\"0\" \/><\/a> <a href=\"http:\/\/s879.photobucket.com\/user\/EscolaSantJulia\/media\/2014-15\/ESCOLA%20VERDA\/PARLAMENT%20VERD%203T\/IMG_1744_zpssaqhffsl.jpg.html\" target=\"_blank\"><img loading=\"lazy\" decoding=\"async\" class=\"alignleft\" src=\"http:\/\/i879.photobucket.com\/albums\/ab352\/EscolaSantJulia\/2014-15\/ESCOLA%20VERDA\/PARLAMENT%20VERD%203T\/IMG_1744_zpssaqhffsl.jpg\" alt=\" photo IMG_1744_zpssaqhffsl.jpg\" width=\"307\" height=\"233\" border=\"0\" \/><\/a><\/p>\n","protected":false},"excerpt":{"rendered":"<p>El 14\/4\/15 hem celebrat el quart Parlament Verd de l\u2019escola Sant Juli\u00e0. Amb la incorporaci\u00f3 d\u2019alguns nous membres en representaci\u00f3 de les seves classes: la Sandra (1rA), l\u2019Ian ( 1rB), l\u2019 Elisabeth Oropesa ( 2nA), l\u2019 Elena Su\u00e1rez ( 2nB), El Ra\u00fal Contras ( 3rA), l\u2019Ainara Mesa (3rB), l\u2019 Abril Prieto ( 4rtA), L\u2019H\u00e9ctor Carretero [&hellip;]<\/p>\n","protected":false},"author":1,"featured_media":0,"comment_status":"open","ping_status":"open","sticky":false,"template":"","format":"standard","meta":{"_bbp_topic_count":0,"_bbp_reply_count":0,"_bbp_total_topic_count":0,"_bbp_total_reply_count":0,"_bbp_voice_count":0,"_bbp_anonymous_reply_count":0,"_bbp_topic_count_hidden":0,"_bbp_reply_count_hidden":0,"_bbp_forum_subforum_count":0,"site-sidebar-layout":"default","site-content-layout":"","ast-site-content-layout":"","site-content-style":"default","site-sidebar-style":"default","ast-global-header-display":"","ast-banner-title-visibility":"","ast-main-header-display":"","ast-hfb-above-header-display":"","ast-hfb-below-header-display":"","ast-hfb-mobile-header-display":"","site-post-title":"","ast-breadcrumbs-content":"","ast-featured-img":"","footer-sml-layout":"","theme-transparent-header-meta":"","adv-header-id-meta":"","stick-header-meta":"","header-above-stick-meta":"","header-main-stick-meta":"","header-below-stick-meta":"","astra-migrate-meta-layouts":"default","ast-page-background-enabled":"default","ast-page-background-meta":{"desktop":{"background-color":"var(--ast-global-color-4)","background-image":"","background-repeat":"repeat","background-position":"center center","background-size":"auto","background-attachment":"scroll","background-type":"","background-media":"","overlay-type":"","overlay-color":"","overlay-opacity":"","overlay-gradient":""},"tablet":{"background-color":"","background-image":"","background-repeat":"repeat","background-position":"center center","background-size":"auto","background-attachment":"scroll","background-type":"","background-media":"","overlay-type":"","overlay-color":"","overlay-opacity":"","overlay-gradient":""},"mobile":{"background-color":"","background-image":"","background-repeat":"repeat","background-position":"center center","background-size":"auto","background-attachment":"scroll","background-type":"","background-media":"","overlay-type":"","overlay-color":"","overlay-opacity":"","overlay-gradient":""}},"ast-content-background-meta":{"desktop":{"background-color":"var(--ast-global-color-5)","background-image":"","background-repeat":"repeat","background-position":"center center","background-size":"auto","background-attachment":"scroll","background-type":"","background-media":"","overlay-type":"","overlay-color":"","overlay-opacity":"","overlay-gradient":""},"tablet":{"background-color":"var(--ast-global-color-5)","background-image":"","background-repeat":"repeat","background-position":"center center","background-size":"auto","background-attachment":"scroll","background-type":"","background-media":"","overlay-type":"","overlay-color":"","overlay-opacity":"","overlay-gradient":""},"mobile":{"background-color":"var(--ast-global-color-5)","background-image":"","background-repeat":"repeat","background-position":"center center","background-size":"auto","background-attachment":"scroll","background-type":"","background-media":"","overlay-type":"","overlay-color":"","overlay-opacity":"","overlay-gradient":""}},"footnotes":""},"categories":[21,26,1,2,3,8,9,15,14,13,12,11,10],"tags":[92,139,157],"class_list":["post-1491","post","type-post","status-publish","format-standard","hentry","category-activitats-escola","category-escola-verda","category-general","category-infantil","category-p3","category-p4","category-p5","category-6e","category-5e","category-4t","category-3r","category-2n","category-1r","tag-escola-verda","tag-parlament-verd","tag-reciclar"],"post_mailing_queue_ids":[],"_links":{"self":[{"href":"https:\/\/agora.xtec.cat\/escolasantjulia\/wp-json\/wp\/v2\/posts\/1491","targetHints":{"allow":["GET"]}}],"collection":[{"href":"https:\/\/agora.xtec.cat\/escolasantjulia\/wp-json\/wp\/v2\/posts"}],"about":[{"href":"https:\/\/agora.xtec.cat\/escolasantjulia\/wp-json\/wp\/v2\/types\/post"}],"author":[{"embeddable":true,"href":"https:\/\/agora.xtec.cat\/escolasantjulia\/wp-json\/wp\/v2\/users\/1"}],"replies":[{"embeddable":true,"href":"https:\/\/agora.xtec.cat\/escolasantjulia\/wp-json\/wp\/v2\/comments?post=1491"}],"version-history":[{"count":1,"href":"https:\/\/agora.xtec.cat\/escolasantjulia\/wp-json\/wp\/v2\/posts\/1491\/revisions"}],"predecessor-version":[{"id":1952,"href":"https:\/\/agora.xtec.cat\/escolasantjulia\/wp-json\/wp\/v2\/posts\/1491\/revisions\/1952"}],"wp:attachment":[{"href":"https:\/\/agora.xtec.cat\/escolasantjulia\/wp-json\/wp\/v2\/media?parent=1491"}],"wp:term":[{"taxonomy":"category","embeddable":true,"href":"https:\/\/agora.xtec.cat\/escolasantjulia\/wp-json\/wp\/v2\/categories?post=1491"},{"taxonomy":"post_tag","embeddable":true,"href":"https:\/\/agora.xtec.cat\/escolasantjulia\/wp-json\/wp\/v2\/tags?post=1491"}],"curies":[{"name":"wp","href":"https:\/\/api.w.org\/{rel}","templated":true}]}}